{"id":645669,"date":"2026-01-06T21:50:16","date_gmt":"2026-01-06T21:50:16","guid":{"rendered":"https:\/\/www.europesays.com\/fr\/645669\/"},"modified":"2026-01-06T21:50:16","modified_gmt":"2026-01-06T21:50:16","slug":"le-centre-15-et-les-urgences-en-tension-au-chu-de-rennes-qui-declenche-son-plan-blanc","status":"publish","type":"post","link":"https:\/\/www.europesays.com\/fr\/645669\/","title":{"rendered":"Le centre 15 et les urgences en tension au CHU de Rennes qui d\u00e9clenche son plan blanc"},"content":{"rendered":"<p>Le CHU de Rennes d\u00e9clenche ce mardi 6 janvier son plan blanc, pour faire face \u00e0 l\u2019afflux d\u2019appels au 15 et de patients. Outre les \u00e9pid\u00e9mies, la gr\u00e8ve des m\u00e9decins lib\u00e9raux ne fait qu\u2019accentuer la pression sur l\u2019h\u00f4pital.<\/p>\n<p>Entre les \u00e9pid\u00e9mies hivernales, les accidents dus aux conditions m\u00e9t\u00e9o et\u00a0<a class=\"IciLink ici-link IciArticleLink g-ici-body-regular-1 underline brand svelte-1chfe2s\" href=\"https:\/\/www.francebleu.fr\/infos\/sante-sciences\/les-medecins-liberaux-entament-des-ce-lundi-une-greve-de-dix-jours-4552294\" target=\"_blank\" rel=\"noopener\">la gr\u00e8ve des m\u00e9decins lib\u00e9raux<\/a>, <strong>le CHU de Rennes fait face \u00e0 une situation de tr\u00e8s forte tension<\/strong>. Le SAMU \u2013 Centre 15 et le service d\u2019accueil des urgences adultes sont tr\u00e8s sollicit\u00e9s. En cons\u00e9quence, le CHU de Rennes a d\u00e9cid\u00e9 de d\u00e9clencher ce mardi 6 janvier, son plan blanc, afin d\u2019adapter son organisation \u00e0 la situation.<\/p>\n<p>Depuis plusieurs jours, <strong>le nombre d\u2019appels au Centre 15 a fortement augment\u00e9 \u00e0 Rennes<\/strong> et le service d\u2019accueil des urgences a enregistr\u00e9 une activit\u00e9 extr\u00eamement importante. C\u2019est que le pic \u00e9pid\u00e9mique est actuellement \u00e0 son plus haut niveau et les alternatives en cabinet m\u00e9dical de ville sont limit\u00e9es par la gr\u00e8ve entam\u00e9e ce lundi.<\/p>\n<p>En d\u00e9clenchant ce mardi soir son plan blanc, le CHU de Rennes veut adapter son organisation, en \u00ab\u00a0renfor\u00e7ant la mobilisation des \u00e9quipes\u00a0\u00bb et en rappelant aux usagers que \u00ab\u00a0le 15 doit \u00eatre r\u00e9serv\u00e9 aux urgences\u00a0\u00bb. <strong>Le CHU demande aussi le soutien de tous les \u00e9tablissements, publics et priv\u00e9s<\/strong>, pour participer \u00e0 la prise en charge des hospitalisations non-programm\u00e9es des patients admis aux urgences. \u00ab\u00a0Pour le moment \u00e7a tient\u00a0\u00bb, alerte\u00a0Jean-Yves Gauvrit, le Pr\u00e9sident de la commission m\u00e9dicale d\u2019\u00e9tablissement<\/p>\n<p>loading<\/p>\n<p>La prise en charge des urgences vitales reste garantie, qu\u2019il s\u2019agisse de patients pris en charge par le SMUR, les pompiers ou les ambulances. L\u2019accueil des patientes enceintes dans les maternit\u00e9s est assur\u00e9 24h\/24 et 7j\/7.<\/p>\n","protected":false},"excerpt":{"rendered":"Le CHU de Rennes d\u00e9clenche ce mardi 6 janvier son plan blanc, pour faire face \u00e0 l\u2019afflux d\u2019appels&hellip;\n","protected":false},"author":2,"featured_media":645670,"comment_status":"","ping_status":"","sticky":false,"template":"","format":"standard","meta":{"footnotes":""},"categories":[2821],"tags":[1111,11,829,1777,674,1011,27,12,584,25],"class_list":{"0":"post-645669","1":"post","2":"type-post","3":"status-publish","4":"format-standard","5":"has-post-thumbnail","7":"category-rennes","8":"tag-actu","9":"tag-actualites","10":"tag-bretagne","11":"tag-eu","12":"tag-europe","13":"tag-fr","14":"tag-france","15":"tag-news","16":"tag-rennes","17":"tag-republique-francaise"},"share_on_mastodon":{"url":"https:\/\/pubeurope.com\/@fr\/115850367785024932","error":""},"_links":{"self":[{"href":"https:\/\/www.europesays.com\/fr\/wp-json\/wp\/v2\/posts\/645669","targetHints":{"allow":["GET"]}}],"collection":[{"href":"https:\/\/www.europesays.com\/fr\/wp-json\/wp\/v2\/posts"}],"about":[{"href":"https:\/\/www.europesays.com\/fr\/wp-json\/wp\/v2\/types\/post"}],"author":[{"embeddable":true,"href":"https:\/\/www.europesays.com\/fr\/wp-json\/wp\/v2\/users\/2"}],"replies":[{"embeddable":true,"href":"https:\/\/www.europesays.com\/fr\/wp-json\/wp\/v2\/comments?post=645669"}],"version-history":[{"count":0,"href":"https:\/\/www.europesays.com\/fr\/wp-json\/wp\/v2\/posts\/645669\/revisions"}],"wp:featuredmedia":[{"embeddable":true,"href":"https:\/\/www.europesays.com\/fr\/wp-json\/wp\/v2\/media\/645670"}],"wp:attachment":[{"href":"https:\/\/www.europesays.com\/fr\/wp-json\/wp\/v2\/media?parent=645669"}],"wp:term":[{"taxonomy":"category","embeddable":true,"href":"https:\/\/www.europesays.com\/fr\/wp-json\/wp\/v2\/categories?post=645669"},{"taxonomy":"post_tag","embeddable":true,"href":"https:\/\/www.europesays.com\/fr\/wp-json\/wp\/v2\/tags?post=645669"}],"curies":[{"name":"wp","href":"https:\/\/api.w.org\/{rel}","templated":true}]}}