{"id":645671,"date":"2026-01-06T21:51:17","date_gmt":"2026-01-06T21:51:17","guid":{"rendered":"https:\/\/www.europesays.com\/fr\/645671\/"},"modified":"2026-01-06T21:51:17","modified_gmt":"2026-01-06T21:51:17","slug":"linstitution-paco-de-maria-remplacee-par-un-fast-food","status":"publish","type":"post","link":"https:\/\/www.europesays.com\/fr\/645671\/","title":{"rendered":"l\u2019institution Paco de Maria remplac\u00e9e par un fast-food"},"content":{"rendered":"<p>    <img loading=\"lazy\" width=\"1800\" height=\"900\" src=\"https:\/\/www.europesays.com\/fr\/wp-content\/uploads\/2025\/11\/jeanne-callthepolice.jpg\" class=\"attachment-full size-full\" alt=\"\" id=\"imageLove\" decoding=\"async\"  \/><\/p>\n<p id=\"breadcrumbs\"><a href=\"https:\/\/pokaa.fr\/\" target=\"_blank\" rel=\"noopener\">Accueil<\/a> \/ <a href=\"https:\/\/pokaa.fr\/categories\/actu\/\" target=\"_blank\" rel=\"noopener\">Info locale<\/a> \/ Mauvaise nouvelle au Neudorf : l\u2019institution Paco de Maria remplac\u00e9e par un fast-food<\/p>\n<p>                    Info locale<\/p>\n<p><strong>Le restaurant espagnol Paco de Maria, nich\u00e9 au Neudorf, a ferm\u00e9 ses portes le 13 juillet dernier. Depuis, si son g\u00e9rant continue en tant que traiteur, son commerce a trouv\u00e9 un repreneur. Il est remplac\u00e9 par O\u2019Savor, un nouveau fast-food qui propose des burgers, sandwichs, tacos et tasty crousty \u00e0 petits prix aux Strasbourgeois(es).<\/strong><\/p>\n<p class=\"p1\">La restauration rapide s\u2019implante de plus en plus \u00e0 Strasbourg. <b>On vous parlait il y a quelques mois de la tendance des fast-foods du peuple, ces restaurants privil\u00e9giant la quantit\u00e9 \u00e0 petit prix \u00e0 la qualit\u00e9<\/b>. Cette tendance est suivie d\u2019une autre, celle des tasty crousty, avec ses grosses barquettes de riz, sa blinde de poulet frit et son \u00e9norme dose de sauces.<\/p>\n<p>                <a href=\"https:\/\/pokaa.fr\/2025\/10\/14\/poulet-frit-riz-sauces-cheesy-cest-quoi-ces-tasty-crousty-qui-arrivent-a-strasbourg\/\" target=\"_blank\" rel=\"noopener\"><br \/>\n                    <img width=\"450\" height=\"270\" src=\"https:\/\/www.europesays.com\/fr\/wp-content\/uploads\/2026\/01\/kdkd-450x270.png\" class=\"attachment-card-horizontal--same-subject size-card-horizontal--same-subject wp-post-image\" alt=\"\" decoding=\"async\" loading=\"lazy\"\/>                <\/a><\/p>\n<p><b>Au Neudorf, au 67 rue Saint-Urbain, un nouveau restaurant va m\u00e9langer les deux tendances : O\u2019Savor<\/b>. Proposant des burgers \u00e0 5\u20ac, des tacos XL \u00e0 10,90\u20ac, des box L de tasty crousty \u00e0 8,90\u20ac et des sandwichs \u00e0 5,50\u20ac, il promet de la nourriture grasse, bourrative et pas tr\u00e8s ch\u00e8re. Surtout, cette arriv\u00e9e ent\u00e9rine le d\u00e9part d\u2019une institution espagnole du quartier : Paco de Maria.<\/p>\n<p>    <img width=\"600\" height=\"574\" src=\"https:\/\/www.europesays.com\/fr\/wp-content\/uploads\/2026\/01\/606906007-10235302908864928-3123151312834305127-n-600x574.jpg\" class=\"attachment-image-size-M size-image-size-M\" alt=\"o savor\" decoding=\"async\" loading=\"lazy\"  \/>         \u00a9 Claude La Cigogne Toqu\u00e9e &#8211; Groupe Facebook du Neudorf \/ Capture d&rsquo;\u00e9cran <\/p>\n<p>Un d\u00e9part officiel depuis juillet<\/p>\n<p class=\"p1\">Si le rempla\u00e7ant est connu depuis peu, le d\u00e9part de Paco de Maria est effectif depuis le mois de juillet. En effet, <strong>l<\/strong><b>e restaurateur espagnol embl\u00e9matique avait<a href=\"https:\/\/www.facebook.com\/pacodemaria67\/posts\/pfbid02XsKYTtUso4Leh6qiR1zMuwCh7bQ7kn3TbEUJfa9F8M6qdFfxPGeMdEhjdU3kACaEl?locale=fr_FR\" target=\"_blank\" rel=\"noopener\"> annonc\u00e9 sur les r\u00e9seaux sociaux<\/a> la fin de 18 ans d\u2019aventure,<\/b> non sans \u00e9motion.<\/p>\n<p>    <img width=\"800\" height=\"457\" src=\"https:\/\/www.europesays.com\/fr\/wp-content\/uploads\/2026\/01\/c1-800x457.jpg\" class=\"attachment-image-size-L size-image-size-L\" alt=\"couv janvier 2026\" decoding=\"async\" loading=\"lazy\"  \/>         \u00a9 Google Maps \/ Capture d&rsquo;\u00e9cran <\/p>\n<p>Depuis septembre, <b>il officie r\u00e9guli\u00e8rement comme traiteur et \u00e9picier espagnol, proposant des paellas, comme r\u00e9cemment pour le R\u00e9veillon<\/b>. Il pourra \u00e9galement faire chef \u00e0 domicile. Mais pour le quartier du Neudorf, c\u2019est donc la fin d\u2019une aventure, avec l\u2019arriv\u00e9e d\u2019un nouveau fast-food.<\/p>\n<p>                <img width=\"750\" height=\"500\" src=\"https:\/\/www.europesays.com\/fr\/wp-content\/uploads\/2026\/01\/paco-de-mariaimg_8719.jpg\" class=\"attachment-gallery size-gallery\" alt=\"Paco de Maria\" data-full-url=\"https:\/\/www.europesays.com\/fr\/wp-content\/uploads\/2026\/01\/paco-de-mariaimg_8719.jpg\" decoding=\"async\" loading=\"lazy\"  \/>            <\/p>\n<p>                <img width=\"375\" height=\"500\" src=\"https:\/\/www.europesays.com\/fr\/wp-content\/uploads\/2026\/01\/485303831-1207749134687790-3513317393136707787-n-375x500.jpg\" class=\"attachment-gallery size-gallery\" alt=\"Paco de Maria\" data-full-url=\"https:\/\/pokaa.fr\/wp-content\/uploads\/2026\/01\/06\/485303831-1207749134687790-3513317393136707787-n-1500x2000.jpg\" decoding=\"async\" loading=\"lazy\"  \/>            <\/p>\n<p>                <img width=\"750\" height=\"500\" src=\"https:\/\/www.europesays.com\/fr\/wp-content\/uploads\/2026\/01\/598523333-10164042573468217-2801707314550744460-n-750x500.jpg\" class=\"attachment-gallery size-gallery\" alt=\"Paco de Maria\" data-full-url=\"https:\/\/pokaa.fr\/wp-content\/uploads\/2026\/01\/06\/598523333-10164042573468217-2801707314550744460-n.jpg\" decoding=\"async\" loading=\"lazy\"  \/>            <\/p>\n<p>                    1. \u00a9 Pokaa ; 2. 3. \u00a9 Page Facebook de Maco de Maria \/ Captures d&rsquo;\u00e9cran<\/p>\n","protected":false},"excerpt":{"rendered":"Accueil \/ Info locale \/ Mauvaise nouvelle au Neudorf : l\u2019institution Paco de Maria remplac\u00e9e par un fast-food&hellip;\n","protected":false},"author":2,"featured_media":645672,"comment_status":"","ping_status":"","sticky":false,"template":"","format":"standard","meta":{"footnotes":""},"categories":[2820],"tags":[1111,11,1777,674,16827,1011,27,775,2894,12,25,640,58524],"class_list":{"0":"post-645671","1":"post","2":"type-post","3":"status-publish","4":"format-standard","5":"has-post-thumbnail","7":"category-strasbourg","8":"tag-actu","9":"tag-actualites","10":"tag-eu","11":"tag-europe","12":"tag-fast-food","13":"tag-fr","14":"tag-france","15":"tag-grand-est","16":"tag-neudorf","17":"tag-news","18":"tag-republique-francaise","19":"tag-strasbourg","20":"tag-strasbourg-actualite"},"share_on_mastodon":{"url":"https:\/\/pubeurope.com\/@fr\/115850372050473445","error":""},"_links":{"self":[{"href":"https:\/\/www.europesays.com\/fr\/wp-json\/wp\/v2\/posts\/645671","targetHints":{"allow":["GET"]}}],"collection":[{"href":"https:\/\/www.europesays.com\/fr\/wp-json\/wp\/v2\/posts"}],"about":[{"href":"https:\/\/www.europesays.com\/fr\/wp-json\/wp\/v2\/types\/post"}],"author":[{"embeddable":true,"href":"https:\/\/www.europesays.com\/fr\/wp-json\/wp\/v2\/users\/2"}],"replies":[{"embeddable":true,"href":"https:\/\/www.europesays.com\/fr\/wp-json\/wp\/v2\/comments?post=645671"}],"version-history":[{"count":0,"href":"https:\/\/www.europesays.com\/fr\/wp-json\/wp\/v2\/posts\/645671\/revisions"}],"wp:featuredmedia":[{"embeddable":true,"href":"https:\/\/www.europesays.com\/fr\/wp-json\/wp\/v2\/media\/645672"}],"wp:attachment":[{"href":"https:\/\/www.europesays.com\/fr\/wp-json\/wp\/v2\/media?parent=645671"}],"wp:term":[{"taxonomy":"category","embeddable":true,"href":"https:\/\/www.europesays.com\/fr\/wp-json\/wp\/v2\/categories?post=645671"},{"taxonomy":"post_tag","embeddable":true,"href":"https:\/\/www.europesays.com\/fr\/wp-json\/wp\/v2\/tags?post=645671"}],"curies":[{"name":"wp","href":"https:\/\/api.w.org\/{rel}","templated":true}]}}