{"id":645681,"date":"2026-01-06T21:56:32","date_gmt":"2026-01-06T21:56:32","guid":{"rendered":"https:\/\/www.europesays.com\/fr\/645681\/"},"modified":"2026-01-06T21:56:32","modified_gmt":"2026-01-06T21:56:32","slug":"six-aeroports-dont-celui-de-nantes-fermes-ce-mardi-mais-pas-a-paris","status":"publish","type":"post","link":"https:\/\/www.europesays.com\/fr\/645681\/","title":{"rendered":"Six a\u00e9roports, dont celui de Nantes, ferm\u00e9s ce mardi, mais pas \u00e0 Paris"},"content":{"rendered":"<p>Les chutes de <a href=\"https:\/\/www.20minutes.fr\/dossier\/neige\" class=\"c-link c-link--is-underlined\" target=\"_blank\" rel=\"noopener\">neige <\/a>et les \u00e9pisodes de verglas <a href=\"https:\/\/www.20minutes.fr\/societe\/4194520-20260106-direct-neige-verglas-jusqu-10-heures-26-departements-vigilance-orange\" class=\"c-link c-link--is-underlined\" target=\"_blank\" rel=\"noopener\">continuent d\u2019entra\u00eener des perturbations<\/a>. Six a\u00e9roports de l\u2019ouest de la France, dont celui de Nantes, <a href=\"https:\/\/www.20minutes.fr\/planete\/4194564-20260106-grand-froid-temperature-reelle-temperature-ressentie-explique-difference\" class=\"c-link c-link--is-underlined\" target=\"_blank\" rel=\"noopener\">sont ferm\u00e9s<\/a> mardi matin. Les deux principaux a\u00e9roports fran\u00e7ais, ceux d\u2019Orly et de Roissy Charles-de-Gaulle en Ile-de-France, sont quant \u00e0 eux ouverts.<\/p>\n<p>\u00ab\u00a0Les perturbations <a href=\"https:\/\/www.20minutes.fr\/societe\/4194538-20260106-pourquoi-neige-fascine-autant\" class=\"c-link c-link--is-underlined\" target=\"_blank\" rel=\"noopener\">li\u00e9es \u00e0 la neige<\/a> et au verglas entra\u00eenent les fermetures suivantes d\u2019a\u00e9roports ce [mardi] matin\u00a0: Nantes, Vatry (pr\u00e8s de Ch\u00e2lons-en-Champagne), La\u00a0Rochelle, Albert Bray (pr\u00e8s d\u2019Amiens), Saint-Nazaire, et Brest\u00a0\u00bb a indiqu\u00e9 le minist\u00e8re dans un point de situation national r\u00e9alis\u00e9 \u00e0 10 heures. Il n\u2019y a \u00ab\u00a0aucune r\u00e9duction de programme de vols pr\u00e9vue pour les a\u00e9roports parisiens\u00a0\u00bb, a-t-il pr\u00e9cis\u00e9.<\/p>\n<p>De l\u2019am\u00e9lioration sur les routes<\/p>\n<p>Sur les routes, le minist\u00e8re des Transports juge que la situation est \u00ab\u00a0globalement ma\u00eetris\u00e9e\u00a0\u00bb sur le r\u00e9seau \u00ab\u00a0structurant\u00a0\u00bb, \u00e0 savoir les principaux axes, m\u00eame si des difficult\u00e9s peuvent survenir sur les routes au niveau local.<\/p>\n<p>A 10 heures, 309 km de route sur le r\u00e9seau national pr\u00e9sentaient des situations de conduite \u00ab\u00a0difficiles\u00a0\u00bb, ce qui repr\u00e9sente 1,5\u00a0% des 20.000 km du r\u00e9seau routier dit \u00ab\u00a0structurant\u00a0\u00bb, a pr\u00e9cis\u00e9 le minist\u00e8re.<\/p>\n<p>C\u2019est sans surprise dans l\u2019ouest de la France que la circulation est la plus difficile, notamment autour de Nantes et en Charente-Maritime, avec une am\u00e9lioration vers 10 heures sur l\u2019axe Rennes-Nantes, selon la m\u00eame source.<\/p>\n<p>Des difficult\u00e9s sur certaines lignes de trains<\/p>\n<p>En Ile-de-France, l\u2019ensemble du r\u00e9seau routier national est en condition de circulation \u00ab\u00a0normale\u00a0\u00bb en d\u00e9but de matin\u00e9e \u00e0 l\u2019exception de plusieurs axes en Seine-et-Marne.<\/p>\n<p>Sur le r\u00e9seau RATP, \u00e0 10 heures, 35\u00a0% des lignes de bus fonctionnaient \u00e0 Paris et dans la petite couronne, soit 90 lignes sur 340, contre 28 plus t\u00f4t dans la matin\u00e9e.<\/p>\n<p>C\u00f4t\u00e9 SNCF, les principales difficult\u00e9s sont en Nouvelle-Aquitaine, et les Pays de Loire, avec des interruptions de circulation entre La\u00a0Rochelle et Poitiers, et entre la\u00a0Rochelle et Bordeaux. La limitation de vitesse des TGV sur certaines lignes provoque par ailleurs des retards de cinq \u00e0 vingt minutes.<\/p>\n","protected":false},"excerpt":{"rendered":"Les chutes de neige et les \u00e9pisodes de verglas continuent d\u2019entra\u00eener des perturbations. Six a\u00e9roports de l\u2019ouest de&hellip;\n","protected":false},"author":2,"featured_media":645682,"comment_status":"","ping_status":"","sticky":false,"template":"","format":"standard","meta":{"footnotes":""},"categories":[2818],"tags":[1111,47,11,663,659,69893,2218,1777,674,1011,27,3447,662,2217,3047,766,10584,12,2219,626,2636,2220,25,104,66801],"class_list":{"0":"post-645681","1":"post","2":"type-post","3":"status-publish","4":"format-standard","5":"has-post-thumbnail","7":"category-nantes","8":"tag-actu","9":"tag-actualite","10":"tag-actualites","11":"tag-aeroport","12":"tag-aeroport-dorly","13":"tag-aeroport-roissy-cdg","14":"tag-charente-maritime","15":"tag-eu","16":"tag-europe","17":"tag-fr","18":"tag-france","19":"tag-froid","20":"tag-ile-de-france","21":"tag-la-rochelle","22":"tag-loire-atlantique","23":"tag-nantes","24":"tag-neige","25":"tag-news","26":"tag-nouvelle-aquitaine","27":"tag-paris","28":"tag-pays-de-la-loire","29":"tag-poitou-charentes","30":"tag-republique-francaise","31":"tag-societe","32":"tag-verglas"},"share_on_mastodon":{"url":"https:\/\/pubeurope.com\/@fr\/115850391296819427","error":""},"_links":{"self":[{"href":"https:\/\/www.europesays.com\/fr\/wp-json\/wp\/v2\/posts\/645681","targetHints":{"allow":["GET"]}}],"collection":[{"href":"https:\/\/www.europesays.com\/fr\/wp-json\/wp\/v2\/posts"}],"about":[{"href":"https:\/\/www.europesays.com\/fr\/wp-json\/wp\/v2\/types\/post"}],"author":[{"embeddable":true,"href":"https:\/\/www.europesays.com\/fr\/wp-json\/wp\/v2\/users\/2"}],"replies":[{"embeddable":true,"href":"https:\/\/www.europesays.com\/fr\/wp-json\/wp\/v2\/comments?post=645681"}],"version-history":[{"count":0,"href":"https:\/\/www.europesays.com\/fr\/wp-json\/wp\/v2\/posts\/645681\/revisions"}],"wp:featuredmedia":[{"embeddable":true,"href":"https:\/\/www.europesays.com\/fr\/wp-json\/wp\/v2\/media\/645682"}],"wp:attachment":[{"href":"https:\/\/www.europesays.com\/fr\/wp-json\/wp\/v2\/media?parent=645681"}],"wp:term":[{"taxonomy":"category","embeddable":true,"href":"https:\/\/www.europesays.com\/fr\/wp-json\/wp\/v2\/categories?post=645681"},{"taxonomy":"post_tag","embeddable":true,"href":"https:\/\/www.europesays.com\/fr\/wp-json\/wp\/v2\/tags?post=645681"}],"curies":[{"name":"wp","href":"https:\/\/api.w.org\/{rel}","templated":true}]}}