{"id":645693,"date":"2026-01-06T22:02:20","date_gmt":"2026-01-06T22:02:20","guid":{"rendered":"https:\/\/www.europesays.com\/fr\/645693\/"},"modified":"2026-01-06T22:02:20","modified_gmt":"2026-01-06T22:02:20","slug":"rencontre-avec-un-faiseur-de-geants-lille-terre-de-geants-le-patrimoine-lillois-decouvrir-lille-que-faire-a-lille","status":"publish","type":"post","link":"https:\/\/www.europesays.com\/fr\/645693\/","title":{"rendered":"Rencontre avec un faiseur de g\u00e9ants \/ Lille, terre de g\u00e9ants \/ Le patrimoine lillois \/ D\u00e9couvrir Lille \/ Que faire \u00e0 Lille ?"},"content":{"rendered":"<p>Dorian Demarcq est un faiseur de g\u00e9ants. Il les invente, les con\u00e7oit et les restaure aussi. Mais pas tout seul ! Avant de se mettre au travail, chaque projet commence par une rencontre et des \u00e9changes avec les commanditaires que sont les villes, les associations ou les collectifs, afin de d\u00e9terminer ce qu\u2019ils veulent raconter et mettre en avant.<\/p>\n<p>\u00ab Je r\u00e9alise d\u2019abord un dessin du futur g\u00e9ant pour arriver \u00e0 un projet qui convienne \u00e0 tout le monde. Il sera ma ligne directrice jusqu\u2019au bout. \u00bb Il n\u2019y a pas d\u2019\u00e9cole pour faire des g\u00e9ants. <strong>C\u2019est en 1999, dipl\u00f4m\u00e9 de l\u2019\u00c9cole sup\u00e9rieure d\u2019art appliqu\u00e9 de Roubaix, qu\u2019il rencontre St\u00e9phane Deleurence, artiste plasticien sp\u00e9cialiste des \u00ab colosses \u00bb<\/strong>. \u00c0 ses c\u00f4t\u00e9s, <strong>il participe \u00e0 la renaissance de Lyd\u00e9ric et Phinaert, d\u00e9truits lors d\u2019un incendie<\/strong>.<\/p>\n<p><strong>Na\u00eetront de son imagination Narcisse, le Cord\u00e9onneux, B\u00e9b\u00e9camoule et des dizaines d\u2019autres<\/strong>. Il n\u2019existe pas non plus de moule \u00e0 g\u00e9ant. Chacun est unique. Seuls varient la taille (de 2 \u00e0 plus de 9 m\u00e8tres de haut) et le poids (de 20 kg \u00e0 300 kg), mais<strong>\u00a0tous racontent une histoire, un personnage, un fait historique ou un m\u00e9tier<\/strong>.<\/p>\n<p>Artiste aux multiples casquettes<\/p>\n<p>Ce jour-l\u00e0, dans son atelier, le futur g\u00e9ant de Douvrin prend vie. Il n\u2019est pour l\u2019instant qu\u2019une \u00e9norme boule de glaise dans laquelle Dorian sculpte le visage et les expressions du bonhomme. Le moulage de la t\u00eate sera ensuite recouvert de nombreuses couches de papier. \u00ab L\u2019\u00e9tape d\u00e9licate est d\u2019enlever la terre de l\u2019int\u00e9rieur quand le papier est sec ! \u00bb Le sculpteur-modeleur deviendra alors peintre pour donner couleurs et \u00e9motions au visage.<\/p>\n<p>Entre-temps, Dorian aura enfil\u00e9 sa casquette de vannier. Le squelette du g\u00e9ant est r\u00e9alis\u00e9 de bois et d\u2019osier produits dans la r\u00e9gion. Les brins tress\u00e9s entre eux forment le \u00ab panier \u00bb, solide et l\u00e9ger, qui dissimulera les porteurs. La touche finale sera donn\u00e9e par Nicole, couturi\u00e8re et complice. <strong>L\u2019artiste revendique l\u2019usage du bois, de l\u2019osier, du papier, loin des r\u00e9sines des ann\u00e9es 80 qui se d\u00e9sagr\u00e8gent<\/strong>. \u00ab M\u00eame s\u2019il n\u2019y a pas de r\u00e8gles, ni de charte pr\u00e9cise pour construire un g\u00e9ant, les reuzes de Cassel ont deux si\u00e8cles. Ces mat\u00e9riaux ont fait leurs preuves ! \u00bb<\/p>\n<p><strong>Pour lui, le g\u00e9ant est important, les techniques de r\u00e9alisation aussi<\/strong>. Mais ce qui l\u2019est tout autant est le devenir de cet objet : \u00ab C\u2019est la vraie question. Certains sont \u00e0 l\u2019abri, stock\u00e9s comme dans un mus\u00e9e. On pense qu\u2019on leur porte une attention mais ce n\u2019est pas leur vocation. <strong>Les g\u00e9ants sont vivants, faits pour danser dans les rues, pour rassembler les gens et s\u2019amuser avec eux. Ils sont un pr\u00e9texte \u00e0 faire la f\u00eate ! \u00bb <\/strong><\/p>\n<p>\u25cf PAR SABINE DUEZ<\/p>\n","protected":false},"excerpt":{"rendered":"Dorian Demarcq est un faiseur de g\u00e9ants. Il les invente, les con\u00e7oit et les restaure aussi. Mais pas&hellip;\n","protected":false},"author":2,"featured_media":645694,"comment_status":"","ping_status":"","sticky":false,"template":"","format":"standard","meta":{"footnotes":""},"categories":[2815],"tags":[1111,11,4763,1777,674,1011,27,811,1307,5415,12,25],"class_list":{"0":"post-645693","1":"post","2":"type-post","3":"status-publish","4":"format-standard","5":"has-post-thumbnail","7":"category-lille","8":"tag-actu","9":"tag-actualites","10":"tag-agenda","11":"tag-eu","12":"tag-europe","13":"tag-fr","14":"tag-france","15":"tag-hauts-de-france","16":"tag-lille","17":"tag-mairie","18":"tag-news","19":"tag-republique-francaise"},"share_on_mastodon":{"url":"https:\/\/pubeurope.com\/@fr\/115850414975750590","error":""},"_links":{"self":[{"href":"https:\/\/www.europesays.com\/fr\/wp-json\/wp\/v2\/posts\/645693","targetHints":{"allow":["GET"]}}],"collection":[{"href":"https:\/\/www.europesays.com\/fr\/wp-json\/wp\/v2\/posts"}],"about":[{"href":"https:\/\/www.europesays.com\/fr\/wp-json\/wp\/v2\/types\/post"}],"author":[{"embeddable":true,"href":"https:\/\/www.europesays.com\/fr\/wp-json\/wp\/v2\/users\/2"}],"replies":[{"embeddable":true,"href":"https:\/\/www.europesays.com\/fr\/wp-json\/wp\/v2\/comments?post=645693"}],"version-history":[{"count":0,"href":"https:\/\/www.europesays.com\/fr\/wp-json\/wp\/v2\/posts\/645693\/revisions"}],"wp:featuredmedia":[{"embeddable":true,"href":"https:\/\/www.europesays.com\/fr\/wp-json\/wp\/v2\/media\/645694"}],"wp:attachment":[{"href":"https:\/\/www.europesays.com\/fr\/wp-json\/wp\/v2\/media?parent=645693"}],"wp:term":[{"taxonomy":"category","embeddable":true,"href":"https:\/\/www.europesays.com\/fr\/wp-json\/wp\/v2\/categories?post=645693"},{"taxonomy":"post_tag","embeddable":true,"href":"https:\/\/www.europesays.com\/fr\/wp-json\/wp\/v2\/tags?post=645693"}],"curies":[{"name":"wp","href":"https:\/\/api.w.org\/{rel}","templated":true}]}}