{"id":645695,"date":"2026-01-06T22:03:13","date_gmt":"2026-01-06T22:03:13","guid":{"rendered":"https:\/\/www.europesays.com\/fr\/645695\/"},"modified":"2026-01-06T22:03:13","modified_gmt":"2026-01-06T22:03:13","slug":"les-images-des-scenes-de-liesse-sur-le-vieux-port-de-marseille-apres-la-victoire-des-fennecs","status":"publish","type":"post","link":"https:\/\/www.europesays.com\/fr\/645695\/","title":{"rendered":"les images des sc\u00e8nes de liesse sur le Vieux-Port de Marseille apr\u00e8s la victoire des Fennecs"},"content":{"rendered":"<p>Le vent glacial dans le centre-ville ne suffit pas \u00e0 refroidir la ferveur alg\u00e9rienne. Il est 17h, ce mardi 6 janvier, quand une partie de Belsunce et de Noailles (1er) s\u2019arr\u00eate. Les caf\u00e9s du secteur se remplissent, les supporters flanqu\u00e9s de drapeaux vert-blanc-rouge d\u00e9bordent sur les terrasses et les yeux se rivent sur les t\u00e9l\u00e9s pour le d\u00e9but du <a href=\"https:\/\/www.laprovence.com\/article\/sports\/48970328051904\/can-au-bout-du-suspense-lalgerie-elimine-la-rdc-et-file-vers-les-quarts-de-finale\" target=\"_blank\" rel=\"noopener\">huiti\u00e8me de finale entre l\u2019Alg\u00e9rie et la R\u00e9publique d\u00e9mocratique du Congo<\/a>.<\/p>\n<p>\u00c0 Marseille comme \u00e0 Rabat, o\u00f9 se d\u00e9roule ce match couperet, la tension est palpable et les sourires d\u2019avant match laissent vite place \u00e0 des visages ferm\u00e9s.<\/p>\n<p>\u00ab\u00a0C\u2019est ici, en centre-ville qu\u2019il faut vivre ces matches\u00a0\u00bb<\/p>\n<p>\u00ab\u00a0On est un peu tendu, conc\u00e8de Abdel. Ce jeune supporter alg\u00e9rien de 27\u00a0ans se fraye un chemin \u00e0 l\u2019arri\u00e8re de la terrasse bond\u00e9e pour apercevoir un morceau d\u2019\u00e9cran. Je travaille \u00e0 Gardanne mais je me suis d\u00e9p\u00each\u00e9 pour arriver \u00e0 l\u2019heure. Les matches de l\u2019Alg\u00e9rie, c\u2019est ici, en centre-ville qu\u2019il faut les vivre.\u00a0\u00bb<\/p>\n<p>Car autant que le r\u00e9sultat, c\u2019est l\u2019exp\u00e9rience d\u2019un engouement collectif que ces fid\u00e8les des Fennecs sont venus partager. Et malgr\u00e9 un d\u00e9but de match sans occasion et des Verts timides, un simple d\u00e9bordement d\u2019Amoura ou un sauvetage de Luca Zidane suffisent \u00e0 d\u00e9clencher les cris de la foule. Devant le Sultan sur le cours Belsunce, les derboukas et les chants r\u00e9chauffent encore l\u2019atmosph\u00e8re. \u00ab\u00a0On ne voit pas trop l\u2019\u00e9cran et il y a pas mal de stress, livre Nisrine, venue de Salon pour \u00ab\u00a0vivre l\u2019exp\u00e9rience\u00a0\u00bb. J\u2019ai fait le d\u00e9but de la CAN au Maroc mais j\u2019ai \u00e9t\u00e9 oblig\u00e9e de rentrer pour mes \u00e9tudes. L\u2019ambiance est un peu moins chaude ici qu\u2019au Maroc mais la ferveur est l\u00e0. M\u00eame si la RDC est solide, on y croit !\u00a0\u00bb<\/p>\n<p>\u00ab\u00a0Irrespirable\u00a0\u00bb<br \/>\n<img alt=\"Des centaines de Marseillais ont converg\u00e9 vers le Vieux-Port (pi\u00e9tonis\u00e9 par la Pr\u00e9fecture pour l'occasion) pour partager leur joie apr\u00e8s le match.\" loading=\"lazy\" decoding=\"async\" data-nimg=\"fill\" class=\" TwicCore_img__i9TC1 undefined  undefined\" style=\"position:absolute;height:100%;width:100%;left:0;top:0;right:0;bottom:0;color:transparent;background-size:cover;background-position:50% 50%;background-repeat:no-repeat;background-image:url(&quot;data:image\/svg+xml;charset=utf-8,%3Csvg xmlns='http:\/\/www.w3.org\/2000\/svg' %3E%3Cfilter id='b' color-interpolation-filters='sRGB'%3E%3CfeGaussianBlur stdDeviation='20'\/%3E%3CfeColorMatrix values='1 0 0 0 0 0 1 0 0 0 0 0 1 0 0 0 0 0 100 -1' result='s'\/%3E%3CfeFlood x='0' y='0' width='100%25' height='100%25'\/%3E%3CfeComposite operator='out' in='s'\/%3E%3CfeComposite in2='SourceGraphic'\/%3E%3CfeGaussianBlur stdDeviation='20'\/%3E%3C\/filter%3E%3Cimage width='100%25' height='100%25' x='0' y='0' preserveAspectRatio='none' style='filter: url(%23b);' href='https:\/\/pictures.laprovence.com\/cdn-cgi\/image\/blur=250\/media\/melody\/2026\/01\/06\/ambiance-match-football-algerie-060126dri03-1767732267_eeaca17a6d59633bca17a6d5947bcav_.jpg'\/%3E%3C\/svg%3E&quot;)\"   src=\"https:\/\/www.europesays.com\/fr\/wp-content\/uploads\/2026\/01\/ambiance-match-football-algerie-060126dri03-1767732267_eeaca17a6d59633bca17a6d5947bcav_.jpg\"\/>Des centaines de Marseillais ont converg\u00e9 vers le Vieux-Port (pi\u00e9tonis\u00e9 par la Pr\u00e9fecture pour l&rsquo;occasion) pour partager leur joie apr\u00e8s le match. Photo David Rossi<\/p>\n<p>La deuxi\u00e8me p\u00e9riode crispe un peu plus les supporters. Mais la possession st\u00e9rile alg\u00e9rienne n\u2019emp\u00eache pas le tir de quelques feux d\u2019artifice sur le cours Belsunce. \u00c0 Noailles, place du march\u00e9, on range les \u00e9tals avec une oreille sur le match. On s\u2019agglutine \u00e0 dix autour d\u2019un smartphone.<\/p>\n<p>La fin du temps r\u00e9glementaire sur le score de 0-0 et la prolongation qui s\u2019ensuit font encore grimper le stress. On se l\u00e8ve sur chaque demi-occasion alg\u00e9rienne, on s\u2019agrippe sur chaque perc\u00e9e congolaise. \u00ab\u00a0C\u2019est irrespirable. Je vais tomber dans les pommes, dit Aymen au comptoir du Coffee time, rue Magenta (1er). Jusqu\u2019\u00e0 un <a href=\"https:\/\/www.laprovence.com\/article\/sports\/65832744063036\/can-lalgerie-se-qualifie-pour-les-quarts-de-finale-dans-les-dernieres-minutes-face-a-la-rdc\" target=\"_blank\" rel=\"noopener\">crochet ext\u00e9rieur et une frappe enroul\u00e9e sous la barre d\u2019Adil Boulbina<\/a> qui fait exploser la foule dans une liesse aux allures de d\u00e9livrance. Dans les derniers instants du match, le jeune ailier offre la victoire aux Verts et les trois coups de sifflets finaux sonnent comme le d\u00e9but de la f\u00eate.<\/p>\n<p><img alt=\"Des centaines de Marseillais ont converg\u00e9 vers le Vieux-Port (pi\u00e9tonis\u00e9 par la Pr\u00e9fecture pour l'occasion) pour partager leur joie apr\u00e8s le match.\" loading=\"lazy\" decoding=\"async\" data-nimg=\"fill\" class=\" TwicCore_img__i9TC1 undefined  undefined\" style=\"position:absolute;height:100%;width:100%;left:0;top:0;right:0;bottom:0;color:transparent;background-size:cover;background-position:50% 50%;background-repeat:no-repeat;background-image:url(&quot;data:image\/svg+xml;charset=utf-8,%3Csvg xmlns='http:\/\/www.w3.org\/2000\/svg' %3E%3Cfilter id='b' color-interpolation-filters='sRGB'%3E%3CfeGaussianBlur stdDeviation='20'\/%3E%3CfeColorMatrix values='1 0 0 0 0 0 1 0 0 0 0 0 1 0 0 0 0 0 100 -1' result='s'\/%3E%3CfeFlood x='0' y='0' width='100%25' height='100%25'\/%3E%3CfeComposite operator='out' in='s'\/%3E%3CfeComposite in2='SourceGraphic'\/%3E%3CfeGaussianBlur stdDeviation='20'\/%3E%3C\/filter%3E%3Cimage width='100%25' height='100%25' x='0' y='0' preserveAspectRatio='none' style='filter: url(%23b);' href='https:\/\/pictures.laprovence.com\/cdn-cgi\/image\/blur=250\/media\/melody\/2026\/01\/06\/ambiance-match-football-algerie-060126dri03-1767732269_e3f3f1fa6d596e7f3f1fa6d59bbf3fv_.jpg'\/%3E%3C\/svg%3E&quot;)\"   src=\"https:\/\/www.europesays.com\/fr\/wp-content\/uploads\/2026\/01\/ambiance-match-football-algerie-060126dri03-1767732269_e3f3f1fa6d596e7f3f1fa6d59bbf3fv_.jpg\"\/>Des centaines de Marseillais ont converg\u00e9 vers le Vieux-Port (pi\u00e9tonis\u00e9 par la Pr\u00e9fecture pour l&rsquo;occasion) pour partager leur joie apr\u00e8s le match. Photo David Rossi<\/p>\n<p>Les supporters exultent, des centaines de feux d\u2019artifice \u00e9clairent Belsunce et des milliers de Marseillais convergent vers le Vieux-Port (<a href=\"https:\/\/www.laprovence.com\/article\/sports\/2471344078236315\/match-de-lalgerie-a-la-can-la-circulation-encore-coupee-autour-du-vieux-port-ce-mardi-soir\" target=\"_blank\" rel=\"noopener\">pi\u00e9tonis\u00e9 par la pr\u00e9fecture pour l\u2019occasion<\/a>) pour partager leur joie. \u00ab\u00a0C\u2019est qu\u2019un huiti\u00e8me mais c\u2019est une grande fiert\u00e9, d\u00e9crit Rabah, 62\u00a0ans. Beaucoup de ces jeunes ne m\u00e8nent pas des vies faciles le reste de l\u2019ann\u00e9e et c\u2019est bien de les voir heureux ensemble, de c\u00e9l\u00e9brer.\u00a0\u00bb Les klaxons retentissent partout, les youyous et les chants \u00e0 \u00ab\u00a0la gloire des Verts\u00a0\u00bb sont repris en ch\u0153ur et les sourires lib\u00e9r\u00e9s barrent les visages.<\/p>\n<p>\u00ab\u00a0Cette ann\u00e9e, on est une \u00e9quipe, un bloc soud\u00e9, boucle Yassine, jeune Marseillais de 28\u00a0ans. La victoire est belle et la c\u00e9l\u00e9brer tous ensemble est encore plus beau. Pour les Fennecs, comme pour l\u2019OM, \u00e0 Marseille, on sait faire la f\u00eate.\u00a0\u00bb L\u2019Alg\u00e9rie a d\u00e9sormais <a href=\"https:\/\/www.laprovence.com\/article\/france-monde\/43034197795478\/can-2025-lalgerie-sort-la-rdc-et-affrontera-le-nigeria-en-quart\" target=\"_blank\" rel=\"noopener\">rendez-vous avec le Nigeria<\/a>, samedi \u00e0 17\u00a0h, pour le quart de finale. En attendant, le Vieux-Port s\u2019endort au son de \u00ab\u00a0One, two, three, viva l\u2019Alg\u00e9rie\u00a0\u00bb.<\/p>\n","protected":false},"excerpt":{"rendered":"Le vent glacial dans le centre-ville ne suffit pas \u00e0 refroidir la ferveur alg\u00e9rienne. Il est 17h, ce&hellip;\n","protected":false},"author":2,"featured_media":645696,"comment_status":"","ping_status":"","sticky":false,"template":"","format":"standard","meta":{"footnotes":""},"categories":[2814],"tags":[5734,1111,11,75161,1102,154,1777,674,1011,27,4430,151,51453,884,12,882,16,25,5890,3356],"class_list":{"0":"post-645695","1":"post","2":"type-post","3":"status-publish","4":"format-standard","5":"has-post-thumbnail","7":"category-marseille","8":"tag-5734","9":"tag-actu","10":"tag-actualites","11":"tag-algerie-rdc","12":"tag-breakingnews","13":"tag-des","14":"tag-eu","15":"tag-europe","16":"tag-fr","17":"tag-france","18":"tag-images","19":"tag-les","20":"tag-liesse","21":"tag-marseille","22":"tag-news","23":"tag-provence-alpes-cote-dazur","24":"tag-region","25":"tag-republique-francaise","26":"tag-scenes","27":"tag-sur"},"share_on_mastodon":{"url":"https:\/\/pubeurope.com\/@fr\/115850418897777930","error":""},"_links":{"self":[{"href":"https:\/\/www.europesays.com\/fr\/wp-json\/wp\/v2\/posts\/645695","targetHints":{"allow":["GET"]}}],"collection":[{"href":"https:\/\/www.europesays.com\/fr\/wp-json\/wp\/v2\/posts"}],"about":[{"href":"https:\/\/www.europesays.com\/fr\/wp-json\/wp\/v2\/types\/post"}],"author":[{"embeddable":true,"href":"https:\/\/www.europesays.com\/fr\/wp-json\/wp\/v2\/users\/2"}],"replies":[{"embeddable":true,"href":"https:\/\/www.europesays.com\/fr\/wp-json\/wp\/v2\/comments?post=645695"}],"version-history":[{"count":0,"href":"https:\/\/www.europesays.com\/fr\/wp-json\/wp\/v2\/posts\/645695\/revisions"}],"wp:featuredmedia":[{"embeddable":true,"href":"https:\/\/www.europesays.com\/fr\/wp-json\/wp\/v2\/media\/645696"}],"wp:attachment":[{"href":"https:\/\/www.europesays.com\/fr\/wp-json\/wp\/v2\/media?parent=645695"}],"wp:term":[{"taxonomy":"category","embeddable":true,"href":"https:\/\/www.europesays.com\/fr\/wp-json\/wp\/v2\/categories?post=645695"},{"taxonomy":"post_tag","embeddable":true,"href":"https:\/\/www.europesays.com\/fr\/wp-json\/wp\/v2\/tags?post=645695"}],"curies":[{"name":"wp","href":"https:\/\/api.w.org\/{rel}","templated":true}]}}