{"id":645701,"date":"2026-01-06T22:06:20","date_gmt":"2026-01-06T22:06:20","guid":{"rendered":"https:\/\/www.europesays.com\/fr\/645701\/"},"modified":"2026-01-06T22:06:20","modified_gmt":"2026-01-06T22:06:20","slug":"victoire-de-lalgerie-dans-les-dernieres-minutes-face-au-congo-les-supporters-en-liesse-a-la-guillotiere","status":"publish","type":"post","link":"https:\/\/www.europesays.com\/fr\/645701\/","title":{"rendered":"victoire de l\u2019Alg\u00e9rie dans les derni\u00e8res minutes face au Congo, les supporters en liesse \u00e0 la Guilloti\u00e8re"},"content":{"rendered":"<p>1 \u2013 0 pour les Fennecs. L\u2019Alg\u00e9rie arrache la victoire contre la R\u00e9publique D\u00e9mocratique du Congo \u00e0 la 119e minute gr\u00e2ce \u00e0 une frappe d\u2019Adil Boulbina. L\u2019\u00e9quipe \u00e9chappe ainsi \u00e0 la s\u00e9ance de tirs au but, et file rejoindre le Nigeria en quart de finale de la CAN.\u00a0<\/p>\n<p>Au coup de sifflet final, les supporters de l\u2019Alg\u00e9rie se sont retrouv\u00e9s place Gabriel P\u00e9ri \u00e0 Lyon pour f\u00eater cette victoire. Les coups de klaxon r\u00e9sonnent. Quelques fumig\u00e8nes ont \u00e9t\u00e9 allum\u00e9s, des chandelles romaines et fus\u00e9es d&rsquo;artifice ont \u00e9t\u00e9 tir\u00e9es. \u00ab\u00a0On a gal\u00e9r\u00e9 pour gagner\u00a0\u00bb, assure un supporter.<\/p>\n<p>Ce contenu est bloqu\u00e9 car vous n&rsquo;avez pas accept\u00e9 les cookies et autres traceurs.<\/p>\n<p>En cliquant sur \u00ab J\u2019accepte \u00bb, les cookies et autres traceurs seront d\u00e9pos\u00e9s et vous pourrez visualiser les contenus  (<a href=\"\" class=\"consentModule_policy\" target=\"_blank\" title=\"Consulter la politique de protection des donn\u00e9es du fournisseur\">plus d&rsquo;informations<\/a>).<\/p>\n<p>En cliquant sur \u00ab J\u2019accepte tous les cookies \u00bb, vous autorisez des d\u00e9p\u00f4ts de cookies et autres traceurs pour le stockage de vos donn\u00e9es sur nos sites et applications \u00e0 des fins de personnalisation et de ciblage publicitaire.<\/p>\n<p class=\"consentModule_secondaryText\">Vous gardez la possibilit\u00e9 de retirer votre consentement \u00e0 tout moment en consultant notre <a href=\"https:\/\/www.leprogres.fr\/protection-des-donnees\" target=\"_blank\" title=\"Consulter notre politique de protection des donn\u00e9es\" rel=\"noopener\">politique de protection des donn\u00e9es<\/a>. <br \/>&#13;<br \/>\n            <a href=\"https:\/\/www.leprogres.fr\/sport\/2026\/01\/06\/javascript:Didomi.notice.show()\" class=\"consentModule_cmp\" target=\"_blank\" rel=\"noopener\">G\u00e9rer mes choix<\/a>&#13;\n        <\/p>\n<p>&#13;<br \/>\n                        J&rsquo;accepte&#13;<br \/>\n            J&rsquo;accepte tous les cookies&#13;\n        <\/p>\n<p>C\u2019est d\u00e9sormais chose faite, bien que leur c\u00e9l\u00e9bration entra\u00eene un certain nombre de perturbations dans\u00a0le secteur\u00a0: la circulation automobile est perturb\u00e9e pendant que le tramway T1 circule uniquement de Debourg \u00e0 Place des Archives puis de Libert\u00e9 \u00e0 IUT Feyssine. Les stations Perrache \u00e0 <a href=\"https:\/\/www.leprogres.fr\/culture-loisirs\/2024\/03\/17\/un-quartier-une-histoire-la-guillotiere-de-l-autre-cote-du-pont\" target=\"_blank\" rel=\"noopener\">Guilloti\u00e8re <\/a>Gabriel P\u00e9ri ne sont plus desservies dans les deux sens de circulation. TCL annonce un retour \u00e0 la normale \u00e0 23 heures.<\/p>\n<p>Un important dispositif de s\u00e9curit\u00e9 a \u00e9galement \u00e9t\u00e9 mis en place.\u00a0Alors que des supporters s&rsquo;approchaient du pont de la Guilloti\u00e8re, ils ont \u00e9t\u00e9 repouss\u00e9s par des lacrymog\u00e8nes des forces de l&rsquo;ordre : la foule se disperse.\u00a0<\/p>\n<p>\u00c0 21 h 30, quelques dizaines de supporters sont encore sur la place Gabriel P\u00e9ri, mais aucun n&rsquo;incident n&rsquo;est \u00e0 signaler pour l&rsquo;instant. Les forces sont toujours post\u00e9es aux abords de la place.\u00a0<\/p>\n","protected":false},"excerpt":{"rendered":"1 \u2013 0 pour les Fennecs. L\u2019Alg\u00e9rie arrache la victoire contre la R\u00e9publique D\u00e9mocratique du Congo \u00e0 la&hellip;\n","protected":false},"author":2,"featured_media":645702,"comment_status":"","ping_status":"","sticky":false,"template":"","format":"standard","meta":{"footnotes":""},"categories":[1889],"tags":[1111,11,2430,3542,2757,1777,674,107,63,1011,27,2428,12,25,2429,104,2803],"class_list":{"0":"post-645701","1":"post","2":"type-post","3":"status-publish","4":"format-standard","5":"has-post-thumbnail","7":"category-lyon","8":"tag-actu","9":"tag-actualites","10":"tag-auvergne-rhone-alpes","11":"tag-circulation","12":"tag-edition-lyon-villeurbanne","13":"tag-eu","14":"tag-europe","15":"tag-fil-info","16":"tag-football","17":"tag-fr","18":"tag-france","19":"tag-lyon","20":"tag-news","21":"tag-republique-francaise","22":"tag-rhone","23":"tag-societe","24":"tag-transport"},"share_on_mastodon":{"url":"https:\/\/pubeurope.com\/@fr\/115850430521912751","error":""},"_links":{"self":[{"href":"https:\/\/www.europesays.com\/fr\/wp-json\/wp\/v2\/posts\/645701","targetHints":{"allow":["GET"]}}],"collection":[{"href":"https:\/\/www.europesays.com\/fr\/wp-json\/wp\/v2\/posts"}],"about":[{"href":"https:\/\/www.europesays.com\/fr\/wp-json\/wp\/v2\/types\/post"}],"author":[{"embeddable":true,"href":"https:\/\/www.europesays.com\/fr\/wp-json\/wp\/v2\/users\/2"}],"replies":[{"embeddable":true,"href":"https:\/\/www.europesays.com\/fr\/wp-json\/wp\/v2\/comments?post=645701"}],"version-history":[{"count":0,"href":"https:\/\/www.europesays.com\/fr\/wp-json\/wp\/v2\/posts\/645701\/revisions"}],"wp:featuredmedia":[{"embeddable":true,"href":"https:\/\/www.europesays.com\/fr\/wp-json\/wp\/v2\/media\/645702"}],"wp:attachment":[{"href":"https:\/\/www.europesays.com\/fr\/wp-json\/wp\/v2\/media?parent=645701"}],"wp:term":[{"taxonomy":"category","embeddable":true,"href":"https:\/\/www.europesays.com\/fr\/wp-json\/wp\/v2\/categories?post=645701"},{"taxonomy":"post_tag","embeddable":true,"href":"https:\/\/www.europesays.com\/fr\/wp-json\/wp\/v2\/tags?post=645701"}],"curies":[{"name":"wp","href":"https:\/\/api.w.org\/{rel}","templated":true}]}}