{"id":645713,"date":"2026-01-06T22:13:16","date_gmt":"2026-01-06T22:13:16","guid":{"rendered":"https:\/\/www.europesays.com\/fr\/645713\/"},"modified":"2026-01-06T22:13:16","modified_gmt":"2026-01-06T22:13:16","slug":"les-europeens-saccordent-sur-le-deploiement-dune-force-multinationale-en-ukraine-apres-un-cessez-le-feu","status":"publish","type":"post","link":"https:\/\/www.europesays.com\/fr\/645713\/","title":{"rendered":"Les Europ\u00e9ens s\u2019accordent sur le d\u00e9ploiement d\u2019une force multinationale en Ukraine\u2026 apr\u00e8s un cessez-le-feu"},"content":{"rendered":"<p>Les alli\u00e9s de Kiev ont annonc\u00e9 mardi \u00e0 Paris une s\u00e9rie de \u00ab garanties de s\u00e9curit\u00e9 robustes \u00bb pour l\u2019Ukraine lorsqu\u2019un cessez-le-feu sera annonc\u00e9. Ces garanties, valid\u00e9es dans une d\u00e9claration commune des 35 pays de la \u00ab Coalition des volontaires \u00bb (les dirigeants de la quasi-totalit\u00e9 des pays europ\u00e9ens, du Canada, de l\u2019Otan et de l\u2019UE), doivent prot\u00e9ger <a href=\"https:\/\/www.letelegramme.fr\/monde\/guerre-ukraine-russie\/\" target=\"_blank\" rel=\"noopener\">l\u2019Ukraine contre une nouvelle attaque de la Russie<\/a>, que Kiev per\u00e7oit comme certaine.<\/p>\n<p>Parmi les garanties, une d\u00e9claration d\u2019intention conjointe sur \u00ab le d\u00e9ploiement d\u2019une force multinationale \u00bb en Ukraine. Cette force, form\u00e9e par les pays volontaires de la coalition, sera men\u00e9e par les Europ\u00e9ens et \u00ab soutenue \u00bb par les \u00c9tats-Unis, selon la d\u00e9claration finale publi\u00e9e par la pr\u00e9sidence fran\u00e7aise. Emmanuel Macron a d\u00e9clar\u00e9 sur France 2 que dans ce cadre, <a href=\"https:\/\/www.letelegramme.fr\/monde\/guerre-ukraine-russie\/plusieurs-milliers-de-soldats-francais-pourraient-etre-deployes-en-ukraine-pour-maintenir-la-paix-dit-macron-6958099.php\" target=\"_blank\" rel=\"noopener\">\u00ab plusieurs milliers \u00bb de soldats fran\u00e7ais pourraient \u00eatre d\u00e9ploy\u00e9s<\/a> pour maintenir la paix en Ukraine.<\/p>\n<p>Ce d\u00e9ploiement devra apporter \u00ab une forme de r\u00e9assurance, le jour d\u2019apr\u00e8s le cessez-le-feu \u00bb, a d\u00e9taill\u00e9 Emmanuel Macron, saluant une \u00ab avanc\u00e9e consid\u00e9rable \u00bb. Cette d\u00e9claration \u00ab reconna\u00eet pour la premi\u00e8re fois \u00bb une \u00ab convergence op\u00e9rationnelle \u00bb entre cette coalition, l\u2019Ukraine et les \u00c9tats-Unis. Le m\u00e9canisme de surveillance d\u2019un cessez-le-feu serait d\u2019ailleurs plac\u00e9 \u00ab sous leadership am\u00e9ricain \u00bb.<\/p>\n<p>Zelensky se f\u00e9licite de \u00ab documents substantiels \u00bb<\/p>\n<p>Autre garantie, des dispositifs \u00ab de solidarit\u00e9 et d\u2019intervention \u00bb en cas de nouvelle attaque russe sont \u00e9galement pr\u00e9vus, sans que l\u2019on sache pr\u00e9cis\u00e9ment \u00e0 quel niveau les Am\u00e9ricains s\u2019impliqueraient dans cette hypoth\u00e8se.<\/p>\n<p>Volodymyr Zelensky a salu\u00e9 l\u2019\u00e9laboration de \u00ab documents substantiels \u00bb sur les garanties de s\u00e9curit\u00e9 occidentales, tout en notant que plusieurs questions restaient ouvertes. Comme celle, ultrasensible, des concessions territoriales exig\u00e9es par Moscou. Les garanties de s\u00e9curit\u00e9 sont \u00ab en grande partie finalis\u00e9es \u00bb et permettent aux Ukrainiens de savoir que lorsque ce conflit prendra fin, \u00ab ce sera d\u00e9finitivement \u00bb, a pour sa part indiqu\u00e9 Steve Witkoff.<\/p>\n<p>Encore faut-il un cessez-le-feu<\/p>\n<p>Cette d\u00e9claration d\u2019intention et la mise en oeuvre de ces garanties sont n\u00e9anmoins suspendues \u00e0 la fin des hostilit\u00e9s via un accord de paix ou un cessez-le-feu. \u00ab Nous voudrions tous des mesures beaucoup plus concr\u00e8tes (\u2026), mais cela requiert de toute \u00e9vidence de la bonne volont\u00e9 du c\u00f4t\u00e9 de l\u2019agresseur russe \u00e9galement \u00bb, avait soulign\u00e9 le Premier ministre polonais Donald Tusk, alors que le <a href=\"https:\/\/www.letelegramme.fr\/monde\/guerre-ukraine-russie\/poutine-dit-que-la-russie-croit-en-sa-victoire-en-ukraine-lors-de-ses-voeux-du-nouvel-an-6955847.php\" target=\"_blank\" rel=\"noopener\">Kremlin s\u2019est syst\u00e9matiquement oppos\u00e9 \u00e0 tout d\u00e9ploiement militaire occidental en Ukraine<\/a>.<\/p>\n<p>Les contours op\u00e9rationnels de la \u00ab force multinationale \u00bb restent d\u2019ailleurs encore flous, d\u2019autant que certains pays ont maintenu une certaine prudence sur leur contribution. Comme l\u2019Italie, qui a r\u00e9it\u00e9r\u00e9 mardi son refus d\u2019envoyer des soldats en Ukraine, ou encore l\u2019Allemagne, dont les troupes allemandes pourraient participer \u00e0 la force multinationale, mais seulement dans un pays membre de l\u2019Otan, voisin de l\u2019Ukraine, selon le chancelier Friedrich Merz.<\/p>\n<p>\u00ab Nous devrons s\u00fbrement faire des compromis \u00bb pour atteindre la paix en Ukraine, a d\u00e9clar\u00e9 Friedrich Merz mardi. C\u00f4t\u00e9 fran\u00e7ais, Emmanuel Macron pourrait en dire davantage jeudi lorsqu\u2019il recevra la classe politique pour faire le point.<\/p>\n<p><strong>L\u2019ombre du Groenland et du Venezuela<\/strong><br \/>L\u2019op\u00e9ration am\u00e9ricaine au Venezuela et les d\u00e9clarations de Donald Trump appelant \u00e0 une main mise am\u00e9ricaine sur le Groenland, territoire autonome du Danemark, ont aussi \u00e9t\u00e9 au menu de la journ\u00e9e, m\u00eame si les dirigeants europ\u00e9ens ont \u00e9vit\u00e9 de r\u00e9pondre aux questions des journalistes sur le sujet en pr\u00e9sence des \u00e9missaires am\u00e9ricains.<br \/>Nouvelle manifestation du jeu d\u2019\u00e9quilibriste diplomatique auquel ils s\u2019astreignent, plusieurs pays du Vieux Continent dont la France, l\u2019Allemagne, le Royaume-Uni et l\u2019Italie ont publi\u00e9 mardi une d\u00e9claration commune de soutien au Groenland et au Danemark face aux revendications du pr\u00e9sident am\u00e9ricain. \u00ab Il n\u2019y a pas pour moi de sc\u00e9nario o\u00f9 les \u00c9tats-Unis d\u2019Am\u00e9rique seraient mis dans une situation de violer la souverainet\u00e9 danoise \u00bb au Groenland, a affirm\u00e9 mardi Emmanuel Macron sur France 2. \u00ab Le Groenland est un territoire qui est sous souverainet\u00e9 danoise, \u00e7a restera. \u00bb<br \/>Le <a href=\"https:\/\/www.letelegramme.fr\/monde\/le-groenland-et-le-danemark-ont-demande-a-rencontrer-le-secretaire-detat-americain-marco-rubio-6958085.php\" target=\"_blank\" rel=\"noopener\">Groenland et le gouvernement danois ont appel\u00e9 mardi \u00e0 des pourparlers rapides<\/a> avec les \u00c9tats-Unis.<\/p>\n","protected":false},"excerpt":{"rendered":"Les alli\u00e9s de Kiev ont annonc\u00e9 mardi \u00e0 Paris une s\u00e9rie de \u00ab garanties de s\u00e9curit\u00e9 robustes \u00bb&hellip;\n","protected":false},"author":2,"featured_media":645714,"comment_status":"","ping_status":"","sticky":false,"template":"","format":"standard","meta":{"footnotes":""},"categories":[1591],"tags":[11,765,1887,2069,74,12,1885,1886,132],"class_list":{"0":"post-645713","1":"post","2":"type-post","3":"status-publish","4":"format-standard","5":"has-post-thumbnail","7":"category-russie","8":"tag-actualites","9":"tag-en-continu","10":"tag-federation-de-russie","11":"tag-guerre-ukraine-russie","12":"tag-monde","13":"tag-news","14":"tag-russia","15":"tag-russian-federation","16":"tag-russie"},"share_on_mastodon":{"url":"https:\/\/pubeurope.com\/@fr\/115850458129192755","error":""},"_links":{"self":[{"href":"https:\/\/www.europesays.com\/fr\/wp-json\/wp\/v2\/posts\/645713","targetHints":{"allow":["GET"]}}],"collection":[{"href":"https:\/\/www.europesays.com\/fr\/wp-json\/wp\/v2\/posts"}],"about":[{"href":"https:\/\/www.europesays.com\/fr\/wp-json\/wp\/v2\/types\/post"}],"author":[{"embeddable":true,"href":"https:\/\/www.europesays.com\/fr\/wp-json\/wp\/v2\/users\/2"}],"replies":[{"embeddable":true,"href":"https:\/\/www.europesays.com\/fr\/wp-json\/wp\/v2\/comments?post=645713"}],"version-history":[{"count":0,"href":"https:\/\/www.europesays.com\/fr\/wp-json\/wp\/v2\/posts\/645713\/revisions"}],"wp:featuredmedia":[{"embeddable":true,"href":"https:\/\/www.europesays.com\/fr\/wp-json\/wp\/v2\/media\/645714"}],"wp:attachment":[{"href":"https:\/\/www.europesays.com\/fr\/wp-json\/wp\/v2\/media?parent=645713"}],"wp:term":[{"taxonomy":"category","embeddable":true,"href":"https:\/\/www.europesays.com\/fr\/wp-json\/wp\/v2\/categories?post=645713"},{"taxonomy":"post_tag","embeddable":true,"href":"https:\/\/www.europesays.com\/fr\/wp-json\/wp\/v2\/tags?post=645713"}],"curies":[{"name":"wp","href":"https:\/\/api.w.org\/{rel}","templated":true}]}}