{"id":645715,"date":"2026-01-06T22:14:25","date_gmt":"2026-01-06T22:14:25","guid":{"rendered":"https:\/\/www.europesays.com\/fr\/645715\/"},"modified":"2026-01-06T22:14:25","modified_gmt":"2026-01-06T22:14:25","slug":"des-soldats-francais-pourraient-etre-deployes-pour-la-paix-apres-un-cessez-le-feu-assure-macron","status":"publish","type":"post","link":"https:\/\/www.europesays.com\/fr\/645715\/","title":{"rendered":"des soldats fran\u00e7ais pourraient \u00eatre d\u00e9ploy\u00e9s pour la paix apr\u00e8s un cessez-le-feu, assure Macron"},"content":{"rendered":"<p>Emmanuel Macron a accord\u00e9 un entretien \u00e0 <a href=\"https:\/\/www.franceinfo.fr\/monde\/europe\/manifestations-en-ukraine\/emmanuel-macron-affirme-sur-france-2-que-plusieurs-milliers-de-soldats-francais-pourraient-etre-deployes-pour-maintenir-la-paix-en-ukraine-apres-un-cessez-le-feu_7724527.html\" target=\"_blank\" rel=\"noopener\">France 2<\/a> ce mardi soir apr\u00e8s une r\u00e9union avec les alli\u00e9s pour \u00e9voquer la guerre en Ukraine. Au micro de nos confr\u00e8res, le pr\u00e9sident de la R\u00e9publique a \u00e9voqu\u00e9 un envoi possible de \u00ab\u00a0plusieurs milliers\u00a0\u00bb de soldats fran\u00e7ais \u00ab\u00a0dans le cadre de nos op\u00e9rations ext\u00e9rieures\u00a0\u00bb le jour \u00ab\u00a0d&rsquo;apr\u00e8s la guerre\u00a0\u00bb pour la paix.<\/p>\n<p>\u00ab\u00a0Ce ne sont pas des forces qu&rsquo;on engage au combat\u00a0\u00bb, a tenu \u00e0 souligner Emmanuel Macron. Il y a eu \u00ab\u00a0un travail entre Ukrainiens, coalitions des volontaires et Am\u00e9ricains. Ce sont eux qui m\u00e8neront le travail pour savoir si la zone fronti\u00e8re est viol\u00e9e ou pas\u00a0\u00bb.<\/p>\n<p>Europ\u00e9ens et Am\u00e9ricains serrent les rangs derri\u00e8re l&rsquo;Ukraine\u00a0face \u00e0 la Russie<\/p>\n<p>Les Europ\u00e9ens ont affich\u00e9 un front uni ce mardi \u00e0 Paris, s&rsquo;engageant \u00e0 fournir des garanties de s\u00e9curit\u00e9 \u00ab\u00a0robustes\u00a0\u00bb \u00e0 l&rsquo;Ukraine, dont le d\u00e9ploiement dans le pays d&rsquo;une \u00ab\u00a0force multinationale\u00a0\u00bb soutenue par les Etats-Unis, dans l&rsquo;hypoth\u00e8se encore lointaine d&rsquo;un cessez-le-feu conclu avec la Russie.<\/p>\n<p>La \u00ab\u00a0Coalition des volontaires\u00a0\u00bb, qui regroupe les dirigeants de la quasi-totalit\u00e9 des pays europ\u00e9ens,\u00a0du Canada, de l&rsquo;Otan et de l&rsquo;UE, s&rsquo;est r\u00e9unie dans la capitale fran\u00e7aise en pr\u00e9sence des deux \u00e9missaires de Donald Trump sur l&rsquo;Ukraine, Steve Witkoff et Jared Kushner.<\/p>\n<p>Cette trentaine de dirigeants a abouti<strong> \u00e0 la signature d&rsquo;une d\u00e9claration d&rsquo;intention conjointe<\/strong> sur \u00ab\u00a0le d\u00e9ploiement d&rsquo;une force multinationale apr\u00e8s un cessez-le-feu\u00a0\u00bb en\u00a0Ukraine. Cette force, form\u00e9e par les pays volontaires de la coalition, sera men\u00e9e par les Europ\u00e9ens et \u00ab\u00a0soutenue\u00a0\u00bb par les Etats-Unis, selon la d\u00e9claration finale publi\u00e9e par la pr\u00e9sidence fran\u00e7aise.<\/p>\n<p>Ce d\u00e9ploiement devra apporter \u00ab\u00a0une forme de r\u00e9assurance, le jour d&rsquo;apr\u00e8s le cessez-le-feu\u00a0\u00bb, a d\u00e9taill\u00e9 Emmanuel Macron, saluant une \u00ab\u00a0avanc\u00e9e consid\u00e9rable\u00a0\u00bb. Cette d\u00e9claration \u00ab\u00a0reconna\u00eet pour la premi\u00e8re fois\u00a0\u00bb une \u00ab\u00a0convergence op\u00e9rationnelle\u00a0\u00bb entre cette coalition, l&rsquo;Ukraine\u00a0et les Etats-Unis, avec des garanties de s\u00e9curit\u00e9 \u00ab\u00a0robustes\u00a0\u00bb.<\/p>\n<p>Cette d\u00e9claration commune, sign\u00e9e pr\u00e8s de quatre ans apr\u00e8s le d\u00e9but de l&rsquo;invasion russe en f\u00e9vrier 2022, int\u00e8gre notamment des \u00ab\u00a0m\u00e9canismes de surveillance\u00a0\u00bb du cessez-le-feu plac\u00e9s sous \u00ab\u00a0leadership am\u00e9ricain\u00a0\u00bb, a d\u00e9taill\u00e9 Emmanuel Macron.\u00a0<\/p>\n<p>Des dispositifs \u00ab\u00a0de solidarit\u00e9 et d&rsquo;intervention\u00a0\u00bb en cas de nouvelle attaque russe sont \u00e9galement pr\u00e9vus, sans que l&rsquo;on sache pr\u00e9cis\u00e9ment \u00e0 quel niveau les Am\u00e9ricains s&rsquo;impliqueraient dans cette hypoth\u00e8se.\u00a0Les garanties de s\u00e9curit\u00e9 sont \u00ab\u00a0en grande partie finalis\u00e9es\u00a0\u00bb et permettent aux Ukrainiens de savoir que lorsque ce conflit prendra fin, \u00ab\u00a0ce sera d\u00e9finitivement\u00a0\u00bb, a pour sa part salu\u00e9 Steve Witkoff.<\/p>\n<p>\u00ab\u00a0Il est important que la coalition dispose aujourd&rsquo;hui de documents substantiels, et pas seulement de paroles\u00a0\u00bb, a salu\u00e9 le pr\u00e9sident ukrainien Volodymyr Zelensky, m\u00eame si plusieurs questions \u00ab\u00a0restent ouvertes\u00a0\u00bb selon lui, comme celle, ultrasensible, des concessions territoriales exig\u00e9es par Moscou.<\/p>\n","protected":false},"excerpt":{"rendered":"Emmanuel Macron a accord\u00e9 un entretien \u00e0 France 2 ce mardi soir apr\u00e8s une r\u00e9union avec les alli\u00e9s&hellip;\n","protected":false},"author":2,"featured_media":645716,"comment_status":"","ping_status":"","sticky":false,"template":"","format":"standard","meta":{"footnotes":""},"categories":[1590],"tags":[5734,11,1102,154,1086,1777,674,3844,1146,12,316,11262,11232,220],"class_list":{"0":"post-645715","1":"post","2":"type-post","3":"status-publish","4":"format-standard","5":"has-post-thumbnail","7":"category-ukraine","8":"tag-5734","9":"tag-actualites","10":"tag-breakingnews","11":"tag-des","12":"tag-etre","13":"tag-eu","14":"tag-europe","15":"tag-francais","16":"tag-guerre","17":"tag-news","18":"tag-politique","19":"tag-pourraient","20":"tag-soldats","21":"tag-ukraine"},"share_on_mastodon":{"url":"https:\/\/pubeurope.com\/@fr\/115850462122094705","error":""},"_links":{"self":[{"href":"https:\/\/www.europesays.com\/fr\/wp-json\/wp\/v2\/posts\/645715","targetHints":{"allow":["GET"]}}],"collection":[{"href":"https:\/\/www.europesays.com\/fr\/wp-json\/wp\/v2\/posts"}],"about":[{"href":"https:\/\/www.europesays.com\/fr\/wp-json\/wp\/v2\/types\/post"}],"author":[{"embeddable":true,"href":"https:\/\/www.europesays.com\/fr\/wp-json\/wp\/v2\/users\/2"}],"replies":[{"embeddable":true,"href":"https:\/\/www.europesays.com\/fr\/wp-json\/wp\/v2\/comments?post=645715"}],"version-history":[{"count":0,"href":"https:\/\/www.europesays.com\/fr\/wp-json\/wp\/v2\/posts\/645715\/revisions"}],"wp:featuredmedia":[{"embeddable":true,"href":"https:\/\/www.europesays.com\/fr\/wp-json\/wp\/v2\/media\/645716"}],"wp:attachment":[{"href":"https:\/\/www.europesays.com\/fr\/wp-json\/wp\/v2\/media?parent=645715"}],"wp:term":[{"taxonomy":"category","embeddable":true,"href":"https:\/\/www.europesays.com\/fr\/wp-json\/wp\/v2\/categories?post=645715"},{"taxonomy":"post_tag","embeddable":true,"href":"https:\/\/www.europesays.com\/fr\/wp-json\/wp\/v2\/tags?post=645715"}],"curies":[{"name":"wp","href":"https:\/\/api.w.org\/{rel}","templated":true}]}}