{"id":645717,"date":"2026-01-06T22:15:10","date_gmt":"2026-01-06T22:15:10","guid":{"rendered":"https:\/\/www.europesays.com\/fr\/645717\/"},"modified":"2026-01-06T22:15:10","modified_gmt":"2026-01-06T22:15:10","slug":"ladministration-trump-intensifie-ses-menaces-contre-le-danemark","status":"publish","type":"post","link":"https:\/\/www.europesays.com\/fr\/645717\/","title":{"rendered":"l&rsquo;administration Trump intensifie ses menaces contre le Danemark"},"content":{"rendered":"<p>Un proche conseiller du pr\u00e9sident am\u00e9ricain a renouvel\u00e9 les menaces des \u00c9tats-Unis \u00e0 l&rsquo;encontre du Groenland, estimant qu&rsquo;aucun pays \u00ab\u00a0ne va se battre militairement\u00a0\u00bb pour ce territoire autonome danois.<\/p>\n<p>\u00ab\u00a0Les \u00c9tats-Unis devraient avoir le Groenland\u00a0\u00bb. Stephen Miller, proche conseiller de Donald Trump, a estim\u00e9 que \u00ab\u00a0personne ne va se battre militairement avec les \u00c9tats-Unis sur <a href=\"https:\/\/www.bfmtv.com\/international\/amerique-nord\/etats-unis\/donald-trump\/de-giorgia-meloni-a-emmanuel-macron-face-aux-menaces-de-donald-trump-six-puissances-europeennes-apportent-leur-soutien-au-groenland_AD-202601060563.html\" title=\"De Giorgia Meloni \u00e0 Emmanuel Macron: face aux menaces de Donald Trump, six puissances europ\u00e9ennes apportent leur soutien au Groenland\" class=\"internal_link\" target=\"_blank\" rel=\"noopener\">l&rsquo;avenir du Groenland<\/a>\u00ab\u00a0, intensifiant les menaces prof\u00e9r\u00e9es par l&rsquo;administration am\u00e9ricaine \u00e0 l&rsquo;encontre du territoire autonome danois.<\/p>\n<p>\u00ab\u00a0Le Groenland devrait faire partie des \u00c9tats-Unis, le pr\u00e9sident a \u00e9t\u00e9 tr\u00e8s clair \u00e0 ce sujet\u00a0\u00bb, a martel\u00e9 le directeur de cabinet adjoint de la Maison Blanche sur CNN lundi 5 janvier, avant de s&rsquo;interroger: \u00ab\u00a0De quel droit le Danemark revendique-t-il le contr\u00f4le du Groenland?\u00a0\u00bb.<\/p>\n<p>Interrog\u00e9 sur la possibilit\u00e9 d&rsquo;une intervention militaire am\u00e9ricaine, Stephen Miller a balay\u00e9 la question. \u00ab\u00a0Il n&rsquo;y a pas besoin de penser ou m\u00eame de parler de cela,\u00a0\u00bb a-t-il d\u00e9clar\u00e9. \u00ab\u00a0Personne ne va se battre militairement avec les \u00c9tats-Unis sur l&rsquo;avenir du Groenland.\u00a0\u00bb<\/p>\n<p>\u00ab\u00a0Ca suffit maintenant\u00a0\u00bb<\/p>\n<p>Samedi, alors que les \u00c9tats-Unis intervenaient militairement au <a href=\"https:\/\/www.bfmtv.com\/international\/l-onu-affirme-que-l-intervention-americaine-au-venezuela-a-sape-un-principe-fondamental-du-droit-international_AD-202601060660.html\" title=\"&quot;Elle a sap\u00e9 un principe fondamental du droit international&quot;: l&#039;ONU d\u00e9nonce l&#039;intervention am\u00e9ricaine au Venezuela\" class=\"internal_link\" target=\"_blank\" rel=\"noopener\">Venezuela <\/a>et capturaient le pr\u00e9sident Nicol\u00e1s Maduro, Katie Miller, l&rsquo;\u00e9pouse de Stephen Miller, avait publi\u00e9 sur son compte X une carte du Groenland color\u00e9e aux couleurs du drapeau am\u00e9ricain, assortie d&rsquo;une courte l\u00e9gende en capitales: \u00ab\u00a0SOON\u00a0\u00bb (\u00ab\u00a0bient\u00f4t\u00a0\u00bb).<\/p>\n<p>Cette publication et la r\u00e9affirmation de l&rsquo;intention de Donald Trump de faire passer le territoire sous drapeau am\u00e9ricain ont raviv\u00e9 les craintes du Danemark. \u00ab\u00a0Je demande instamment aux \u00c9tats-Unis de mettre fin \u00e0 leurs menaces contre un alli\u00e9 historique et contre un territoire et un peuple qui ont clairement fait savoir qu&rsquo;ils n&rsquo;\u00e9taient pas \u00e0 vendre\u00a0\u00bb, a \u00e9crit la Premi\u00e8re ministre danoise dans un communiqu\u00e9 dimanche soir.<\/p>\n<p>Elle a \u00e9galement rappel\u00e9 que le Royaume du Danemark, qui inclut les \u00eeles F\u00e9ro\u00e9 et le Groenland, \u00ab\u00a0fait partie de l&rsquo;OTAN et b\u00e9n\u00e9ficie ainsi de la garantie de s\u00e9curit\u00e9 de l&rsquo;alliance\u00a0\u00bb. \u00ab\u00a0Ca suffit maintenant\u00a0\u00bb, a r\u00e9agi de son c\u00f4t\u00e9 le<a href=\"https:\/\/www.bfmtv.com\/international\/amerique-nord\/etats-unis\/ca-suffit-maintenant-le-premier-ministre-groenlandais-denonce-les-fantasmes-d-annexion-de-donald-trump_AD-202601050367.html\" title=\"&quot;\u00c7a suffit maintenant&quot;: le Premier ministre groenlandais d\u00e9nonce les &quot;fantasmes d&#039;annexion&quot; de Donald Trump\" class=\"internal_link\" target=\"_blank\" rel=\"noopener\"> Premier ministre du Groenland<\/a>, s&rsquo;\u00e9levant contre \u00ab\u00a0la pression\u00a0\u00bb, les \u00ab\u00a0sous-entendus\u00a0\u00bb, et les \u00ab\u00a0fantasmes d&rsquo;annexion\u00a0\u00bb.<\/p>\n<p>Les Europ\u00e9ens affirment leur soutien au Danemark<\/p>\n<p>Plusieurs pays europ\u00e9ens, dont la France, ont apport\u00e9 mardi leur soutien au Danemark face aux revendications du pr\u00e9sident am\u00e9ricain.<\/p>\n<blockquote class=\"embed embed_quote\"><p>\u00ab\u00a0Il revient au Danemark et au Groenland, et \u00e0 eux seuls, de d\u00e9cider des questions concernant le Danemark et le Groenland\u00a0\u00bb, ont d\u00e9clar\u00e9 les dirigeants fran\u00e7ais, allemand, italien, polonais, espagnol et britannique dans une d\u00e9claration commune.<\/p><\/blockquote>\n<p>Ils ont \u00e9galement rappel\u00e9 que le royaume fait \u00ab\u00a0partie\u00a0\u00bb de l&rsquo;Otan comme les \u00c9tats-Unis, li\u00e9s \u00e0 Copenhague par un accord de d\u00e9fense.<\/p>\n","protected":false},"excerpt":{"rendered":"Un proche conseiller du pr\u00e9sident am\u00e9ricain a renouvel\u00e9 les menaces des \u00c9tats-Unis \u00e0 l&rsquo;encontre du Groenland, estimant qu&rsquo;aucun&hellip;\n","protected":false},"author":2,"featured_media":645718,"comment_status":"","ping_status":"","sticky":false,"template":"","format":"standard","meta":{"footnotes":""},"categories":[1589],"tags":[11,73,1866,12,1864,1865,1863,308],"class_list":{"0":"post-645717","1":"post","2":"type-post","3":"status-publish","4":"format-standard","5":"has-post-thumbnail","7":"category-etats-unis","8":"tag-actualites","9":"tag-etats-unis","10":"tag-etats-unis-damerique","11":"tag-news","12":"tag-united-states","13":"tag-united-states-of-america","14":"tag-us","15":"tag-usa"},"share_on_mastodon":{"url":"https:\/\/pubeurope.com\/@fr\/115850466259590576","error":""},"_links":{"self":[{"href":"https:\/\/www.europesays.com\/fr\/wp-json\/wp\/v2\/posts\/645717","targetHints":{"allow":["GET"]}}],"collection":[{"href":"https:\/\/www.europesays.com\/fr\/wp-json\/wp\/v2\/posts"}],"about":[{"href":"https:\/\/www.europesays.com\/fr\/wp-json\/wp\/v2\/types\/post"}],"author":[{"embeddable":true,"href":"https:\/\/www.europesays.com\/fr\/wp-json\/wp\/v2\/users\/2"}],"replies":[{"embeddable":true,"href":"https:\/\/www.europesays.com\/fr\/wp-json\/wp\/v2\/comments?post=645717"}],"version-history":[{"count":0,"href":"https:\/\/www.europesays.com\/fr\/wp-json\/wp\/v2\/posts\/645717\/revisions"}],"wp:featuredmedia":[{"embeddable":true,"href":"https:\/\/www.europesays.com\/fr\/wp-json\/wp\/v2\/media\/645718"}],"wp:attachment":[{"href":"https:\/\/www.europesays.com\/fr\/wp-json\/wp\/v2\/media?parent=645717"}],"wp:term":[{"taxonomy":"category","embeddable":true,"href":"https:\/\/www.europesays.com\/fr\/wp-json\/wp\/v2\/categories?post=645717"},{"taxonomy":"post_tag","embeddable":true,"href":"https:\/\/www.europesays.com\/fr\/wp-json\/wp\/v2\/tags?post=645717"}],"curies":[{"name":"wp","href":"https:\/\/api.w.org\/{rel}","templated":true}]}}