{"id":64572,"date":"2025-04-30T14:27:10","date_gmt":"2025-04-30T14:27:10","guid":{"rendered":"https:\/\/www.europesays.com\/fr\/64572\/"},"modified":"2025-04-30T14:27:10","modified_gmt":"2025-04-30T14:27:10","slug":"bulletin-n5-mai-2025","status":"publish","type":"post","link":"https:\/\/www.europesays.com\/fr\/64572\/","title":{"rendered":"Bulletin N\u00b05 &#8211; Mai 2025"},"content":{"rendered":"<p>                    <img decoding=\"async\" uk-img=\"\" alt=\"Bulletin N\u00b05 - Mai 2025\" src=\"https:\/\/www.europesays.com\/fr\/wp-content\/uploads\/2025\/04\/bulletin-29ae9ec9.webp.webp\"  data- data-width=\"1200\" data-height=\"627\"\/>            <\/p>\n<p class=\"uk-margin-top uk-margin-remove-bottom uk-article-meta\">\n                \u00c9crit le 30 avril 2025.                            <\/p>\n<p>Du c\u00f4t\u00e9 des autorit\u00e9s :<\/p>\n<ol style=\"list-style-type: upper-alpha;\">&#13;<\/p>\n<li>Le <strong>nouveau calendrier vaccinal 2025<\/strong> <a href=\"https:\/\/www.infovac.fr\/docman\/1994-1-calendrier-vaccinal-2025-officiel\" target=\"_blank\" rel=\"noopener\">est disponible<\/a>. Voici les principales nouveaut\u00e9s \u00e0 retenir\n<ol style=\"list-style-type: lower-roman;\">&#13;<\/p>\n<li><strong>Clarifications majeures du programme de pr\u00e9vention des infections invasives \u00e0 m\u00e9ningocoques (IIM)<\/strong>\n<ol style=\"list-style-type: lower-alpha;\">&#13;<\/p>\n<li><strong>M\u00e9ningocoques ACWY<\/strong>\u00a0:&#13;\n<ul>&#13;<\/p>\n<li><strong>Obligation vaccinale jusqu\u2019\u00e0 24 mois<\/strong> : Sch\u00e9ma habituel : 6 mois puis 12-13 mois et rattrapage \u00e0 r\u00e9aliser jusqu&rsquo;\u00e0 2 ans, (une dose) m\u00eame si vaccination ant\u00e9rieure contre le m\u00e9ningocoque C seule (d\u00e9lai de 1 mois par rapport \u00e0 la derni\u00e8re vaccination MenC).<\/li>\n<p>&#13;<\/p>\n<li><strong>Recommandation pour les adolescents<\/strong> <strong>de <strong>11 \u00e0 14 ans<\/strong> avec un rattrapage <strong>jusqu\u2019\u00e0 24 an r\u00e9volu<\/strong>.<\/strong><\/li>\n<p>&#13;\n<\/ul>\n<p>&#13;\n<\/li>\n<p>&#13;<\/p>\n<li><strong>M\u00e9ningocoque B (Bexsero\u00ae)<\/strong>\u00a0:\n<ol style=\"list-style-type: lower-alpha;\">&#13;<\/p>\n<li><strong>Obligation vaccinale jusqu\u2019\u00e0 24 mois<\/strong>\u00a0: Sch\u00e9ma habituel : 3 mois, 5 mois, 12 mois. Rattrapage\u00a0: sch\u00e9ma en 2+1 doses jusqu\u2019\u00e0 2 ans r\u00e9volus.<\/li>\n<p>&#13;<\/p>\n<li>\u00c0 proposer et <strong>rembours\u00e9 pour les 15 \u00e0 24 ans r\u00e9volus<\/strong> (2 doses espac\u00e9es d&rsquo;au moins 2 mois, 6 mois dans l\u2019id\u00e9al). <\/li>\n<p>&#13;\n<\/ol>\n<\/li>\n<p>&#13;\n<\/ol>\n<\/li>\n<p>&#13;<\/p>\n<li><strong>Autres nouveaut\u00e9s vaccinales majeures<\/strong>\n<ol style=\"list-style-type: lower-roman;\">&#13;<\/p>\n<li>\u00a0Pneumocoque\u00a0: extension du <strong>Prevenar20\u00ae<\/strong> 1 dose pour <strong>toutes les personnes \u00e2g\u00e9es de 65 ans et plus<\/strong>.<\/li>\n<p>&#13;<\/p>\n<li>Rougeole\u2013Oreillons\u2013Rub\u00e9ole (ROR)&#13;\n<ul>&#13;<\/p>\n<li><strong>2 doses<\/strong> pour tous les sujets n\u00e9s depuis 1980.<\/li>\n<p>&#13;<\/p>\n<li><strong>3 doses<\/strong> si la premi\u00e8re dose a \u00e9t\u00e9 administr\u00e9e avant l\u2019\u00e2ge de 12 mois.<\/li>\n<p>&#13;\n<\/ul>\n<p>&#13;\n<\/li>\n<p>&#13;<\/p>\n<li>Dengue\u00a0: Vaccination par <strong>Qdenga\u00ae<\/strong> recommand\u00e9e aux Antilles et en Guyane pour\u00a0:&#13;\n<ul>&#13;<\/p>\n<li><strong>Enfants et adolescents de 6 \u00e0 16 ans<\/strong> ayant un ant\u00e9c\u00e9dent document\u00e9 de dengue.<\/li>\n<p>&#13;<\/p>\n<li><strong>Adultes de 17 \u00e0 60 ans<\/strong> pr\u00e9sentant des comorbidit\u00e9s.<\/li>\n<p>&#13;\n<\/ul>\n<p>&#13;\n<\/li>\n<p>&#13;<\/p>\n<li>Virus Respiratoire Syncytial (VRS)&#13;\n<ul>&#13;<\/p>\n<li><strong>Femmes enceintes<\/strong> entre 32 et 36 SA : vaccination saisonni\u00e8re avec <strong>Abrysvo\u00ae<\/strong>, en alternative au <strong>Nirsevimab<\/strong> administr\u00e9 aux nouveau-n\u00e9s.<\/li>\n<p>&#13;<\/p>\n<li><strong>&gt; 75 ans<\/strong> : vaccination possible avec 1 dose (Abrysvo\u00ae, ou Arexvy\u00ae, ou mRESVIA\u00ae).<\/li>\n<p>&#13;<\/p>\n<li><strong>&gt; 65 ans avec comorbidit\u00e9s<\/strong> <strong>cardiaques ou respiratoires<\/strong> : m\u00eames vaccins.<\/li>\n<p>&#13;\n<\/ul>\n<p>&#13;\n<\/li>\n<p>&#13;\n<\/ol>\n<\/li>\n<p>&#13;\n<\/ol>\n<\/li>\n<p>&#13;<\/p>\n<li><strong>Renforcement des <\/strong><a href=\"https:\/\/sante.gouv.fr\/actualites\/presse\/communiques-de-presse\/article\/journee-mondiale-de-lutte-contre-la-meningite-le-ministre-de-la-sante-et-de-l\" target=\"_blank\" rel=\"noopener\">recommandations<\/a><strong> de vaccination contre les IIM face \u00e0 l&rsquo;\u00e9pid\u00e9mie 2024-2025<\/strong><strong> :<\/strong><\/li>\n<p>&#13;\n<\/ol>\n<p>En raison d\u2019une augmentation des IIM probablement li\u00e9e \u00e0 l\u2019\u00e9pid\u00e9mie de grippe et \u00e0 la \u00ab\u00a0dette immunitaire\u00a0\u00bb, le minist\u00e8re de la Sant\u00e9 a d\u00e9cid\u00e9 d&rsquo;intensifier la strat\u00e9gie vaccinale :<\/p>\n<ul>&#13;<\/p>\n<li><strong>Rattrapage vaccinal ACWY et B recommand\u00e9 de fa\u00e7on transitoire<\/strong> pour les jeunes enfants jusqu\u2019\u00e0 <strong>4 ans r\u00e9volus<\/strong> (veille du 5e anniversaire).<\/li>\n<p>&#13;<\/p>\n<li><strong>Rattrapage contre le m\u00e9ningocoque B<\/strong> pour les <strong>15 \u00e0 25 ans<\/strong>: cela va <strong>au-del\u00e0<\/strong> de ce qui \u00e9tait pr\u00e9vu dans le calendrier vaccinal 2025, o\u00f9 la vaccination B \u00e9tait simplement \u00ab\u00a0propos\u00e9e\u00a0\u00bb , avec remboursement.<\/li>\n<p>&#13;\n<\/ul>\n<p><img loading=\"lazy\" decoding=\"async\" src=\"https:\/\/www.europesays.com\/fr\/wp-content\/uploads\/2025\/04\/IIM.png\" alt=\"IIM\" width=\"800\" height=\"400\"\/><\/p>\n<ol start=\"3\" style=\"list-style-type: upper-alpha;\">&#13;<\/p>\n<li><strong>Actualisation concernant le vaccin contre le chikungunya (IXCHIQ\u00ae)<\/strong>&#13;\n<ul>&#13;<\/p>\n<li>En contexte d&rsquo;\u00e9pid\u00e9mie majeure \u00e0 La R\u00e9union, la vaccination \u00e9tait initialement recommand\u00e9e pour :&#13;\n<ul>&#13;<\/p>\n<li>Les <strong>&gt; 65 ans<\/strong>.<\/li>\n<p>&#13;<\/p>\n<li>Les <strong>adultes plus jeunes avec comorbidit\u00e9s<\/strong> (hors immunod\u00e9prim\u00e9s, car vaccin vivant att\u00e9nu\u00e9).<\/li>\n<p>&#13;\n<\/ul>\n<p>&#13;\n<\/li>\n<p>&#13;<\/p>\n<li><strong>Modification<\/strong> : le vaccin n&rsquo;est <strong>plus recommand\u00e9 chez les &gt; 65 ans<\/strong>, en raison de la survenue d\u2019<strong>effets ind\u00e9sirables<\/strong> <strong>graves <\/strong>potentiellement li\u00e9s au vaccin et observ\u00e9s dans cette tranche <a href=\"https:\/\/sante.gouv.fr\/actualites\/presse\/communiques-de-presse\/article\/les-autorites-sanitaires-retirent-les-personnes-de-65-ans-et-plus-des-cibles-de\" target=\"_blank\" rel=\"noopener\">d\u2019\u00e2ge<\/a>.<\/li>\n<p>&#13;<\/p>\n<li>Ceci souligne que les <strong>vaccins vivants att\u00e9nu\u00e9s<\/strong> peuvent \u00eatre <strong>mal tol\u00e9r\u00e9s en primo-vaccination chez les sujets \u00e2g\u00e9s<\/strong>, possiblement en lien avec la pr\u00e9sence <strong>d&rsquo;auto-anticorps anti-interf\u00e9ron de type 1<\/strong>, ph\u00e9nom\u00e9ne impliqu\u00e9e avec la vaccination fi\u00e8vre jaune (Bastard P, J Exp Med, 2020 doi:10.1084\/jem.20202486).<\/li>\n<p>&#13;\n<\/ul>\n<p>&#13;\n<\/li>\n<p>&#13;\n<\/ol>\n<p><strong>2)<\/strong> <strong>Pour votre information : <\/strong>Le site <strong>InfoVac<\/strong> a fait <strong>peau neuve<\/strong> ! Il a \u00e9t\u00e9 <strong>enti\u00e8rement actualis\u00e9<\/strong> pour de nombreuses maladies et vaccins. N\u2019h\u00e9sitez pas l\u2019explorer en profondeur !<\/p>\n<p><strong>3) En r\u00e9ponse \u00e0 vos questions<\/strong><\/p>\n<p><strong>Une famille avec deux enfants me questionne sur l\u2019int\u00e9r\u00eat de la vaccination contre l\u2019enc\u00e9phalite \u00e0 tiques, dans le cadre de s\u00e9jours r\u00e9guliers en Lituanie \u2014 pays d\u2019origine de la m\u00e8re. Ils s\u2019y rendent environ une dizaine de jours par an, le plus souvent en \u00e9t\u00e9, et r\u00e9sident principalement en zone urbaine, bien que fr\u00e9quentant aussi des parcs et espaces verts. La famille s\u2019interroge sur la pertinence de la vaccination dans ce contexte : la balance b\u00e9n\u00e9fice\/risque est-elle favorable ? <\/strong>Ces vaccins sont des vaccins inactiv\u00e9s, anciens, tr\u00e8s bien tol\u00e9r\u00e9s et hautement efficaces. Le risque li\u00e9 \u00e0 la vaccination est donc extr\u00eamement faible. Le b\u00e9n\u00e9fice individuel est r\u00e9el : la dur\u00e9e de protection est prolong\u00e9e, l\u2019incidence de la maladie est en augmentation, de l\u2019extension des zones de circulation du virus. M\u00eame si les s\u00e9jours se d\u00e9roulent essentiellement en milieu urbain, il est important de rappeler que les tiques sont d\u00e9sormais pr\u00e9sentes dans les parcs, jardins publics et zones p\u00e9riurbaines. De plus, la Lituanie est l\u2019un des pays d\u2019Europe avec une incidence \u00e9lev\u00e9e d\u2019enc\u00e9phalite \u00e0 tique.<\/p>\n<p><strong>Robert Cohen, Didier Pinquier, Isabelle Hau, Anne-Sophie Romain, Odile Launay, V\u00e9ronique Dufour, Pierre Bakhache, Pierre B\u00e9gu\u00e9, Marie-Aliette Dommergues, Jo\u00ebl Gaudelus, C\u00e9cile Janssen, Maeva Lefebvre, Georges Thiebault, Franck Thollot, Fran\u00e7ois Vie le Sage, Catherine Weil-Olivier, Herv\u00e9 Haas<\/strong><\/p>\n<p>\u00a0<a href=\"https:\/\/www.infovac.fr\/docman-marc\/public\/bulletins\/2025\/1995-2025-05-bulletin-mai\" target=\"_blank\" class=\"uk-button uk-button-primary\" rel=\"noopener\">T\u00e9l\u00e9charger en pdf<\/a><\/p>\n<ul class=\"uk-list\">\n<li>Derni\u00e8re mise \u00e0 jour le 30 avril 2025.<\/li>\n<\/ul>\n","protected":false},"excerpt":{"rendered":"\u00c9crit le 30 avril 2025. Du c\u00f4t\u00e9 des autorit\u00e9s : &#13; Le nouveau calendrier vaccinal 2025 est disponible.&hellip;\n","protected":false},"author":2,"featured_media":64573,"comment_status":"","ping_status":"","sticky":false,"template":"","format":"standard","meta":{"footnotes":""},"categories":[2],"tags":[11,16380,1011,27,16374,16373,16376,12,16377,16375,25,6405,16378,773,148,16379],"class_list":{"0":"post-64572","1":"post","2":"type-post","3":"status-publish","4":"format-standard","5":"has-post-thumbnail","7":"category-actualites","8":"tag-actualites","9":"tag-dengue","10":"tag-fr","11":"tag-france","12":"tag-immunisation","13":"tag-infovac","14":"tag-meningocoque","15":"tag-news","16":"tag-oreillon","17":"tag-pneumocoque","18":"tag-republique-francaise","19":"tag-rougeole","20":"tag-rubeole","21":"tag-vaccin","22":"tag-vaccination","23":"tag-vrs"},"share_on_mastodon":{"url":"https:\/\/pubeurope.com\/@fr\/114427385891722196","error":""},"_links":{"self":[{"href":"https:\/\/www.europesays.com\/fr\/wp-json\/wp\/v2\/posts\/64572","targetHints":{"allow":["GET"]}}],"collection":[{"href":"https:\/\/www.europesays.com\/fr\/wp-json\/wp\/v2\/posts"}],"about":[{"href":"https:\/\/www.europesays.com\/fr\/wp-json\/wp\/v2\/types\/post"}],"author":[{"embeddable":true,"href":"https:\/\/www.europesays.com\/fr\/wp-json\/wp\/v2\/users\/2"}],"replies":[{"embeddable":true,"href":"https:\/\/www.europesays.com\/fr\/wp-json\/wp\/v2\/comments?post=64572"}],"version-history":[{"count":0,"href":"https:\/\/www.europesays.com\/fr\/wp-json\/wp\/v2\/posts\/64572\/revisions"}],"wp:featuredmedia":[{"embeddable":true,"href":"https:\/\/www.europesays.com\/fr\/wp-json\/wp\/v2\/media\/64573"}],"wp:attachment":[{"href":"https:\/\/www.europesays.com\/fr\/wp-json\/wp\/v2\/media?parent=64572"}],"wp:term":[{"taxonomy":"category","embeddable":true,"href":"https:\/\/www.europesays.com\/fr\/wp-json\/wp\/v2\/categories?post=64572"},{"taxonomy":"post_tag","embeddable":true,"href":"https:\/\/www.europesays.com\/fr\/wp-json\/wp\/v2\/tags?post=64572"}],"curies":[{"name":"wp","href":"https:\/\/api.w.org\/{rel}","templated":true}]}}