{"id":645721,"date":"2026-01-06T22:17:13","date_gmt":"2026-01-06T22:17:13","guid":{"rendered":"https:\/\/www.europesays.com\/fr\/645721\/"},"modified":"2026-01-06T22:17:13","modified_gmt":"2026-01-06T22:17:13","slug":"le-parquet-allemand-enquete-pour-terrorisme-et-sabotage","status":"publish","type":"post","link":"https:\/\/www.europesays.com\/fr\/645721\/","title":{"rendered":"le parquet allemand enqu\u00eate pour \u00ab\u00a0terrorisme\u00a0\u00bb et \u00ab\u00a0sabotage\u00a0\u00bb"},"content":{"rendered":"\n<p class=\"c-chapo \">\n  Samedi, un incendie de c\u00e2bles sur une installation \u00e9lectrique a \u00e9t\u00e9 revendiqu\u00e9 en ligne par un groupe d&rsquo;extr\u00eame gauche baptis\u00e9 \u00ab\u00a0Vulkangruppe\u00a0\u00bb. Mais les autorit\u00e9s analysent encore l&rsquo;authenticit\u00e9 de cette revendication.\n<\/p>\n<p>      lire plus tard<\/p>\n<p id=\"dialog__title\" class=\"dialog__title\">Pour sauvegarder cet article, connectez-vous ou cr\u00e9ez un compte franceinfo<\/p>\n<p class=\"dialog__description\">Sans paiement. Sans abonnement.<\/p>\n<p>        Fermer la fen\u00eatre d\u2019activation des notifications France Info<\/p>\n<p>      cr\u00e9er votre compte<\/p>\n<p>      se connecter<\/p>\n<p>      :<\/p>\n<p>        Fermer la fen\u00eatre de pr\u00e9sentation<\/p>\n<p>    <img loading=\"lazy\" decoding=\"async\" class=\"signature__image lazyload\" width=\"100\" height=\"100\" data- alt=\"\" src=\"https:\/\/www.europesays.com\/fr\/wp-content\/uploads\/2025\/05\/64a68815cd1a7_placeholder-36b69ec8.png\"\/><\/p>\n<p>    Publi\u00e9 le 06\/01\/2026 21:33<\/p>\n<p>        Temps de lecture : 1min<\/p>\n<p>    <img decoding=\"async\"  alt=\"Un homme circule \u00e0 v\u00e9lo dans la gare de Wannsee apr\u00e8s une coupure de courant \u00e0 Berlin, en Allemagne, le 3 janvier 2026. (MICHAEL KAPPELER \/ DPA \/ AFP)\" width=\"432\" height=\"243\" src=\"https:\/\/www.europesays.com\/fr\/wp-content\/uploads\/2026\/01\/043-dpa-pa-260103-99-62950-dpai-695d48f88b71e607368450.jpg\" fetchpriority=\"high\"\/><\/p>\n<p>      Un homme circule \u00e0 v\u00e9lo dans la gare de Wannsee apr\u00e8s une coupure de courant \u00e0 Berlin, en Allemagne, le 3 janvier 2026. (MICHAEL KAPPELER \/ DPA \/ AFP)<\/p>\n<p>Le parquet f\u00e9d\u00e9ral allemand, comp\u00e9tent pour l&rsquo;antiterrorisme, a annonc\u00e9 \u00e0 l&rsquo;AFP, mardi 6 janvier, se saisir de l&rsquo;enqu\u00eate <a href=\"https:\/\/www.franceinfo.fr\/monde\/europe\/allemagne\/a-berlin-un-incendie-de-cables-presume-criminel-engendre-une-large-coupure-d-electricite_7718506.html\" target=\"_blank\" rel=\"noopener\">sur la coupure d&rsquo;\u00e9lectricit\u00e9 massive dans une partie de Berlin<\/a> en raison des \u00ab\u00a0soup\u00e7ons d&rsquo;appartenance \u00e0 une organisation terroriste\u00a0\u00bb et de \u00ab\u00a0sabotage\u00a0\u00bb. Survenu t\u00f4t samedi, un incendie de c\u00e2bles sur une installation \u00e9lectrique a \u00e9t\u00e9 revendiqu\u00e9 en ligne par un groupe d&rsquo;extr\u00eame gauche baptis\u00e9 \u00ab\u00a0Vulkangruppe\u00a0\u00bb (Groupe Volcan).<\/p>\n<p>Mais les autorit\u00e9s analysent encore l&rsquo;authenticit\u00e9 de cette revendication, en plein d\u00e9bat sur la r\u00e9silience des infrastructures allemandes face \u00e0 de r\u00e9centes attaques, derri\u00e8re lesquelles beaucoup voient la main de la Russie. Le Groupe Volcan a d\u00e9j\u00e0 revendiqu\u00e9 un acte de sabotage dans une usine Tesla pr\u00e8s de Berlin en mars 2024, o\u00f9 des lignes \u00e9lectriques alimentant le site avaient \u00e9t\u00e9 incendi\u00e9es.<\/p>\n<p>M\u00eame rapidement ma\u00eetris\u00e9, l&rsquo;incendie de samedi, survenu sur un pont pr\u00e8s d&rsquo;une centrale \u00e9lectrique dans le sud-ouest de la ville, a laiss\u00e9 quelque 45\u00a0000 foyers et 2\u00a0200 locaux commerciaux sans \u00e9lectricit\u00e9, en plein \u00e9pisode neigeux persistant. Mais aussi, pour beaucoup d&rsquo;entre eux, sans eau chaude ni chauffage.\u00a0Mardi \u00e0 la mi-journ\u00e9e, environ 25\u00a0000 foyers et 1\u00a0100 structures professionnelles \u00e9taient encore priv\u00e9s d&rsquo;\u00e9lectricit\u00e9, selon le dernier bilan de l&rsquo;op\u00e9rateur Stromnetz Berlin. Le r\u00e9tablissement complet du courant est attendu pour jeudi.<\/p>\n","protected":false},"excerpt":{"rendered":"Samedi, un incendie de c\u00e2bles sur une installation \u00e9lectrique a \u00e9t\u00e9 revendiqu\u00e9 en ligne par un groupe d&rsquo;extr\u00eame&hellip;\n","protected":false},"author":2,"featured_media":645722,"comment_status":"","ping_status":"","sticky":false,"template":"","format":"standard","meta":{"footnotes":""},"categories":[1587],"tags":[11,672,1804,1805,1803,1777,674,1801,12,1802],"class_list":{"0":"post-645721","1":"post","2":"type-post","3":"status-publish","4":"format-standard","5":"has-post-thumbnail","7":"category-allemagne","8":"tag-actualites","9":"tag-allemagne","10":"tag-bundesrepublik-deutschland","11":"tag-de","12":"tag-deutschland","13":"tag-eu","14":"tag-europe","15":"tag-germany","16":"tag-news","17":"tag-republique-federale-dallemagne"},"share_on_mastodon":{"url":"https:\/\/pubeurope.com\/@fr\/115850473943587278","error":""},"_links":{"self":[{"href":"https:\/\/www.europesays.com\/fr\/wp-json\/wp\/v2\/posts\/645721","targetHints":{"allow":["GET"]}}],"collection":[{"href":"https:\/\/www.europesays.com\/fr\/wp-json\/wp\/v2\/posts"}],"about":[{"href":"https:\/\/www.europesays.com\/fr\/wp-json\/wp\/v2\/types\/post"}],"author":[{"embeddable":true,"href":"https:\/\/www.europesays.com\/fr\/wp-json\/wp\/v2\/users\/2"}],"replies":[{"embeddable":true,"href":"https:\/\/www.europesays.com\/fr\/wp-json\/wp\/v2\/comments?post=645721"}],"version-history":[{"count":0,"href":"https:\/\/www.europesays.com\/fr\/wp-json\/wp\/v2\/posts\/645721\/revisions"}],"wp:featuredmedia":[{"embeddable":true,"href":"https:\/\/www.europesays.com\/fr\/wp-json\/wp\/v2\/media\/645722"}],"wp:attachment":[{"href":"https:\/\/www.europesays.com\/fr\/wp-json\/wp\/v2\/media?parent=645721"}],"wp:term":[{"taxonomy":"category","embeddable":true,"href":"https:\/\/www.europesays.com\/fr\/wp-json\/wp\/v2\/categories?post=645721"},{"taxonomy":"post_tag","embeddable":true,"href":"https:\/\/www.europesays.com\/fr\/wp-json\/wp\/v2\/tags?post=645721"}],"curies":[{"name":"wp","href":"https:\/\/api.w.org\/{rel}","templated":true}]}}