{"id":645733,"date":"2026-01-06T22:24:10","date_gmt":"2026-01-06T22:24:10","guid":{"rendered":"https:\/\/www.europesays.com\/fr\/645733\/"},"modified":"2026-01-06T22:24:10","modified_gmt":"2026-01-06T22:24:10","slug":"lasul-lyon-volley-sinstalle-au-gymnase-mado-bonnet","status":"publish","type":"post","link":"https:\/\/www.europesays.com\/fr\/645733\/","title":{"rendered":"L&rsquo;ASUL Lyon Volley s&rsquo;installe au gymnase Mado Bonnet"},"content":{"rendered":"<p class=\"content\" style=\"font-size:1.2em;font-weight:700\">Le club de volley-ball quitte Gerland apr\u00e8s trente ans pour s&rsquo;installer dans le 8\u1d49 arrondissement. La salle de 1 400 places accueillera son premier match officiel le 11 janvier.<\/p>\n<p>La Ville de Lyon et l&rsquo;ASUL Lyon Volley ont annonc\u00e9 le d\u00e9m\u00e9nagement du club au gymnase Mado Bonnet, situ\u00e9 dans le 8\u1d49 arrondissement. Apr\u00e8s plusieurs d\u00e9cennies au Palais des Sports de Gerland, l&rsquo;association dispose d\u00e9sormais d&rsquo;un \u00e9quipement qu&rsquo;elle juge plus adapt\u00e9 \u00e0 ses besoins sportifs et organisationnels.<\/p>\n<p>La Ville de Lyon a investi 40 000 euros pour adapter l&rsquo;\u00e9quipement municipal : installation d&rsquo;un terrain officiel et de poteaux de volley-ball, configuration possible avec deux terrains d&rsquo;entra\u00eenement, achat d&rsquo;appareils de musculation et r\u00e9fection d&rsquo;une dalle ext\u00e9rieure de 100 m\u00b2. La salle Mado Bonnet, ancien terrain de jeu de la LDLC ASVEL F\u00e9minin, permet de regrouper l&rsquo;ensemble des fonctions sportives et administratives sur un m\u00eame site.<\/p>\n<p>\u00ab\u00a0Ce d\u00e9m\u00e9nagement est une formidable marque de confiance de la part de la Ville de Lyon. Mado Bonnet nous donne les moyens de nos ambitions\u00a0\u00bb, se f\u00e9licite Laurence Patet Roubaud, pr\u00e9sidente de l&rsquo;ASUL Lyon Volley. L&rsquo;\u00e9quipement accueillera \u00e9galement la Golden Euroleague f\u00e9minine de volley assis du 13 au 15 mars 2026.<\/p>\n","protected":false},"excerpt":{"rendered":"Le club de volley-ball quitte Gerland apr\u00e8s trente ans pour s&rsquo;installer dans le 8\u1d49 arrondissement. La salle de&hellip;\n","protected":false},"author":2,"featured_media":645734,"comment_status":"","ping_status":"","sticky":false,"template":"","format":"standard","meta":{"footnotes":""},"categories":[1417],"tags":[1011,27,60,1470,1469],"class_list":{"0":"post-645733","1":"post","2":"type-post","3":"status-publish","4":"format-standard","5":"has-post-thumbnail","7":"category-volley","8":"tag-fr","9":"tag-france","10":"tag-sports","11":"tag-volley","12":"tag-volleyball"},"share_on_mastodon":{"url":"https:\/\/pubeurope.com\/@fr\/115850503407716460","error":""},"_links":{"self":[{"href":"https:\/\/www.europesays.com\/fr\/wp-json\/wp\/v2\/posts\/645733","targetHints":{"allow":["GET"]}}],"collection":[{"href":"https:\/\/www.europesays.com\/fr\/wp-json\/wp\/v2\/posts"}],"about":[{"href":"https:\/\/www.europesays.com\/fr\/wp-json\/wp\/v2\/types\/post"}],"author":[{"embeddable":true,"href":"https:\/\/www.europesays.com\/fr\/wp-json\/wp\/v2\/users\/2"}],"replies":[{"embeddable":true,"href":"https:\/\/www.europesays.com\/fr\/wp-json\/wp\/v2\/comments?post=645733"}],"version-history":[{"count":0,"href":"https:\/\/www.europesays.com\/fr\/wp-json\/wp\/v2\/posts\/645733\/revisions"}],"wp:featuredmedia":[{"embeddable":true,"href":"https:\/\/www.europesays.com\/fr\/wp-json\/wp\/v2\/media\/645734"}],"wp:attachment":[{"href":"https:\/\/www.europesays.com\/fr\/wp-json\/wp\/v2\/media?parent=645733"}],"wp:term":[{"taxonomy":"category","embeddable":true,"href":"https:\/\/www.europesays.com\/fr\/wp-json\/wp\/v2\/categories?post=645733"},{"taxonomy":"post_tag","embeddable":true,"href":"https:\/\/www.europesays.com\/fr\/wp-json\/wp\/v2\/tags?post=645733"}],"curies":[{"name":"wp","href":"https:\/\/api.w.org\/{rel}","templated":true}]}}