{"id":645737,"date":"2026-01-06T22:26:11","date_gmt":"2026-01-06T22:26:11","guid":{"rendered":"https:\/\/www.europesays.com\/fr\/645737\/"},"modified":"2026-01-06T22:26:11","modified_gmt":"2026-01-06T22:26:11","slug":"atp-novak-djokovic-depuis-la-retraite-definitive-de-rafael-nadal-je-suis-vraiment-different-je-pensais-que-ce-ne-serait-pas-le-cas-mais-cest-pourtant-vrai","status":"publish","type":"post","link":"https:\/\/www.europesays.com\/fr\/645737\/","title":{"rendered":"ATP > Novak Djokovic : \u00ab\u00a0Depuis la retraite d\u00e9finitive de Rafael Nadal, je suis vraiment diff\u00e9rent. Je pensais que ce ne serait pas le cas, mais c&rsquo;est pourtant vrai\u00a0\u00bb"},"content":{"rendered":"<p>R\u00e9cemment de passage dans une \u00e9mis\u00adsion en Serbie, Novak Djokovic s\u2019est longue\u00adment confi\u00e9 sur sa carri\u00e8re et sa magni\u00adfique riva\u00adlit\u00e9 avec Roger Federer et Rafael Nadal.\u00a0<\/p>\n<p>Et apr\u00e8s \u00eatre <a href=\"https:\/\/www.welovetennis.fr\/atp\/djokovic-quand-je-suis-devenu-numero-1-mondial-lattitude-de-federer-et-nadal-envers-moi-a-change-surtout-federer-jai-senti-de-la-froideur-et-de-la-distance-jai-toujours-mieux-compris-nad\" data-wpel-link=\"internal\" target=\"_blank\" rel=\"noopener\">revenu sur certaines tensions entre eux<\/a> au moment o\u00f9 il est devenu num\u00e9ro 1 mondial, le Serbe a \u00e9voqu\u00e9 un certain vide depuis qu\u2019ils ont tous les deux pris leur retraite.\u00a0<\/p>\n<blockquote class=\"twitter-tweet\">\n<p lang=\"zxx\" dir=\"ltr\"><a href=\"https:\/\/t.co\/ddeEp3ULF8\" data-wpel-link=\"external\" target=\"_blank\" rel=\"nofollow external noopener\">pic.twitter.com\/ddeEp3ULF8<\/a><\/p>\n<p>\u2014 Chad Dinas (@ChadDinas) <a href=\"https:\/\/twitter.com\/ChadDinas\/status\/2007167158632231326?ref_src=twsrc%5Etfw\" data-wpel-link=\"external\" target=\"_blank\" rel=\"nofollow external noopener\">January 2,\u00a02026<\/a><\/p><\/blockquote>\n<p><strong>\u00ab\u202fUne grande partie de moi est partie avec\u00a0eux. Lorsque Federer est parti et que Nadal s\u2019est progres\u00adsi\u00adve\u00adment retir\u00e9, sans prendre offi\u00adciel\u00adle\u00adment sa retraite, mais m\u00eame lors\u00adqu\u2019il \u00e9tait encore l\u00e0, je me sentais diff\u00e9\u00adrent. Apr\u00e8s son d\u00e9part d\u00e9fi\u00adnitif, je suis vrai\u00adment diff\u00e9\u00adrent. Je pensais que ce ne serait pas le cas, mais c\u2019est pour\u00adtant\u00a0vrai\u2026\u202f\u00bb<\/strong><\/p>\n<p class=\"post-published-date\" style=\"color: silver; font-size: 75%; text-align: left;\">Publi\u00e9 le mardi 6 janvier 2026 \u00e0 19:45<\/p>\n<p>  <script async src=\"https:\/\/platform.twitter.com\/widgets.js\" charset=\"utf-8\"><\/script><\/p>\n","protected":false},"excerpt":{"rendered":"R\u00e9cemment de passage dans une \u00e9mis\u00adsion en Serbie, Novak Djokovic s\u2019est longue\u00adment confi\u00e9 sur sa carri\u00e8re et sa&hellip;\n","protected":false},"author":2,"featured_media":645738,"comment_status":"","ping_status":"","sticky":false,"template":"","format":"standard","meta":{"footnotes":""},"categories":[1415],"tags":[105,2199,1011,27,1960,60,1467],"class_list":{"0":"post-645737","1":"post","2":"type-post","3":"status-publish","4":"format-standard","5":"has-post-thumbnail","7":"category-tennis","8":"tag-djokovic","9":"tag-federer","10":"tag-fr","11":"tag-france","12":"tag-nadal","13":"tag-sports","14":"tag-tennis"},"share_on_mastodon":{"url":"","error":""},"_links":{"self":[{"href":"https:\/\/www.europesays.com\/fr\/wp-json\/wp\/v2\/posts\/645737","targetHints":{"allow":["GET"]}}],"collection":[{"href":"https:\/\/www.europesays.com\/fr\/wp-json\/wp\/v2\/posts"}],"about":[{"href":"https:\/\/www.europesays.com\/fr\/wp-json\/wp\/v2\/types\/post"}],"author":[{"embeddable":true,"href":"https:\/\/www.europesays.com\/fr\/wp-json\/wp\/v2\/users\/2"}],"replies":[{"embeddable":true,"href":"https:\/\/www.europesays.com\/fr\/wp-json\/wp\/v2\/comments?post=645737"}],"version-history":[{"count":0,"href":"https:\/\/www.europesays.com\/fr\/wp-json\/wp\/v2\/posts\/645737\/revisions"}],"wp:featuredmedia":[{"embeddable":true,"href":"https:\/\/www.europesays.com\/fr\/wp-json\/wp\/v2\/media\/645738"}],"wp:attachment":[{"href":"https:\/\/www.europesays.com\/fr\/wp-json\/wp\/v2\/media?parent=645737"}],"wp:term":[{"taxonomy":"category","embeddable":true,"href":"https:\/\/www.europesays.com\/fr\/wp-json\/wp\/v2\/categories?post=645737"},{"taxonomy":"post_tag","embeddable":true,"href":"https:\/\/www.europesays.com\/fr\/wp-json\/wp\/v2\/tags?post=645737"}],"curies":[{"name":"wp","href":"https:\/\/api.w.org\/{rel}","templated":true}]}}