{"id":645739,"date":"2026-01-06T22:30:11","date_gmt":"2026-01-06T22:30:11","guid":{"rendered":"https:\/\/www.europesays.com\/fr\/645739\/"},"modified":"2026-01-06T22:30:11","modified_gmt":"2026-01-06T22:30:11","slug":"il-y-a-30-ans-lannee-qui-a-change-le-cyclisme-actualite","status":"publish","type":"post","link":"https:\/\/www.europesays.com\/fr\/645739\/","title":{"rendered":"Il y a 30 ans, l&rsquo;ann\u00e9e qui a chang\u00e9 le cyclisme &#8211; Actualit\u00e9"},"content":{"rendered":"<p>Imaginez Remco Evenepoel, Pauline Ferrand-Pr\u00e9vot, Wout van Aert, Benjamin Thomas, Valentin Madouas, Christophe Laporte ou encore Tom Pidcock, interdits de participer aux Jeux olympiques de Paris en 2024 parce qu&rsquo;ils font partie d&rsquo;une \u00e9quipe pro. L&rsquo;id\u00e9e semble absurde aujourd&rsquo;hui mais c&rsquo;\u00e9tait la r\u00e9alit\u00e9 avant 1996. Il y a trente ans, Hein Verbruggen, le pr\u00e9sident de l&rsquo;UCI, fait aboutir la r\u00e9forme de la licence unique. La s\u00e9paration entre pros et amateurs est enfin abolie. L&rsquo;UCI ne conna\u00eet plus que des cat\u00e9gories d&rsquo;\u00e2ges : les Elites, les Juniors et entre les deux, les coureurs de moins de 23 ans. Un vieux r\u00eave bris\u00e9 pendant 100 ans par l&rsquo;olympisme et son obsession d&rsquo;une puret\u00e9 illusoire de l&rsquo;amateurisme.<\/p>\n<p>C&rsquo;est la fin d&rsquo;un long processus irr\u00e9m\u00e9diable depuis la r\u00e9unification de l&rsquo;Union cycliste internationale \u00e0 Orlando en novembre 1992. En effet, en 1964, le CIO a lanc\u00e9 un ultimatum \u00e0 l&rsquo;UCI. Pour conserver sa place dans le programme olympique, elle doit cr\u00e9er en moins d&rsquo;un an, une f\u00e9d\u00e9ration amateur s\u00e9par\u00e9e des professionnels. Au Championnat du Monde de 1965, l&rsquo;UCI se divise en deux : la FIAC pour les amateurs et la FICP pour les pros. L&rsquo;UCI chapeaute les deux. A cette \u00e9poque, le Comit\u00e9 international olympique est pr\u00e9sid\u00e9 par un extr\u00e9miste de l&rsquo;amateurisme, Avery Brundage. L&rsquo;Am\u00e9ricain trouve des alli\u00e9s de poids avec l&rsquo;URSS et ses pays satellites qui misent politiquement sur les Jeux olympiques \u00e0 partir de 1952, et qui rejettent le professionnalisme. Autant dire que l&rsquo;URSS pousse \u00e0 la roue pour cr\u00e9er la FIAC. En 1966, la FICP regroupe 11 pays et la FIAC, 100. La balance penche du c\u00f4t\u00e9 des Amateurs.<\/p>\n<p>Depuis l&rsquo;origine de la constitution des f\u00e9d\u00e9rations, l&rsquo;Angleterre cr\u00e9a, la premi\u00e8re, la cat\u00e9gorie Amateurs. Avec la cr\u00e9ation de l&rsquo;International Cyclist&rsquo;s Association en 1892, la premi\u00e8re f\u00e9d\u00e9ration internationale, domin\u00e9e par la vision anglaise du sport, <a href=\"https:\/\/www.directvelo.com\/actualite\/82640\/les-pros-et-les-amateurs-des-diables-et-des-petits-saints\" target=\"_blank\" rel=\"noopener\"><strong>l&rsquo;amateurisme coupe le cyclisme en deux<\/strong><\/a>\u00a0 et son entr\u00e9e au programme des Jeux olympiques en 1896 ne va rien arranger. Deux secr\u00e9taires g\u00e9n\u00e9raux de l&rsquo;UCI vont \u00a0pourtant proposer la licence unique. Les Fran\u00e7ais Paul Rousseau et Ren\u00e9 Chesal. En 1937, le premier lance : \u00ab\u00a0tous les coureurs cyclistes devraient pouvoir courir ensemble\u00a0\u00bb. En d\u00e9cembre 1966, le second \u00e9crit dans Miroir du Cyclisme, \u00ab\u00a0Le jour est proche o\u00f9 il n&rsquo;y aura plus que des coureurs cyclistes, qu&rsquo;un autre jour, plus faste encore, les Jeux olympiques seront ouverts \u00e0 tous les athl\u00e8tes du monde, avec une licence identique.(\u2026) Je fus \u00e9lev\u00e9 dans la croyance en la libert\u00e9, l&rsquo;\u00e9galit\u00e9, la fraternit\u00e9. Ce n&rsquo;est pas ma faute si je vois ces principes adaptables \u00e0 notre sport, cher entre tous, qui cache tant de religion en soi\u00a0\u00bb. Le Polonais Michal Jekiel, le successeur de Ren\u00e9 Chesal reprend le flambeau. Le 1er d\u00e9cembre 1979, il se prononce pour l&rsquo;ouverture des JO \u00e0 toutes les cat\u00e9gories.<\/p>\n<p>De cette division en deux f\u00e9d\u00e9rations va <a href=\"https:\/\/www.directvelo.com\/actualite\/93613\/1981-l-open-dans-toutes-les-tetes\" target=\"_blank\" rel=\"noopener\"><strong>na\u00eetre l&rsquo;envie de courses \u00ab\u00a0Open\u00a0\u00bb<\/strong><\/a>, ouvertes \u00e0 tous, (rien \u00e0 voir avec la nouvelle cat\u00e9gorie de licence de la FFC). Le premier Championnat du Monde professionnel sur route en 1927 \u00e9tait d&rsquo;ailleurs une course pour pros et amateurs. Et les premiers Championnats de France sur piste jusqu&rsquo;en 1892 ne connaissent pas la s\u00e9paration entre les deux. \u00a0Pour relancer sa course en 1967, F\u00e9lix L\u00e9vitan veut transformer le Tour de France en course open et l&rsquo;inscrire au calendrier amateur. La FIAC refuse. <a href=\"https:\/\/www.directvelo.com\/actualite\/93614\/1981-faire-sauter-le-rideau-de-fer-du-cio\" target=\"_blank\" rel=\"noopener\"><strong>L&rsquo;Open va s&rsquo;installer \u00e0 partir de 1974<\/strong><\/a>.<\/p>\n<p>Apr\u00e8s 1980, le nouveau pr\u00e9sident du CIO, Juan-Antonio Samaranch sent bien que pour vendre ses Jeux olympiques, trouver des villes et des pays qui investissent de l&rsquo;argent pour les recevoir, il faut recevoir les meilleurs athl\u00e8tes de chaque sport. En 1984, les pros du foot qui n&rsquo;ont pas disput\u00e9 de Coupe du Monde sont admis. En 1988, le tennis converti \u00e0 l&rsquo;Open depuis 1968 fait son retour. Les pros de la NBA font leur entr\u00e9e aux Jeux olympiques \u00e0 Barcelone, chez Samaranch. Hein Verbruggen sait que la r\u00e9unification de l&rsquo;UCI en 1992 est n\u00e9cessaire \u00e0 son projet de voir les pros aux Jeux en 1996.<\/p>\n<p><strong>LA POLITIQUE VA PLUS VITE QUE LE SPORT<\/strong><\/p>\n<p>La g\u00e9opolitique va aider au changement de braquet dans le v\u00e9lo et l&rsquo;Histoire va aller plus vite que les f\u00e9d\u00e9rations. Mikha\u00efl Gorbatchev, secr\u00e9taire g\u00e9n\u00e9ral du Parti communiste de l&rsquo;URSS, lance la perestro\u00efka pour reconstruire l&rsquo;\u00e9conomie et la glasnost (transparence) pour s&rsquo;ouvrir \u00e0 la libert\u00e9 d&rsquo;expression en 1985. Fin 1988, la f\u00e9d\u00e9ration cycliste sovi\u00e9tique autorise certains coureurs \u00e0 passer pro. C&rsquo;est la naissance de l&rsquo;\u00e9quipe Alfa Lum en Italie <a href=\"https:\/\/www.directvelo.com\/actualite\/93615\/1981-rendez-vous-manques-et-belles-rencontres\" target=\"_blank\" rel=\"noopener\"><strong>avec le mythique Soukhoroutchenkov<\/strong><\/a> et Dimitry Konyshev qui termine 2e du Championnat du Monde pro \u00e0 Chamb\u00e9ry derri\u00e8re Greg Lemond, l&rsquo;Am\u00e9ricain. La Pologne, pionni\u00e8re de l&rsquo;Open, aussi a sa premi\u00e8re \u00e9quipe pro, Exbud. La premi\u00e8re br\u00e8che. <\/p>\n<p>Mais la chute du Mur de Berlin le 9 novembre 1989 et l&rsquo;\u00e9croulement du bloc de l&rsquo;Est, ouvre les vannes et leurs meilleurs coureurs inondent le peloton des pros. Le Champion olympique 1988, l&rsquo;Allemand de l&rsquo;Est Olaf Ludwig -notre photo-, passe pro chez Panasonic au d\u00e9but de 1990. Il remporte le maillot vert du Tour de France d\u00e8s la premi\u00e8re ann\u00e9e, de quoi attiser les regrets. Il disputera le Championnat du Monde pro, une derni\u00e8re fois pour la RDA, avant la r\u00e9unification. Le Russe Viatcheslav Ekimov sera n\u00e9o-pro dans la m\u00eame \u00e9quipe, la m\u00eame ann\u00e9e.<\/p>\n<p>En 1994, Evgeni Berzin est le premier Russe \u00e0 remporter un Grand Tour, sur les routes du Giro. Il court pour la Gewiss. Chez les Dames Valentina Polkhanova gagne le Tour f\u00e9minin, l\u00e0 aussi c&rsquo;est une premi\u00e8re. En fait, en 1996, la licence unique a \u00e9t\u00e9 prise de vitesse par les changements g\u00e9opolitiques. Le professionnalisme r\u00e9unit d\u00e9j\u00e0 les meilleurs de chaque pays.<\/p>\n<p><strong>L&rsquo;ANNONCE FAITE A ESCHENBACH<\/strong><\/p>\n<p>Depuis la saison 1993, l&rsquo;UCI est donc r\u00e9unifi\u00e9e. Il y a donc des courses pros, amateurs et open. Le Championnat du Monde sur piste est r\u00e9unifi\u00e9 lui aussi. Enfin, pour les Hommes car chez les Dames, il n&rsquo;y a jamais eu de s\u00e9paration. Le cyclisme f\u00e9minin \u00e9tait rattach\u00e9 \u00e0 la FIAC. Ce qui explique pourquoi le Tour de France f\u00e9minin a d\u00fb se limiter \u00e0 douze ou quinze \u00e9tapes, comme la Course de la Paix et le Tour de l&rsquo;Avenir.\u00a0<\/p>\n<p>En 1994, le premier Championnat du Monde contre-la-montre est couru sous la formule open. La m\u00eame ann\u00e9e, le cyclo-cross retrouve un titre de Champion du Monde unifi\u00e9.\u00a0<a href=\"https:\/\/www.directvelo.com\/actualite\/93617\/1981-le-cyclo-cross-en-avance-sur-l-open\" target=\"_blank\" rel=\"noopener\"><strong>Retrouve, car c&rsquo;\u00e9tait le cas jusqu&rsquo;en 1966<\/strong><\/a>. Le Championnat de France de cyclo-cross est Open depuis 1991 et en r\u00e9alit\u00e9, les pros et les amateurs ont souvent eu l&rsquo;occasion de courir ensemble dans les sous-bois.\u00a0<\/p>\n<p>Et c&rsquo;est justement au Championnat du Monde de cyclo-cross, le 29 janvier 1995 \u00e0 Eschenbach, en Suisse, qu&rsquo;Hein Verbruggen annonce la fin de la distinction entre pros et amateurs pour l&rsquo;ann\u00e9e suivante. Et donc l&rsquo;arriv\u00e9e des pros aux Jeux d&rsquo;Atlanta. \u00ab\u00a0Ce n&rsquo;est pas une grande nouvelle\u00a0\u00bb, lance le Pr\u00e9sident de l&rsquo;UCI avant de prendre la parole. C&rsquo;est la suite logique du Congr\u00e8s d&rsquo;Orlando de 1992. Depuis l&rsquo;ann\u00e9e pr\u00e9c\u00e9dente, les commissions de l&rsquo;UCI travaillent \u00e0 cette licence unique.<\/p>\n<p>Le dernier Champion du Monde amateur sur route en 1995, Danny Nelissen, est en fait un ex-pro qui a d\u00e9j\u00e0 couru le Tour de France. Le Championnat des Pays-Bas s&rsquo;est d\u00e9j\u00e0 couru sous la formule Open. Nelissen termine 2e derri\u00e8re Servais Knaven. Quel meilleur symbole pour d\u00e9montrer que cette s\u00e9paration est artificielle et qu&rsquo;il est temps d&rsquo;en finir avec.<\/p>\n<p><strong>Classe 7<\/strong><\/p>\n<p>Ce n&rsquo;est pas une grande nouvelle pour Hein Verbruggen \u00e0 ce moment-l\u00e0, mais la pr\u00e9sentation du calendrier va s&rsquo;en trouver chamboul\u00e9e. Il n&rsquo;y a plus \u00a0de courses Open mais attention, l&rsquo;UCI n&rsquo;abandonne pas la hi\u00e9rarchie des courses. D\u00e9j\u00e0 le classement UCI classe les \u00e9preuves pour leur attribuer un bar\u00e8me. 1996 marque le d\u00e9but de la classification des courses dans le calendrier avec des .1 et .2 et m\u00eame plus.<\/p>\n<p>En 1996, l&rsquo;UCI d\u00e9finit un calendrier mondial, qui deviendra le ProTour, et un calendrier continental.<\/p>\n<p>Calendrier mondial : Grands Tours et Coupe du Monde, \u00a0r\u00e9serv\u00e9 aux groupes sportifs de 1\u00e8re et 2\u00e8me division<\/p>\n<p>Calendrier continental :<br \/>classe 1 : pour \u00e9quipes 1\u00e8re et 2\u00e8me division. Interdit aux autres \u00e9quipes<br \/>classe 2 : pour \u00e9quipes 1\u00e8re et 2\u00e8me division. 20% maximum d&rsquo;autres \u00e9quipes<br \/>classe 3 : pour \u00e9quipes 1\u00e8re et 2\u00e8me division. 30% maximum d&rsquo;autres \u00e9quipes<br \/>classe 4 : pour \u00e9quipes 1\u00e8re et 2\u00e8me division. 50% maximum d&rsquo;autres \u00e9quipes<br \/>classe 5 : 30% maximum d&rsquo;\u00e9quipe 1\u00e8re division. 50% maximum d&rsquo;\u00e9quipes 1\u00e8re et 2\u00e8me division r\u00e9unies.\u00a0<br \/>Classe 6 et 7 n&rsquo;apportent pas de points. La Ronde de l&rsquo;Isard, par exemple, est class\u00e9e 2.6 en 1996<\/p>\n<p>Les autres \u00e9quipes ce sont les s\u00e9lections nationales mais aussi les clubs. Jusqu&rsquo;\u00e0 la cr\u00e9ation de la 3e division en 1999, des DN1 participent aux manches de la Coupe de France pro class\u00e9es 1.2 et en dessous. La classe Hors-Cat\u00e9gorie sera cr\u00e9\u00e9e en 1998, rattach\u00e9e au calendrier mondial. Si en 2005, l&rsquo;UCI rassemble le calendrier continental en deux classes, 1 et 2, la nomenclature des courses date bien de 1996.<\/p>\n<p><strong>GS I ET GS II DANS LE CLASSEMENT UCI<\/strong><\/p>\n<p>N\u00e9 en 1984 sous le nom Classement V\u00e9lo (du nom du magazine devenu V\u00e9lomagazine), le classement UCI &#8211; UER (l&rsquo;Eurovision) &#8211; AIOCC (les organisateurs) c\u00e8de la place au classement UCI route. D\u00e8s 1989, le classement par \u00e9quipes sert \u00e0 qualifier d&rsquo;office les meilleures \u00e9quipes pour la Coupe du Monde.\u00a0<\/p>\n<p>Mais \u00e0 partir de 1996, le classement par \u00e9quipes sert \u00e0 d\u00e9finir deux cat\u00e9gories de groupes sportifs. Les 22 premiers en GS I, invit\u00e9s obligatoires en Coupe du \u00a0Monde. Les 18 premiers sont obligatoirement invit\u00e9s dans les Grands Tours. Il n&rsquo;y a pas encore les obligations de participer du ProTour, mais c&rsquo;est la premi\u00e8re \u00e9tape. Au del\u00e0 de la 22e place, ce sont les GS II.<\/p>\n<p>Le classement UCI va bien illustrer l&rsquo;ouverture du cyclisme gr\u00e2ce \u00e0 la r\u00e9forme de 1996 qui a vu l&rsquo;augmentation du nombre de courses prises en compte. Au 15 janvier 1996, il y a 696 class\u00e9s. Dix mois plus tard, ils sont 1427. Plusieurs pays apparaissent par rapport \u00e0 1995 : le Kazakhstan, le Japon, la Chine, l&rsquo;Afrique du Sud, la Slovaquie, l&rsquo;Egypte ou l&rsquo;Iran. La Slov\u00e9nie passe d&rsquo;un seul \u00e0 16 coureurs class\u00e9s.<\/p>\n<p>Chez les Femmes, il y a un Challenge mondial (comme pour les Amateurs et les Juniors) qui prend en compte un nombre limit\u00e9 d&rsquo;\u00e9preuves (12 dont le Tour de l&rsquo;Aude et le Tour F\u00e9minin) sur la saison qui red\u00e9marre \u00e0 z\u00e9ro au d\u00e9but de l&rsquo;ann\u00e9e. A partir de 1997, elles auront aussi droit \u00e0 un classement UCI calcul\u00e9 sur les r\u00e9sultats de tout le calendrier des douze dernier mois.<\/p>\n<p><strong>LA FRANCE DANS LE CREUX DE LA VAGUE<\/strong><\/p>\n<p>Si le cyclisme professionnel fran\u00e7ais est dans le dur en 2026, ce n&rsquo;est rien \u00e0 c\u00f4t\u00e9 de la situation au d\u00e9but de l&rsquo;ann\u00e9e 1996. Au classement UCI du 31 d\u00e9cembre 1995, la meilleure \u00e9quipe fran\u00e7aise est Castorama (18e) devant le Gan, 21e. Festina (11e) est affili\u00e9e \u00e0 la f\u00e9d\u00e9ration andorrane. Mais Castorama, lointaine h\u00e9riti\u00e8re de Gitane, Renault-Gitane et Syst\u00e8me U, met la clef sous la porte. Le Groupement, l&rsquo;\u00e9quipe du Champion du Monde Luc Leblanc n&rsquo;a pas fini l&rsquo;exercice 1995. Une partie de ses coureurs, comme Fr\u00e9d\u00e9ric Guesdon et Emmanuel Hubert, a termin\u00e9 la saison sous le maillot de la Ligue du Cyclisme Professionnel Fran\u00e7ais.<\/p>\n<p>1996 va \u00eatre du m\u00eame tonneau. Force Sud, lanc\u00e9e sans le budget n\u00e9cessaire, va vite laisser les coureurs le bec dans l&rsquo;eau. Agrigel-La Creuse, n\u00e9e de la seule volont\u00e9 du Pr\u00e9sident du Conseil G\u00e9n\u00e9ral de la Creuse ne va durer qu&rsquo;une ann\u00e9e. Les coureurs re\u00e7oivent leurs maillots quelques minutes avant le d\u00e9part de La Marseillaise, la course d&rsquo;ouverture. Un mois plus tard, ils arrivent trop tard au d\u00e9part du Het Volk (c&rsquo;\u00e9tait avant le GPS). Mais l&rsquo;\u00e9quipe participe au Tour de France.<\/p>\n<p>La nouvelle \u00e9quipe de Vincent Lavenu n&rsquo;aura pas le droit \u00e0 la Grande Boucle. Apr\u00e8s l&rsquo;arr\u00eat du parrainage de Chazal, l&rsquo;infatigable Vincent Lavenu part \u00e0 la recherches de partenaires, comme il l&rsquo;avait fait pour cr\u00e9er Chazal-Vanille et M\u00fbre en 1992. Il d\u00e9croche le soutien des sup\u00e9rettes Petit Casino mais pour boucler le budget, il a une id\u00e9e. Demander au public de mettre au pot, de verser son obole. Vincent Lavenu est un pr\u00e9curseur des cagnottes. Ce sera donc Petit Casino-C&rsquo;est votre \u00e9quipe, le germe de Decathlon CMA CGM.\u00a0<\/p>\n<p>Il y aura donc trois groupes sportifs fran\u00e7ais au d\u00e9part du Tour de France \u00e0 Bois-le-Duc aux Pays-Bas, comme en 1995. Gan, Agrigel-La Creuse et Aubervilliers 93-Peugeot qui gagnera une \u00e9tape avec Cyril Saugrain. Trois \u00e9quipes, c&rsquo;est le plus petit nombre depuis le retour des \u00e9quipes de marques dans le Tour de France 1962.<\/p>\n<p>En revanche, il y a six groupes sportifs italiens parmi les dix premiers du classement par \u00e9quipes UCI \u00e0 la fin de 1995, sept si on compte la Mercatone Uno de Francesco Casagrande, h\u00e9berg\u00e9e \u00e0 Saint-Marin. Le coeur du cyclisme pro bat alors en Italie. Les docteurs italiens ont la cote, on va finir par en retrouver dans les \u00e9quipes fran\u00e7aises.<\/p>\n<p><strong>CODE UCI<\/strong><\/p>\n<p>1996 c&rsquo;est aussi le d\u00e9but de l&rsquo;identification de tous les coureurs par un code UCI qui fonctionne de la m\u00eame fa\u00e7on pour la route, le cyclo-cross, la piste, le VTT ou le BMX. Pour les routiers pros, il existait d\u00e9j\u00e0 un num\u00e9ro FICP qui \u00e9tait en fait un num\u00e9ro d&rsquo;ordre.<\/p>\n<p>Le nouveau code UCI de 1996 est facile \u00e0 comprendre. Il commence par le code du pays en trois lettres suivi de l&rsquo;ann\u00e9e de naissance, le mois et le jour en chiffres. Le code de Johan Museeuw est donc BEL19651013, FRA19681130 est celui de Laurent Jalabert et derri\u00e8re DEN19640403 se cache Bjarne Riis. Ce code va exister 20 ans, jusqu&rsquo;\u00e0 la cr\u00e9ation de l&rsquo;UCI ID en 2017.<\/p>\n<p><strong>ELITE 1, ELITE 2, ELITE 3, NATIONALE<\/strong><\/p>\n<p>La FFC va, elle aussi, r\u00e9former ses cat\u00e9gories en 1996. Si l&rsquo;UCI ne reconnait que les Elites, la F\u00e9d\u00e9ration va les d\u00e9couper en trois : Les coureurs avec un contrat dans un groupe sportif \u00a0sont Elite 1. En dessous, ceux qui sont dans des clubs sont class\u00e9s Elite 2, Elite 3 puis Nationaux, R\u00e9gional 1, R\u00e9gional 2 pour remplacer les 1\u00e8re, 2e, 3e, 4e cat\u00e9gories, voir les 5e cat\u00e9gories dans certains comit\u00e9s. Les V\u00e9lo Loisir F\u00e9d\u00e9ral, 1, 2, 3 subsistent. Il n&rsquo;y a pas de distinction entre les Juniors et les S\u00e9niors dans le classement&#8230; comme dans la r\u00e9forme de 2023 mais des organisateurs peuvent interdire les Juniors de leur \u00e9preuve.<\/p>\n<p>Puisqu&rsquo;il n&rsquo;y a plus que des Elites, il n&rsquo;y aura qu&rsquo;un seul Championnat de France, comme &#8230; en 1921. Les six meilleures DN1 sont qualifi\u00e9es plus les 20 meilleurs coureurs de DN membres des clubs non qualifi\u00e9s. Cette situation va durer jusqu&rsquo;en 1998.<\/p>\n<p>Mais pour attribuer la cat\u00e9gorie aux coureurs qui correspond \u00e0 son vrai niveau, m\u00eame s&rsquo;ils freinent, la FFC lance un nouvel outil tout neuf, le classement FFC.<\/p>\n<p><strong>UN NOUVEAU CLASSEMENT FFC<\/strong><\/p>\n<p>\u00ab\u00a0Issu du grand d\u00e9bat \u00ab\u00a0Objectif 2000&Prime; lanc\u00e9 en 1984, le classement \u00a0FFC constitue un remarquable outil de motivation et de r\u00e9alisation de soi. En effet, pour \u00e9prouver du plaisir un coureur doit pouvoir \u00e9voluer au niveau qui correspond le mieux \u00e0 sa valeur sportive\u00a0\u00bb, voil\u00e0 l&rsquo;objectif donn\u00e9 au nouveau classement FFC qui voit le jour en 1996. Depuis une dizaine d&rsquo;ann\u00e9e, le classement national a connu plusieurs versions, au gr\u00e9 des commanditaires ou des supports. En 1995, le classement FFC, c&rsquo;est le classement V\u00e9lomagazine pour les Amateurs, les Juniors et les Dames. Il va servir pour attribuer les licences Elite 2, 3 et National.\u00a0<br \/>Mais en 1996, l&rsquo;informatique permet \u00e0 la FFC d&rsquo;avoir son propre classement, car il va falloir s&rsquo;y retrouver entre tous les bar\u00e8mes.\u00a0<\/p>\n<p>A la suite de la nomenclature des courses UCI, les courses nationales h\u00e9ritent de la leur : 1.12, 1.13, 1.14, 1.15. Seuls les 30 meilleures lignes de r\u00e9sultats sont prises en compte. Mais en plus d&rsquo;un bar\u00e8me pour chaque cat\u00e9gorie, la F\u00e9d\u00e9ration invente les coefficients pond\u00e9rateurs.\u00a0<\/p>\n<p>D&rsquo;abord pour les points UCI. Ils sont multipli\u00e9s par 400 pour \u00eatre convertis en points FFC. Car dans l&rsquo;esprit de la r\u00e9forme de la licence unique, Laurent Jalabert et tous les \u00ab\u00a0pros\u00a0\u00bb figurent dans le classement national, au m\u00eame titre que les coureurs Nationaux. L&rsquo;autre coefficient pond\u00e9rateur concerne les courses nationales et r\u00e9gionales. Il est calcul\u00e9 en fonction du nombre de partants. S&rsquo;ils sont 100, le coefficient est de 1. S&rsquo;ils sont 120, il est de 1,20 et s&rsquo;ils ne sont que 80, il est de 0,8. La pond\u00e9ration ne peut \u00eatre sup\u00e9rieure \u00e0 1,30 et inf\u00e9rieure \u00e0 0,60. Ce syst\u00e8me a l&rsquo;inconv\u00e9nient qu&rsquo;un coureur ne connait pas au moment o\u00f9 il s&rsquo;engage, le nombre de points \u00e0 marquer.<\/p>\n<p>Merveille de la t\u00e9l\u00e9matique, le service minitel de la f\u00e9d\u00e9ration (on ne dit pas site pour le minitel) permet de consulter ce classement national sur 3615 code FFC.<\/p>\n","protected":false},"excerpt":{"rendered":"Imaginez Remco Evenepoel, Pauline Ferrand-Pr\u00e9vot, Wout van Aert, Benjamin Thomas, Valentin Madouas, Christophe Laporte ou encore Tom Pidcock,&hellip;\n","protected":false},"author":2,"featured_media":645740,"comment_status":"","ping_status":"","sticky":false,"template":"","format":"standard","meta":{"footnotes":""},"categories":[1411],"tags":[834,828,836,829,837,827,83,826,824,823,1154,207,814,817,815,816,822,821,832,211,839,1011,27,820,818,819,835,831,830,833,838,60,212,208,825],"class_list":{"0":"post-645739","1":"post","2":"type-post","3":"status-publish","4":"format-standard","5":"has-post-thumbnail","7":"category-cyclisme","8":"tag-attaque","9":"tag-belgique","10":"tag-braquet","11":"tag-bretagne","12":"tag-chute","13":"tag-competition","14":"tag-coupe-de-france","15":"tag-coureur","16":"tag-course-cyclisme","17":"tag-course-cycliste","18":"tag-cycling","19":"tag-cyclisme","20":"tag-direct","21":"tag-direct-velo","22":"tag-directvelo","23":"tag-directvelo-com","24":"tag-epreuve","25":"tag-epreuve-cycliste","26":"tag-federation-francaise-de-cyclisme","27":"tag-ffc","28":"tag-flandres","29":"tag-fr","30":"tag-france","31":"tag-live","32":"tag-live-course","33":"tag-live-epreuve","34":"tag-peloton","35":"tag-radio-peloton","36":"tag-radio-tour","37":"tag-ravitaillement","38":"tag-relance","39":"tag-sports","40":"tag-uci","41":"tag-velo","42":"tag-velos"},"share_on_mastodon":{"url":"https:\/\/pubeurope.com\/@fr\/115850525090215867","error":""},"_links":{"self":[{"href":"https:\/\/www.europesays.com\/fr\/wp-json\/wp\/v2\/posts\/645739","targetHints":{"allow":["GET"]}}],"collection":[{"href":"https:\/\/www.europesays.com\/fr\/wp-json\/wp\/v2\/posts"}],"about":[{"href":"https:\/\/www.europesays.com\/fr\/wp-json\/wp\/v2\/types\/post"}],"author":[{"embeddable":true,"href":"https:\/\/www.europesays.com\/fr\/wp-json\/wp\/v2\/users\/2"}],"replies":[{"embeddable":true,"href":"https:\/\/www.europesays.com\/fr\/wp-json\/wp\/v2\/comments?post=645739"}],"version-history":[{"count":0,"href":"https:\/\/www.europesays.com\/fr\/wp-json\/wp\/v2\/posts\/645739\/revisions"}],"wp:featuredmedia":[{"embeddable":true,"href":"https:\/\/www.europesays.com\/fr\/wp-json\/wp\/v2\/media\/645740"}],"wp:attachment":[{"href":"https:\/\/www.europesays.com\/fr\/wp-json\/wp\/v2\/media?parent=645739"}],"wp:term":[{"taxonomy":"category","embeddable":true,"href":"https:\/\/www.europesays.com\/fr\/wp-json\/wp\/v2\/categories?post=645739"},{"taxonomy":"post_tag","embeddable":true,"href":"https:\/\/www.europesays.com\/fr\/wp-json\/wp\/v2\/tags?post=645739"}],"curies":[{"name":"wp","href":"https:\/\/api.w.org\/{rel}","templated":true}]}}