{"id":645744,"date":"2026-01-06T22:33:25","date_gmt":"2026-01-06T22:33:25","guid":{"rendered":"https:\/\/www.europesays.com\/fr\/645744\/"},"modified":"2026-01-06T22:33:25","modified_gmt":"2026-01-06T22:33:25","slug":"en-images-vos-photos-de-bonshommes-de-neige-et-de-paysages-recouverts-de-blanc","status":"publish","type":"post","link":"https:\/\/www.europesays.com\/fr\/645744\/","title":{"rendered":"EN IMAGES. Vos photos de bonshommes de neige et de paysages recouverts de blanc"},"content":{"rendered":"<p class=\"article__intro\">Reims (Marne) et ses environs se r\u00e9veillent avec de la neige \u00e0 perte de vue, le lundi 5 janvier 2026. Voici plusieurs photographies de paysages urbains enneig\u00e9s, dont certaines envoy\u00e9es par les internautes de France 3 Champagne-Ardenne.<\/p>\n<p>\n      L\u2019actu des r\u00e9gions\n    <\/p>\n<p>\n      Chaque jour, un tour d\u2019horizon des principales infos de toutes les r\u00e9gions.\n    <\/p>\n<p>    France T\u00e9l\u00e9visions utilise votre adresse e-mail afin de vous envoyer la newsletter \u00ab\u00a0L\u2019actu des r\u00e9gions\u00a0\u00bb. Vous pouvez vous d\u00e9sinscrire \u00e0 tout moment via le lien en bas de cette newsletter. <a target=\"_blank\" href=\"https:\/\/www.francetelevisions.fr\/groupe\/confidentialite\/politique-de-confidentialite\/politique-de-confidentialite-de-france-televisions-6503\" rel=\"noopener\">Notre politique de confidentialit\u00e9<\/a><\/p>\n<p>L&rsquo;hiver est bien l\u00e0, et il a apport\u00e9 son manteau neigeux. Reims (Marne) s&rsquo;est r\u00e9veill\u00e9e enneig\u00e9e, comme bien d&rsquo;autres localit\u00e9s de la r\u00e9gion le lundi 5 janvier 2026 (dans les Ardennes, les transports \u00e0 <a href=\"https:\/\/france3-regions.franceinfo.fr\/grand-est\/ardennes\/charleville-mezieres\/neige-les-transports-en-commun-suspendus-a-charleville-mezieres-et-sedan-3276728.html\" target=\"_blank\" rel=\"noopener noreferrer nofollow\" data-tooltip-url=\"https:\/\/france3-regions.franceinfo.fr\/grand-est\/ardennes\/charleville-mezieres\/neige-les-transports-en-commun-suspendus-a-charleville-mezieres-et-sedan-3276728.html\">Charleville en ont fait les frais<\/a>).<\/p>\n<p>Dans la Cit\u00e9 des sacres, la butte Saint-Nicaise, au sud de la ville, a \u00e9t\u00e9 saupoudr\u00e9e. Quelqu&rsquo;un a m\u00eame d\u00e9laiss\u00e9 le banc, pas tr\u00e8s au sec, pour construire un <a href=\"https:\/\/www.youtube.com\/watch?v=QzSWsKA0bT8\" target=\"_blank\" rel=\"noopener noreferrer nofollow\" data-tooltip-url=\"https:\/\/www.youtube.com\/watch?v=QzSWsKA0bT8\">bonhomme de neige (une certaine princesse appr\u00e9ciera)<\/a>.<\/p>\n<p><a data-article-figure=\"\" href=\"https:\/\/france3-regions.franceinfo.fr\/image\/9JBAioXxE0k4lT5LJpYy6VcMLAs\/3024x4032\/regions\/2026\/01\/06\/whatsapp-image-2026-01-06-at-09-55-40-1-695d1ebc33170775913934.jpg\" data-pswp-width=\"3024\" data-pswp-height=\"4032\" target=\"_blank\" rel=\"noopener\"><\/p>\n<p>          <img width=\"600\" height=\"400\" class=\"article-image lazy\" data-src=\"https:\/\/www.europesays.com\/fr\/wp-content\/uploads\/2026\/01\/whatsapp-image-2026-01-06-at-09-55-40-1-695d1ebc33170775913934.jpg\" alt=\"Un bonhomme de neige r\u00e9mois \u00e0 c\u00f4t\u00e9 de la butte Saint-Nicaise, photographi\u00e9 au petit matin, le mardi 06 janvier 2026.\" fetchpriority=\"high\" as=\"image\"\/><\/p>\n<p>\n            Un bonhomme de neige r\u00e9mois \u00e0 c\u00f4t\u00e9 de la butte Saint-Nicaise, photographi\u00e9 au petit matin, le mardi 06 janvier 2026.<br \/>\n                           \u2022<br \/>\n                                      \u00a9 Anne-Laure Helleu, France T\u00e9l\u00e9visions\n                      <\/p>\n<p><\/a><br \/>\n<a data-article-figure=\"\" href=\"https:\/\/france3-regions.franceinfo.fr\/image\/oYtonkDyLkZOFUDRUodeoq-j3PU\/3024x4032\/regions\/2026\/01\/06\/whatsapp-image-2026-01-06-at-09-55-40-2-695d1ef80a279667156580.jpg\" data-pswp-width=\"3024\" data-pswp-height=\"4032\" target=\"_blank\" rel=\"noopener\"><\/p>\n<p>          <img width=\"600\" height=\"400\" class=\"article-image lazy\" data-src=\"https:\/\/www.europesays.com\/fr\/wp-content\/uploads\/2026\/01\/whatsapp-image-2026-01-06-at-09-55-40-2-695d1ef80a279667156580.jpg\" alt=\"Un banc couvert de neige au parc de la butte Saint-Nicaise, t\u00f4t le mardi 06 janvier 2026.\" fetchpriority=\"high\" as=\"image\"\/><\/p>\n<p>\n            Un banc couvert de neige au parc de la butte Saint-Nicaise, t\u00f4t le mardi 06 janvier 2026.<br \/>\n                           \u2022<br \/>\n                                      \u00a9 Anne-Laure Helleu, France T\u00e9l\u00e9visions\n                      <\/p>\n<p><\/a><\/p>\n<p>Et les images captur\u00e9es au renomm\u00e9 parc de Champagne de Reims \u00e9taient particuli\u00e8rement saisissantes. Surtout quand la neige n&rsquo;avait pas encore eu le temps d&rsquo;\u00eatre foul\u00e9e du pied. Une \u00e9tendue immacul\u00e9e, c&rsquo;est toujours plus joli qu&rsquo;un tas de boue blanch\u00e2tre&#8230;<\/p>\n<p><a data-article-figure=\"\" href=\"https:\/\/france3-regions.franceinfo.fr\/image\/5it0O8SJaqIrfdL9B65LogOZtT4\/3024x4032\/regions\/2026\/01\/06\/whatsapp-image-2026-01-06-at-09-55-41-695d1f7281f25546885531.jpg\" data-pswp-width=\"3024\" data-pswp-height=\"4032\" target=\"_blank\" rel=\"noopener\"><\/p>\n<p>          <img width=\"600\" height=\"400\" class=\"article-image lazy\" data-src=\"https:\/\/www.europesays.com\/fr\/wp-content\/uploads\/2026\/01\/whatsapp-image-2026-01-06-at-09-55-41-695d1f7281f25546885531.jpg\" alt=\"Les all\u00e9es immacul\u00e9es du parc de Champagne, le matin du mardi 06 janvier 2026.\" fetchpriority=\"high\" as=\"image\"\/><\/p>\n<p>\n            Les all\u00e9es immacul\u00e9es du parc de Champagne, le matin du mardi 06 janvier 2026.<br \/>\n                           \u2022<br \/>\n                                      \u00a9 Anne-Laure Helleu, France T\u00e9l\u00e9visions\n                      <\/p>\n<p><\/a><br \/>\n<a data-article-figure=\"\" href=\"https:\/\/france3-regions.franceinfo.fr\/image\/2gYAq90XTK8-12tQqO9_8BdJi4g\/4032x3024\/regions\/2026\/01\/06\/whatsapp-image-2026-01-06-at-09-55-40-5-695d1fc8dac05347498411.jpg\" data-pswp-width=\"4032\" data-pswp-height=\"3024\" target=\"_blank\" rel=\"noopener\"><\/p>\n<p>          <img width=\"600\" height=\"400\" class=\"article-image lazy\" data-src=\"https:\/\/www.europesays.com\/fr\/wp-content\/uploads\/2026\/01\/whatsapp-image-2026-01-06-at-09-55-40-5-695d1fc8dac05347498411.jpg\" alt=\"La vaste \u00e9tendue de la plaine centrale du parc de Champagne, le mardi 06 janvier 2026, couverte de neige.\" fetchpriority=\"high\" as=\"image\"\/><\/p>\n<p>\n            La vaste \u00e9tendue de la plaine centrale du parc de Champagne, le mardi 06 janvier 2026, couverte de neige.<br \/>\n                           \u2022<br \/>\n                                      \u00a9 Anne-Laure Helleu, France T\u00e9l\u00e9visions\n                      <\/p>\n<p><\/a><br \/>\n<a data-article-figure=\"\" href=\"https:\/\/france3-regions.franceinfo.fr\/image\/i1isxLdPn1HnHwL73Vpqm2OiYSQ\/3024x4032\/regions\/2026\/01\/06\/whatsapp-image-2026-01-06-at-09-55-40-4-695d2050908a4936879906.jpg\" data-pswp-width=\"3024\" data-pswp-height=\"4032\" target=\"_blank\" rel=\"noopener\"><\/p>\n<p>          <img width=\"600\" height=\"400\" class=\"article-image lazy\" data-src=\"https:\/\/www.europesays.com\/fr\/wp-content\/uploads\/2026\/01\/whatsapp-image-2026-01-06-at-09-55-40-4-695d2050908a4936879906.jpg\" alt=\"Des branchettes couvertes de neige au parc de Champagne, le mardi 06 janvier 2026.\" fetchpriority=\"high\" as=\"image\"\/><\/p>\n<p>\n            Des branchettes couvertes de neige au parc de Champagne, le mardi 06 janvier 2026.<br \/>\n                           \u2022<br \/>\n                                      \u00a9 Anne-Laure Helleu, France T\u00e9l\u00e9visions\n                      <\/p>\n<p><\/a><\/p>\n<p>Mais <a href=\"https:\/\/www.facebook.com\/france3champagneardenne\/posts\/pfbid0S1ZvbNm5ECkMNoA1SmBhEf6VNuHVPfUS6kbEvGJtUnKvqgjxwoX63oNQPFaLWiGZl\" target=\"_blank\" rel=\"noopener noreferrer nofollow\" data-tooltip-url=\"https:\/\/www.facebook.com\/france3champagneardenne\/posts\/pfbid0S1ZvbNm5ECkMNoA1SmBhEf6VNuHVPfUS6kbEvGJtUnKvqgjxwoX63oNQPFaLWiGZl\">France 3 Champagne-Ardenne a aussi fait appel<\/a> \u00e0 sa ressource premi\u00e8re : vous, ses internautes. De quoi ajouter de beaux clich\u00e9s, dignes de cartes postales enneig\u00e9es, au pr\u00e9sent article. Par exemple cette magnifique composition envoy\u00e9e depuis les jolis parcs de Ch\u00e2lons (Marne).<\/p>\n<p><a data-article-figure=\"\" href=\"https:\/\/france3-regions.franceinfo.fr\/image\/YWNVwm7KJsh1bjRSNCUUGrOlFUE\/1600x900\/regions\/2026\/01\/06\/montage-fee-enneigee-de-chalons-695d2431a4dce520486170.jpg\" data-pswp-width=\"1600\" data-pswp-height=\"900\" target=\"_blank\" rel=\"noopener\"><\/p>\n<p>          <img width=\"600\" height=\"400\" class=\"article-image lazy\" data-src=\"https:\/\/www.europesays.com\/fr\/wp-content\/uploads\/2026\/01\/montage-fee-enneigee-de-chalons-695d2431a4dce520486170.jpg\" alt=\"Des sc\u00e8nes f\u00e9\u00e9riques dans les jardins publics de Ch\u00e2lons-en-Champagne, apr\u00e8s les chutes de neige.\" fetchpriority=\"high\" as=\"image\"\/><\/p>\n<p>\n            Des sc\u00e8nes f\u00e9\u00e9riques dans les jardins publics de Ch\u00e2lons-en-Champagne, apr\u00e8s les chutes de neige.<br \/>\n                           \u2022<br \/>\n                                      \u00a9 Isabelle Sommesous\n                      <\/p>\n<p><\/a><\/p>\n<p>Conjugu\u00e9 \u00e0 la neige, le coucher de soleil a offert un beau spectacle.<\/p>\n<p><a data-article-figure=\"\" href=\"https:\/\/france3-regions.franceinfo.fr\/image\/j6iGAWBObjLEFTrMKJTy2-qf-Wg\/720x960\/regions\/2026\/01\/06\/608209367-865113496166766-1344086335605906938-n-695d2ee9380d5836116094.jpg\" data-pswp-width=\"720\" data-pswp-height=\"960\" target=\"_blank\" rel=\"noopener\"><\/p>\n<p>          <img width=\"600\" height=\"400\" class=\"article-image lazy\" data-src=\"https:\/\/www.europesays.com\/fr\/wp-content\/uploads\/2026\/01\/608209367-865113496166766-1344086335605906938-n-695d2ee9380d5836116094.jpg\" alt=\"Astre solaire et neige dans le secteur ch\u00e2lonnais.\" fetchpriority=\"high\" as=\"image\"\/><\/p>\n<p>\n            Astre solaire et neige dans le secteur ch\u00e2lonnais.<br \/>\n                           \u2022<br \/>\n                                      \u00a9 Jennifer Habert-Giboni\n                      <\/p>\n<p><\/a><\/p>\n<p>Reims n&rsquo;\u00e9tait pas en reste, les principaux monuments de la ville prenant leurs habits d&rsquo;hiver.<\/p>\n<p><a data-article-figure=\"\" href=\"https:\/\/france3-regions.franceinfo.fr\/image\/VbLLtKbm-AlzFwcp4-gulBaihp4\/1600x2000\/regions\/2026\/01\/06\/montage-carre-reims-neige-695d2cfc49955512539514.jpg\" data-pswp-width=\"1600\" data-pswp-height=\"2000\" target=\"_blank\" rel=\"noopener\"><\/p>\n<p>          <img width=\"600\" height=\"400\" class=\"article-image lazy\" data-src=\"https:\/\/www.europesays.com\/fr\/wp-content\/uploads\/2026\/01\/montage-carre-reims-neige-695d2cfc49955512539514.jpg\" alt=\"Les principaux monuments de Reims, enneig\u00e9s le lundi 05 janvier 2026.\" fetchpriority=\"high\" as=\"image\"\/><\/p>\n<p>\n            Les principaux monuments de Reims, enneig\u00e9s le lundi 05 janvier 2026.<br \/>\n                           \u2022<br \/>\n                                      \u00a9 Delphine Le Normand\n                      <\/p>\n<p><\/a><\/p>\n<p>Sur les 2,5 centim\u00e8tres de neige tomb\u00e9s \u00e0 Vitry-le-France Trois (Marne), les enfants ont trac\u00e9 des anges de neige&#8230;<\/p>\n<p><a data-article-figure=\"\" href=\"https:\/\/france3-regions.franceinfo.fr\/image\/l_DMd5B_0LtaB-mbnxaBiO6mh3c\/1563x720\/regions\/2026\/01\/06\/611917985-1422236566168541-8950835858097472897-n-695d2d98049ef934055601.jpg\" data-pswp-width=\"1563\" data-pswp-height=\"720\" target=\"_blank\" rel=\"noopener\"><\/p>\n<p>          <img width=\"600\" height=\"400\" class=\"article-image lazy\" data-src=\"https:\/\/www.europesays.com\/fr\/wp-content\/uploads\/2026\/01\/611917985-1422236566168541-8950835858097472897-n-695d2d98049ef934055601.jpg\" alt=\"Anges de neige trac\u00e9s sur le trottoir \u00e0 Vitry-le-Fran\u00e7ois.\" fetchpriority=\"high\" as=\"image\"\/><\/p>\n<p>\n            Anges de neige trac\u00e9s sur le trottoir \u00e0 Vitry-le-Fran\u00e7ois.<br \/>\n                           \u2022<br \/>\n                                      \u00a9 Mme Martinet\n                      <\/p>\n<p><\/a><\/p>\n<p>Tandis que du c\u00f4t\u00e9 de Vassimont-et-Chapelaine, la neige fait office de carte de voeux.<\/p>\n<p><a data-article-figure=\"\" href=\"https:\/\/france3-regions.franceinfo.fr\/image\/PxZAojP6EvmXbFz8kjbPoeRIVjg\/720x1280\/regions\/2026\/01\/06\/600360769-2753271508338167-2009656458342252080-n-695d2f74ce898372560731.jpg\" data-pswp-width=\"720\" data-pswp-height=\"1280\" target=\"_blank\" rel=\"noopener\"><\/p>\n<p>          <img width=\"600\" height=\"400\" class=\"article-image lazy\" data-src=\"https:\/\/www.europesays.com\/fr\/wp-content\/uploads\/2026\/01\/600360769-2753271508338167-2009656458342252080-n-695d2f74ce898372560731.jpg\" alt=\"Des voeux de Nouvel An trac\u00e9s sur la neige fra\u00eeche tomb\u00e9e \u00e0 Vassimont-et-Chapelaine.\" fetchpriority=\"high\" as=\"image\"\/><\/p>\n<p>\n            Des voeux de Nouvel An trac\u00e9s sur la neige fra\u00eeche tomb\u00e9e \u00e0 Vassimont-et-Chapelaine.<br \/>\n                           \u2022<br \/>\n                                      \u00a9 Oc\u00e9ane B.\n                      <\/p>\n<p><\/a><\/p>\n<p>Et \u00e0 Villenauxe-la-Grande, l&rsquo;auguste figure tr\u00f4nant sur le monument aux morts para\u00eet plus apais\u00e9e, recouverte de neige.<\/p>\n<p><a data-article-figure=\"\" href=\"https:\/\/france3-regions.franceinfo.fr\/image\/S5rHEN115O8BGW9YcvlFx_8SMmA\/720x960\/regions\/2026\/01\/06\/608093373-25694736016834319-2068476272042717137-n-695d2e4e7678c101077252.jpg\" data-pswp-width=\"720\" data-pswp-height=\"960\" target=\"_blank\" rel=\"noopener\"><\/p>\n<p>          <img width=\"600\" height=\"400\" class=\"article-image lazy\" data-src=\"https:\/\/www.europesays.com\/fr\/wp-content\/uploads\/2026\/01\/608093373-25694736016834319-2068476272042717137-n-695d2e4e7678c101077252.jpg\" alt=\"Un buste de monument aux morts \u00e0 Villenauxe-la-Grande, casqu\u00e9 de neige.\" fetchpriority=\"high\" as=\"image\"\/><\/p>\n<p>\n            Un buste de monument aux morts \u00e0 Villenauxe-la-Grande, casqu\u00e9 de neige.<br \/>\n                           \u2022<br \/>\n                                      \u00a9 Broth Broz\n                      <\/p>\n<p><\/a><\/p>\n<p>Sur les bords du canal reliant Chamarandes et Choignes (Haute-Marne), le petit Hugo, 8 ans, a r\u00e9alis\u00e9 son premier bonhomme de neige de l&rsquo;ann\u00e9e. Esp\u00e9rons pour lui que \u00e7a ne soit pas le dernier.<\/p>\n<p><a data-article-figure=\"\" href=\"https:\/\/france3-regions.franceinfo.fr\/image\/ZQ1uwEko0w0i63UaFpinhpoEJGw\/1600x900\/regions\/2026\/01\/06\/montage-berges-canal-695d2c14a15eb955844138.jpg\" data-pswp-width=\"1600\" data-pswp-height=\"900\" target=\"_blank\" rel=\"noopener\"><\/p>\n<p>          <img width=\"600\" height=\"400\" class=\"article-image lazy\" data-src=\"https:\/\/www.europesays.com\/fr\/wp-content\/uploads\/2026\/01\/montage-berges-canal-695d2c14a15eb955844138.jpg\" alt=\"Premier bonhomme de neige de l'ann\u00e9e sur les bords du canal de Chamarandes \u00e0 Choignes pour Hugo.\" fetchpriority=\"high\" as=\"image\"\/><\/p>\n<p>\n            Premier bonhomme de neige de l&rsquo;ann\u00e9e sur les bords du canal de Chamarandes \u00e0 Choignes pour Hugo.<br \/>\n                           \u2022<br \/>\n                                      \u00a9 Manon Larue\n                      <\/p>\n<p><\/a><\/p>\n<p>Du c\u00f4t\u00e9 de Chaumont (Haute-Marne), on a aussi vu les flocons souffler.<\/p>\n<p><a data-article-figure=\"\" href=\"https:\/\/france3-regions.franceinfo.fr\/image\/UeFq73a6SLhk24P_WGrAeCDR8bA\/720x960\/regions\/2026\/01\/06\/611003738-2071084843740840-4013894097270025753-n-695d2b008460b132909001.jpg\" data-pswp-width=\"720\" data-pswp-height=\"960\" target=\"_blank\" rel=\"noopener\"><\/p>\n<p>          <img width=\"600\" height=\"400\" class=\"article-image lazy\" data-src=\"https:\/\/www.europesays.com\/fr\/wp-content\/uploads\/2026\/01\/611003738-2071084843740840-4013894097270025753-n-695d2b008460b132909001.jpg\" alt=\"\u00c0 l'abri d'un pare-brise, on assiste \u00e0 la chute des flocons tourbillonnant dans les airs de Chaumont.\" fetchpriority=\"high\" as=\"image\"\/><\/p>\n<p>\n            \u00c0 l&rsquo;abri d&rsquo;un pare-brise, on assiste \u00e0 la chute des flocons tourbillonnant dans les airs de Chaumont.<br \/>\n                           \u2022<br \/>\n                                      \u00a9 Alexandra Lejour\n                      <\/p>\n<p><\/a><\/p>\n<p>On termine en vid\u00e9o, avec le r\u00e9veil de Reims sous les flocons. Un <a href=\"https:\/\/www.facebook.com\/reel\/1425666482440371\" target=\"_blank\" rel=\"noopener noreferrer nofollow\" data-tooltip-url=\"https:\/\/www.facebook.com\/reel\/1425666482440371\">petit reportage sous forme de module<\/a> publi\u00e9 sur les r\u00e9seaux sociaux a immortalis\u00e9 ces sc\u00e8nes immacul\u00e9es rares (voir ci-dessous).<\/p>\n<\/p>\n<p>Il devrait \u00e0 nouveau neiger le mercredi 07 janvier, entre la fin de matin\u00e9e et le milieu d&rsquo;apr\u00e8s-midi, \u00e0 peu pr\u00e8s. Il conviendra donc de <a href=\"https:\/\/france3-regions.franceinfo.fr\/grand-est\/meteo-vigilance-verglas-voici-quelques-conseils-pour-circuler-en-securite-3275642.html\" target=\"_blank\" rel=\"noopener noreferrer nofollow\" data-tooltip-url=\"https:\/\/france3-regions.franceinfo.fr\/grand-est\/meteo-vigilance-verglas-voici-quelques-conseils-pour-circuler-en-securite-3275642.html\">faire attention au verglas<\/a>, et prudence garder.<\/p>\n","protected":false},"excerpt":{"rendered":"Reims (Marne) et ses environs se r\u00e9veillent avec de la neige \u00e0 perte de vue, le lundi 5&hellip;\n","protected":false},"author":2,"featured_media":645745,"comment_status":"","ping_status":"","sticky":false,"template":"","format":"standard","meta":{"footnotes":""},"categories":[1358],"tags":[1348,1384,1385,1386,58,59,1011,27],"class_list":{"0":"post-645744","1":"post","2":"type-post","3":"status-publish","4":"format-standard","5":"has-post-thumbnail","7":"category-arts-et-design","8":"tag-arts","9":"tag-arts-and-design","10":"tag-arts-et-design","11":"tag-design","12":"tag-divertissement","13":"tag-entertainment","14":"tag-fr","15":"tag-france"},"share_on_mastodon":{"url":"https:\/\/pubeurope.com\/@fr\/115850536700909042","error":""},"_links":{"self":[{"href":"https:\/\/www.europesays.com\/fr\/wp-json\/wp\/v2\/posts\/645744","targetHints":{"allow":["GET"]}}],"collection":[{"href":"https:\/\/www.europesays.com\/fr\/wp-json\/wp\/v2\/posts"}],"about":[{"href":"https:\/\/www.europesays.com\/fr\/wp-json\/wp\/v2\/types\/post"}],"author":[{"embeddable":true,"href":"https:\/\/www.europesays.com\/fr\/wp-json\/wp\/v2\/users\/2"}],"replies":[{"embeddable":true,"href":"https:\/\/www.europesays.com\/fr\/wp-json\/wp\/v2\/comments?post=645744"}],"version-history":[{"count":0,"href":"https:\/\/www.europesays.com\/fr\/wp-json\/wp\/v2\/posts\/645744\/revisions"}],"wp:featuredmedia":[{"embeddable":true,"href":"https:\/\/www.europesays.com\/fr\/wp-json\/wp\/v2\/media\/645745"}],"wp:attachment":[{"href":"https:\/\/www.europesays.com\/fr\/wp-json\/wp\/v2\/media?parent=645744"}],"wp:term":[{"taxonomy":"category","embeddable":true,"href":"https:\/\/www.europesays.com\/fr\/wp-json\/wp\/v2\/categories?post=645744"},{"taxonomy":"post_tag","embeddable":true,"href":"https:\/\/www.europesays.com\/fr\/wp-json\/wp\/v2\/tags?post=645744"}],"curies":[{"name":"wp","href":"https:\/\/api.w.org\/{rel}","templated":true}]}}