{"id":645746,"date":"2026-01-06T22:35:12","date_gmt":"2026-01-06T22:35:12","guid":{"rendered":"https:\/\/www.europesays.com\/fr\/645746\/"},"modified":"2026-01-06T22:35:12","modified_gmt":"2026-01-06T22:35:12","slug":"marine-le-pen-une-petite-c-amel-bent-se-lache-dans-c-a-vous","status":"publish","type":"post","link":"https:\/\/www.europesays.com\/fr\/645746\/","title":{"rendered":"Marine Le Pen : \u00ab\u00a0Une petite c\u2026\u00a0\u00bb, Amel Bent se l\u00e2che dans C \u00e0 vous"},"content":{"rendered":"<p data-start=\"262\" data-end=\"688\">L\u2019ambiance \u00e9tait d\u00e9tendue ce<br \/>\nmardi 6 janvier 2026 sur le plateau de<br \/>\nC \u00e0 vous. Autour d\u2019Anne-Elisabeth Lemoine, les invit\u00e9s<br \/>\ndu soir \u00e9taient venus parler cin\u00e9ma et bonne humeur. Parmi eux,<br \/>\n<strong><br \/>\nAmel Bent, accompagn\u00e9e de<\/strong><br \/>\n<strong>Manu Payet<\/strong>, pour assurer la promotion du<br \/>\nfilm Ma Fr\u00e8re, dans lequel<br \/>\nla chanteuse tient l\u2019un des r\u00f4les principaux.<\/p>\n<p data-start=\"690\" data-end=\"998\">Comme chaque soir,<br \/>\nBertrand Chameroy a ensuite lanc\u00e9 sa s\u00e9quence, toujours<br \/>\nattendue pour son ton d\u00e9cal\u00e9. Et cette fois, c\u2019est une th\u00e9orie bien<br \/>\nconnue qui a servi de pr\u00e9texte \u00e0 un \u00e9change inattendu, m\u00ealant<br \/>\nmusique, politique\u2026 et <strong>une r\u00e9plique qui a fait \u00e9clater de<br \/>\nrire<\/strong> tout le plateau.<\/p>\n<p><strong data-start=\"1003\" data-end=\"1059\">C \u00e0 vous : la th\u00e9orie qui m\u00e8ne jusqu\u2019\u00e0 Marine Le<br \/>\nPen<\/strong><\/p>\n<p data-start=\"1061\" data-end=\"1450\">Bertrand Chameroy a ainsi<br \/>\nexpliqu\u00e9 le principe de la th\u00e9orie dite de la s\u00e9paration, selon<br \/>\nlaquelle chacun serait reli\u00e9 \u00e0 n\u2019importe quelle personnalit\u00e9<br \/>\nmondiale par une cha\u00eene de six personnes maximum. \u00ab\u00a0Nous sommes tous reli\u00e9s \u00e0 une personnalit\u00e9<br \/>\ndans le monde selon une cha\u00eene de maximum six personnes. Que moi je<br \/>\npr\u00e9f\u00e8re compter en serrage de louche\u00a0\u00bb, a-t-il lanc\u00e9, sourire<br \/>\naux l\u00e8vres. S\u2019adressant ensuite \u00e0 Amel Bent, le chroniqueur d\u00e9roule<br \/>\nson raisonnement \u00e0 toute vitesse. \u00ab\u00a0Vous \u00eates \u00e0 une poign\u00e9e de main de Manu Payet, bah oui,<br \/>\npuisqu&rsquo;il est autour de cette table, fastoche. Manu, qui a chant\u00e9<br \/>\nen duo avec Madonna en 2005. Madonna qui avait lanc\u00e9 sa petite<br \/>\nculotte \u00e0 <a href=\"https:\/\/www.closermag.fr\/people\/bernadette-chirac-seule-pour-noel-jacques-chirac-preferait-rester-avec-sa-maitresse-3609187\" target=\"_blank\" rel=\"noopener\"><br \/>\nJacques Chirac<\/a> en 85 au Parc de Sceaux. Chirac qui s&rsquo;\u00e9tait<br \/>\nretrouv\u00e9 au second tour face \u00e0 Jean-Marie Le Pen, qui n&rsquo;est autre<br \/>\nque Marine Le Pen. <strong>Amel, vous \u00eates donc \u00e0 cinq louches de<br \/>\nMarine Le Pen !<\/strong> Qu&rsquo;est-ce que vous lui diriez si elle<br \/>\n\u00e9tait en face de vous ?\u00a0\u00bb<\/p>\n<p data-start=\"2003\" data-end=\"2173\">Un encha\u00eenement aussi<br \/>\nimprobable que savoureux, qui a imm\u00e9diatement provoqu\u00e9 des rires<br \/>\nsur le plateau. Mais personne ne s\u2019attendait vraiment \u00e0 la r\u00e9ponse<br \/>\nde la chanteuse <a href=\"https:\/\/www.closermag.fr\/people\/amel-bent-ce-point-commun-etrange-quelle-partage-avec-julia-roberts-3608287\" target=\"_blank\" rel=\"noopener\"><br \/>\n(qui partage par ailleurs un point commun avec Julia<br \/>\nRoberts).<\/a><\/p>\n<p><img loading=\"lazy\" decoding=\"async\" aria-describedby=\"caption-attachment-3610537\" itemprop=\"thumbnailUrl\" class=\"size-large wp-image-3610537 img-responsive\" src=\"https:\/\/www.europesays.com\/fr\/wp-content\/uploads\/2026\/01\/bestimage_00732525_000006-1536x1024.jpg\" alt=\"Marine Le Pen\" width=\"1536\" height=\"1024\"\/> \u00a9<br \/>\nMichtof\/PsnewZ\/Bestimage<\/p>\n<p id=\"caption-attachment-3610537\" class=\"wp-caption-text\">Marine<br \/>\nLe Pen &#8211; Examen du projet de loi de Finances 2026 \u00e0 l&rsquo;Assembl\u00e9e<br \/>\nnationale \u00e0 Paris, le 14 novembre 2025. \u00a9 Michtof \/ PsnewZ \/<br \/>\nBestimage<\/p>\n<p><strong data-start=\"2178\" data-end=\"2237\">Amel Bent amuse le<br \/>\nplateau avec sa r\u00e9plique improbable<\/strong><\/p>\n<p data-start=\"2239\" data-end=\"2539\">Visiblement amus\u00e9e par la<br \/>\nd\u00e9monstration, Amel Bent n\u2019a pas cherch\u00e9 longtemps ses mots. Du tac<br \/>\nau tac, elle a r\u00e9pondu avec humour : <strong>\u00ab\u00a0Une petite chorba ?\u00a0\u00bb.<\/strong> Une r\u00e9plique<br \/>\nqui a d\u00e9clench\u00e9 un fou rire g\u00e9n\u00e9ral autour de la table, y compris<br \/>\nchez Anne-Elisabeth Lemoine, ravie de ce moment de spontan\u00e9it\u00e9.<br \/>\nLoin de toute attaque directe, cette r\u00e9ponse pleine d\u2019autod\u00e9rision<br \/>\na surtout montr\u00e9 une Amel Bent \u00e0 l\u2019aise, fid\u00e8le \u00e0 son naturel et \u00e0<br \/>\nson sens de la r\u00e9partie. Une chose est s\u00fbre, ce passage dans C<br \/>\n\u00e0 vous restera comme une preuve suppl\u00e9mentaire qu\u2019Amel Bent,<br \/>\nm\u00eame lorsqu\u2019elle est venue parler cin\u00e9ma, sait <a href=\"https:\/\/www.closermag.fr\/people\/amel-bent-en-larmes-elle-se-livre-sur-lannee-la-plus-douloureuse-de-sa-vie-3589489\" target=\"_blank\" rel=\"noopener\"><br \/>\ntoujours trouver la petite phrase qui fait mouche.<\/a><\/p>\n","protected":false},"excerpt":{"rendered":"L\u2019ambiance \u00e9tait d\u00e9tendue ce mardi 6 janvier 2026 sur le plateau de C \u00e0 vous. Autour d\u2019Anne-Elisabeth Lemoine,&hellip;\n","protected":false},"author":2,"featured_media":645747,"comment_status":"","ping_status":"","sticky":false,"template":"","format":"standard","meta":{"footnotes":""},"categories":[1356],"tags":[21303,58,59,1011,27,70426,252,1364],"class_list":{"0":"post-645746","1":"post","2":"type-post","3":"status-publish","4":"format-standard","5":"has-post-thumbnail","7":"category-television","8":"tag-buzz_nonli","9":"tag-divertissement","10":"tag-entertainment","11":"tag-fr","12":"tag-france","13":"tag-marfeel_news","14":"tag-television","15":"tag-tv"},"share_on_mastodon":{"url":"https:\/\/pubeurope.com\/@fr\/115850544740089669","error":""},"_links":{"self":[{"href":"https:\/\/www.europesays.com\/fr\/wp-json\/wp\/v2\/posts\/645746","targetHints":{"allow":["GET"]}}],"collection":[{"href":"https:\/\/www.europesays.com\/fr\/wp-json\/wp\/v2\/posts"}],"about":[{"href":"https:\/\/www.europesays.com\/fr\/wp-json\/wp\/v2\/types\/post"}],"author":[{"embeddable":true,"href":"https:\/\/www.europesays.com\/fr\/wp-json\/wp\/v2\/users\/2"}],"replies":[{"embeddable":true,"href":"https:\/\/www.europesays.com\/fr\/wp-json\/wp\/v2\/comments?post=645746"}],"version-history":[{"count":0,"href":"https:\/\/www.europesays.com\/fr\/wp-json\/wp\/v2\/posts\/645746\/revisions"}],"wp:featuredmedia":[{"embeddable":true,"href":"https:\/\/www.europesays.com\/fr\/wp-json\/wp\/v2\/media\/645747"}],"wp:attachment":[{"href":"https:\/\/www.europesays.com\/fr\/wp-json\/wp\/v2\/media?parent=645746"}],"wp:term":[{"taxonomy":"category","embeddable":true,"href":"https:\/\/www.europesays.com\/fr\/wp-json\/wp\/v2\/categories?post=645746"},{"taxonomy":"post_tag","embeddable":true,"href":"https:\/\/www.europesays.com\/fr\/wp-json\/wp\/v2\/tags?post=645746"}],"curies":[{"name":"wp","href":"https:\/\/api.w.org\/{rel}","templated":true}]}}