{"id":645748,"date":"2026-01-06T22:36:11","date_gmt":"2026-01-06T22:36:11","guid":{"rendered":"https:\/\/www.europesays.com\/fr\/645748\/"},"modified":"2026-01-06T22:36:11","modified_gmt":"2026-01-06T22:36:11","slug":"salvatore-adamo-et-marie-laforet-victimes-dune-tempete-de-neige","status":"publish","type":"post","link":"https:\/\/www.europesays.com\/fr\/645748\/","title":{"rendered":"Salvatore Adamo et Marie Lafor\u00eat victimes d&rsquo;une temp\u00eate de neige"},"content":{"rendered":"<p>LE MATCH DES TUBES (SP\u00c9CIAL ACTU) &#8211; Une grande partie de la France fait face \u00e0 une vague de froid avec des chutes de neige. Salvatore Adamo et Marie Lafor\u00eat nous jouent les messieurs et madame m\u00e9t\u00e9o.<\/p>\n<p><a href=\"https:\/\/www.parismatch.com\/actu\/societe\/le-skieur-de-montmartre-est-de-retour-la-france-et-une-bonne-partie-de-leurope-recouverte-dun-joli-manteau-blanc-262474\" target=\"_blank\" rel=\"noopener\">La vague de froid se poursuit<\/a> et la neige fait son retour dans une grande partie du pays. Apr\u00e8s des hivers particuli\u00e8rement doux, la France retrouve un temps de saison qui fait le bonheur des petits et des grands malgr\u00e9 de <a href=\"https:\/\/www.parismatch.com\/actu\/societe\/neige-en-france-le-bilan-salourdit-a-cinq-mort-sur-les-routes-vigilance-accrue-pour-le-reste-de-la-semaine-262510\" target=\"_blank\" rel=\"noopener\">nombreuses gal\u00e8res<\/a>. La chanson fran\u00e7aise adore jouer les \u00ab Se\u00f1or Meteo \u00bb. Pour le retour du match des tubes, pas de Carlos, mais deux t\u00e9nors de la vari\u00e9t\u00e9 : Salvatore Adamo et Marie Lafor\u00eat. Des notes \u00e9ternelles en forme de flocons.<\/p>\n<p>Commen\u00e7ons par \u00ab Tombe la neige \u00bb de <a href=\"https:\/\/www.parismatch.com\/Culture\/Musique\/Salvatore-Adamo-Je-n-ai-jamais-ete-du-genre-a-fanfaronner-1752654\" target=\"_blank\" rel=\"noopener\">Salvatore Adamo<\/a>. En 1963, le plus italien des Belges d\u00e9boule en France avec une chanson d\u00e9sesp\u00e9r\u00e9e qui raconte un amour transi (de froid) qui attend sa dulcin\u00e9e. Mais voil\u00e0, elle ne viendra pas ce soir. \u00ab Tombe la neige. Tout est blanc de d\u00e9sespoir. Triste certitude. Le froid et l&rsquo;absence. Cet odieux silence. Blanche solitude. \u00bb Sur une m\u00e9lodie douce et lente, aux sonorit\u00e9s l\u00e9g\u00e8rement italiennes, notre romantique pr\u00e9f\u00e9r\u00e9 livre une ballade sensible inspir\u00e9e d&rsquo;une histoire vraie. Un an avant l&rsquo;enregistrement du morceau, le jeune Salvatore, 19 ans, avait rendez-vous avec une jeune fille qui n&rsquo;a pas pu venir \u00e0 cause de la neige. Elle n&rsquo;a pas r\u00e9ussi \u00e0 le pr\u00e9venir et Adamo a attendu, attendu, mais \u00ab Eliane n&rsquo;est pas venue \u00bb. Chanson hivernale, \u00ab Tombe la neige \u00bb devient&#8230; un tube de l&rsquo;\u00e9t\u00e9. Il n&rsquo;y a plus de saison ! Le succ\u00e8s est ph\u00e9nom\u00e9nal, Salvatore Adamo perce en France et plus de 200 versions diff\u00e9rentes vont \u00eatre enregistr\u00e9es dans le monde. \u00ab Vous permettez Monsieur ! \u00bb<\/p>\n<p>    La suite apr\u00e8s cette publicit\u00e9<\/p>\n<p>Bijou des ann\u00e9e 1970<\/p>\n<p>Quatorze ans plus tard, le plus beau regard de la chanson fran\u00e7aise enregistre un titre m\u00e9lancolique qui va marquer les consciences : \u00ab Il a neig\u00e9 sur \u00ab\u00a0Yesterday\u00a0\u00bb. \u00bb Apr\u00e8s \u00ab Viens sur la montagne \u00bb, \u00ab Manchester et Liverpool \u00bb, <a href=\"https:\/\/www.parismatch.com\/culture\/musique\/marie-laforet-et-elsa-au-nom-du-pere-254492\" target=\"_blank\" rel=\"noopener\">\u00ab Viens, viens \u00bb <\/a>ou \u00ab L&rsquo;Amour comme \u00e0 16 ans \u00bb, Marie Lafor\u00eat s&rsquo;offre un nouveau classique. Sur des paroles de Michel Jourdan, elle raconte la s\u00e9paration des Beatles et leur vie d&rsquo;apr\u00e8s. \u00ab Et Jude habite seule, un cottage \u00e0 Chelsea. John et Paul, je crois, sont les seuls \u00e0 qui elle ait \u00e9crit. Le vieux sergent Pepper&rsquo;s a perdu ses m\u00e9dailles au dernier refrain d&rsquo;Hello, Goodbye. \u00bb Le refrain nous emporte. La m\u00e9lodie de Jean-Claude Petit et Tony Rallo est un bijou tr\u00e8s symbolique des ann\u00e9es 1970 entre pop et folk et avec des ch\u0153urs tr\u00e8s prononc\u00e9s. Au d\u00e9part le titre est pr\u00e9vu pour Sheila, c&rsquo;est finalement Marie Lafor\u00eat qui emporte la mise. Si les radios boudent au d\u00e9part cette chanson, elle devient un tube et l&rsquo;un des titres embl\u00e9matiques de l&rsquo;artiste.<\/p>\n<p>    La suite apr\u00e8s cette publicit\u00e9<\/p>\n<p>Dans cette temp\u00eate de neige, qui l&#8217;emporte tout schuss ? Ce sera pour Marie Lafor\u00eat ! Si Adamo livre une tr\u00e8s belle chanson d&rsquo;amour contrari\u00e9e, la d\u00e9claration de Marie, truff\u00e9e de r\u00e9f\u00e9rences aux Fab Four, est une sucrerie dont on ne se lasse jamais. Une bande-son parfaite pour acheter un \u00ab ticket to ride \u00bb dans ces prochaines heures enneig\u00e9es.<\/p>\n","protected":false},"excerpt":{"rendered":"LE MATCH DES TUBES (SP\u00c9CIAL ACTU) &#8211; Une grande partie de la France fait face \u00e0 une vague&hellip;\n","protected":false},"author":2,"featured_media":645749,"comment_status":"","ping_status":"","sticky":false,"template":"","format":"standard","meta":{"footnotes":""},"categories":[1355],"tags":[58,59,1011,27,1361,873],"class_list":{"0":"post-645748","1":"post","2":"type-post","3":"status-publish","4":"format-standard","5":"has-post-thumbnail","7":"category-musique","8":"tag-divertissement","9":"tag-entertainment","10":"tag-fr","11":"tag-france","12":"tag-music","13":"tag-musique"},"share_on_mastodon":{"url":"https:\/\/pubeurope.com\/@fr\/115850548686759453","error":""},"_links":{"self":[{"href":"https:\/\/www.europesays.com\/fr\/wp-json\/wp\/v2\/posts\/645748","targetHints":{"allow":["GET"]}}],"collection":[{"href":"https:\/\/www.europesays.com\/fr\/wp-json\/wp\/v2\/posts"}],"about":[{"href":"https:\/\/www.europesays.com\/fr\/wp-json\/wp\/v2\/types\/post"}],"author":[{"embeddable":true,"href":"https:\/\/www.europesays.com\/fr\/wp-json\/wp\/v2\/users\/2"}],"replies":[{"embeddable":true,"href":"https:\/\/www.europesays.com\/fr\/wp-json\/wp\/v2\/comments?post=645748"}],"version-history":[{"count":0,"href":"https:\/\/www.europesays.com\/fr\/wp-json\/wp\/v2\/posts\/645748\/revisions"}],"wp:featuredmedia":[{"embeddable":true,"href":"https:\/\/www.europesays.com\/fr\/wp-json\/wp\/v2\/media\/645749"}],"wp:attachment":[{"href":"https:\/\/www.europesays.com\/fr\/wp-json\/wp\/v2\/media?parent=645748"}],"wp:term":[{"taxonomy":"category","embeddable":true,"href":"https:\/\/www.europesays.com\/fr\/wp-json\/wp\/v2\/categories?post=645748"},{"taxonomy":"post_tag","embeddable":true,"href":"https:\/\/www.europesays.com\/fr\/wp-json\/wp\/v2\/tags?post=645748"}],"curies":[{"name":"wp","href":"https:\/\/api.w.org\/{rel}","templated":true}]}}