{"id":645758,"date":"2026-01-06T22:41:11","date_gmt":"2026-01-06T22:41:11","guid":{"rendered":"https:\/\/www.europesays.com\/fr\/645758\/"},"modified":"2026-01-06T22:41:11","modified_gmt":"2026-01-06T22:41:11","slug":"votre-compte-gmail-va-changer-google-supprime-une-fonction-historique-ce-que-ca-signifie-pour-vous","status":"publish","type":"post","link":"https:\/\/www.europesays.com\/fr\/645758\/","title":{"rendered":"Votre compte Gmail va changer\u00a0: Google supprime une fonction historique, ce que \u00e7a signifie pour vous"},"content":{"rendered":"<p>\n                                                                    l&rsquo;essentiel<br \/>\n                                                                Vos mails pro et perso vont-ils \u00eatre s\u00e9par\u00e9s de force\u00a0? Google d\u00e9sactive la centralisation des comptes externes, mettant fin \u00e0 l\u2019interface unique que vous utilisez depuis des ann\u00e9es.\n                            <\/p>\n<p>Google s\u2019appr\u00eate \u00e0 tourner une page importante de l\u2019histoire de Gmail. \u00c0 partir de janvier\u00a02026, le g\u00e9ant du num\u00e9rique va d\u00e9sactiver deux fonctionnalit\u00e9s qui permettaient aux utilisateurs de centraliser, dans une seule bo\u00eete Gmail, des mails provenant d\u2019autres comptes. Une d\u00e9cision discr\u00e8tement annonc\u00e9e dans une note publi\u00e9e sur le site d\u2019assistance de Google et rapport\u00e9e par <a href=\"https:\/\/www.bfmtv.com\/tech\/google\/gmail-s-apprete-a-tuer-une-des-fonctions-historiques-qui-l-a-rendu-si-populaire-et-pratique-a-ses-debuts_AV-202601060690.html\" target=\"_blank\" rel=\"noopener\">BFMTV.<\/a><\/p>\n<p>Les outils concern\u00e9s sont Gmailify et l\u2019acc\u00e8s POP. Le premier permettait de relier une adresse externe \u2013 professionnelle ou issue d\u2019un autre service comme Yahoo ou Hotmail \u2013 \u00e0 un compte <a href=\"https:\/\/www.ladepeche.fr\/2025\/11\/29\/reportage-vous-avez-un-compte-gmail-immersion-dans-une-maison-france-services-au-coeur-de-la-fracture-numerique-13076896.php\" target=\"_blank\" rel=\"noopener\">Gmail<\/a>, tout en conservant l\u2019apparence et les avantages de l\u2019interface Google. Le second reposait sur le protocole POP, qui r\u00e9cup\u00e9rait automatiquement les messages d\u2019autres serveurs pour les afficher dans Gmail.<\/p>\n<p>Critiques<\/p>\n<p>Ces fonctions avaient largement contribu\u00e9 au succ\u00e8s de Gmail \u00e0 ses d\u00e9buts. Elles offraient une gestion simplifi\u00e9e des courriels, un stockage g\u00e9n\u00e9reux et surtout l\u2019acc\u00e8s au filtre anti-spam r\u00e9put\u00e9 tr\u00e8s efficace de Google. Pour beaucoup d\u2019utilisateurs, Gmail \u00e9tait ainsi devenu le centre n\u00e9vralgique de leur correspondance num\u00e9rique.<\/p>\n<p>Google n\u2019a pas d\u00e9taill\u00e9 les raisons de cette suppression, mais des pr\u00e9occupations li\u00e9es \u00e0 la s\u00e9curit\u00e9 pourraient \u00eatre en cause, notamment en raison du stockage et de la transmission des mots de passe via le protocole POP. La d\u00e9cision a suscit\u00e9 des critiques, certains observateurs estimant qu\u2019elle complique inutilement la gestion des emails.<\/p>\n<p>Les utilisateurs concern\u00e9s devront donc, dans les semaines\u00a0\u00e0 venir, repenser leur organisation et se tourner vers d\u2019autres solutions pour g\u00e9rer plusieurs adresses \u00e9lectroniques.<\/p>\n","protected":false},"excerpt":{"rendered":"l&rsquo;essentiel Vos mails pro et perso vont-ils \u00eatre s\u00e9par\u00e9s de force\u00a0? Google d\u00e9sactive la centralisation des comptes externes,&hellip;\n","protected":false},"author":2,"featured_media":645759,"comment_status":"","ping_status":"","sticky":false,"template":"","format":"standard","meta":{"footnotes":""},"categories":[7],"tags":[1011,27,329,43,40,41,39,42,44,70638,69121],"class_list":{"0":"post-645758","1":"post","2":"type-post","3":"status-publish","4":"format-standard","5":"has-post-thumbnail","7":"category-sciences-et-technologies","8":"tag-fr","9":"tag-france","10":"tag-france-monde","11":"tag-science","12":"tag-science-and-technology","13":"tag-sciences","14":"tag-sciences-et-technologies","15":"tag-technologies","16":"tag-technology","17":"tag-tu00e9lu00e9phonie-internet","18":"tag-vie-pratique-conso"},"share_on_mastodon":{"url":"https:\/\/pubeurope.com\/@fr\/115850568290180437","error":""},"_links":{"self":[{"href":"https:\/\/www.europesays.com\/fr\/wp-json\/wp\/v2\/posts\/645758","targetHints":{"allow":["GET"]}}],"collection":[{"href":"https:\/\/www.europesays.com\/fr\/wp-json\/wp\/v2\/posts"}],"about":[{"href":"https:\/\/www.europesays.com\/fr\/wp-json\/wp\/v2\/types\/post"}],"author":[{"embeddable":true,"href":"https:\/\/www.europesays.com\/fr\/wp-json\/wp\/v2\/users\/2"}],"replies":[{"embeddable":true,"href":"https:\/\/www.europesays.com\/fr\/wp-json\/wp\/v2\/comments?post=645758"}],"version-history":[{"count":0,"href":"https:\/\/www.europesays.com\/fr\/wp-json\/wp\/v2\/posts\/645758\/revisions"}],"wp:featuredmedia":[{"embeddable":true,"href":"https:\/\/www.europesays.com\/fr\/wp-json\/wp\/v2\/media\/645759"}],"wp:attachment":[{"href":"https:\/\/www.europesays.com\/fr\/wp-json\/wp\/v2\/media?parent=645758"}],"wp:term":[{"taxonomy":"category","embeddable":true,"href":"https:\/\/www.europesays.com\/fr\/wp-json\/wp\/v2\/categories?post=645758"},{"taxonomy":"post_tag","embeddable":true,"href":"https:\/\/www.europesays.com\/fr\/wp-json\/wp\/v2\/tags?post=645758"}],"curies":[{"name":"wp","href":"https:\/\/api.w.org\/{rel}","templated":true}]}}