{"id":645761,"date":"2026-01-06T22:43:11","date_gmt":"2026-01-06T22:43:11","guid":{"rendered":"https:\/\/www.europesays.com\/fr\/645761\/"},"modified":"2026-01-06T22:43:11","modified_gmt":"2026-01-06T22:43:11","slug":"la-cote-divoire-maitrise-le-burkina-faso-et-retrouvera-legypte-en-quarts-de-finale-de-la-can","status":"publish","type":"post","link":"https:\/\/www.europesays.com\/fr\/645761\/","title":{"rendered":"La C\u00f4te d&rsquo;Ivoire ma\u00eetrise le Burkina Faso et retrouvera l&rsquo;\u00c9gypte en quarts de finale de la CAN"},"content":{"rendered":"\n<p class=\"Paragraph__content\" data-v-e14a34bc=\"\">Tous les grands d&rsquo;Afrique seront au rendez-vous des quarts de finale de la CAN, C\u00f4te d&rsquo;Ivoire comprise. Dans le dernier huiti\u00e8me de finale, ce mardi \u00e0 Marrakech, les \u00c9l\u00e9phants d&rsquo;Emerse Fa\u00e9 ont facilement \u00e9cart\u00e9 le Burkina Faso (3-0) en r\u00e9alisant une premi\u00e8re partie de match parfaite qui leur a permis de g\u00e9rer la suite sans beaucoup trembler.<\/p>\n<p>En faisant d&rsquo;entr\u00e9e le si\u00e8ge du but d&rsquo;Herv\u00e9 Koffi, le gardien d&rsquo;Angers, avec \u00e9norm\u00e9ment d&rsquo;\u00e9nergie et de mouvement, les Ivoiriens ont ouvert la marque d\u00e8s la 20e minute sur une belle action collective, conclue par un joli ballon piqu\u00e9 d&rsquo;Amad Diallo, l&rsquo;attaquant de Manchester United (1-0), auteur d&rsquo;une saison prometteuse en Premier League.<\/p>\n<p class=\"Paragraph__content\" data-v-e14a34bc=\"\">Lanc\u00e9 par l&rsquo;ancien Ni\u00e7ois Evann Guessand &#8211; titulaire au poste d&rsquo;avant-centre &#8211; sur le premier but, Diallo a endoss\u00e9 le r\u00f4le de passeur sur le deuxi\u00e8me, en servant parfaitement Yan Diomand\u00e9, l&rsquo;attaquant de Leipzig, dont la frappe s&rsquo;est log\u00e9e dans le petit filet de Koffi (2-0, 32e). C&rsquo;est le d\u00e9but de match qu&rsquo;il fallait aux \u00c9l\u00e9phants pour se rassurer apr\u00e8s un d\u00e9but de tournoi h\u00e9sitant et leur permettre de g\u00e9rer la suite, m\u00eame si les Burkinab\u00e8 ont tout de m\u00eame \u00e9t\u00e9 dangereux par l&rsquo;excellent Dango Ouattara, l&rsquo;ailier de Bournemouth, lequel a touch\u00e9 le poteau de Yahia Fofana (41e) avant de contraindre le gardien ivoirien de Rizespor \u00e0 un joli sauvetage (62e). Incapables de revenir \u00e0 2-1 et de se donner une chance de renverser le match, les joueurs de Brama Traor\u00e9 se sont progressivement r\u00e9sign\u00e9s et les Ivoiriens ont plusieurs fois \u00e9t\u00e9 proches d&rsquo;inscrire le troisi\u00e8me but.<\/p>\n<p>Apr\u00e8s une tr\u00e8s belle occasion de Gu\u00e9la Dou\u00e9 (59e), qui a rat\u00e9 le cadre de peu, Diallo, bien servi par Inao Oula\u00ef, est pass\u00e9 tout pr\u00e8s\u00a0du doubl\u00e9, contr\u00e9 par un superbe arr\u00eat de Koffi (77e). Et c&rsquo;est finalement Bouzimana Tour\u00e9, entr\u00e9 douze minutes plus t\u00f4t \u00e0 la place de Diomand\u00e9, qui a inscrit le but du K.-O. au bout d&rsquo;un rush solitaire exceptionnel (3-0, 87e). En quarts de finale, les tenants du titre auront une vraie chance face \u00e0 l&rsquo;\u00c9gypte, ils miseront sur leur fabuleuse force de frappe offensive (Diomand\u00e9, Guessand, Tour\u00e9, Diallo, Krasso) et sur la puissance et la justesse d&rsquo;un trident du milieu de terrain tr\u00e8s compl\u00e9mentaire (Kessi\u00e9-Oula\u00ef-Sangar\u00e9). Jusque-l\u00e0 discrets, les \u00c9l\u00e9phants arrivent lanc\u00e9s au meilleur moment.<\/p>\n","protected":false},"excerpt":{"rendered":"Tous les grands d&rsquo;Afrique seront au rendez-vous des quarts de finale de la CAN, C\u00f4te d&rsquo;Ivoire comprise. Dans&hellip;\n","protected":false},"author":2,"featured_media":645762,"comment_status":"","ping_status":"","sticky":false,"template":"","format":"standard","meta":{"footnotes":""},"categories":[5],"tags":[11,1011,27,14,12,28],"class_list":{"0":"post-645761","1":"post","2":"type-post","3":"status-publish","4":"format-standard","5":"has-post-thumbnail","7":"category-international","8":"tag-actualites","9":"tag-fr","10":"tag-france","11":"tag-international","12":"tag-news","13":"tag-world"},"share_on_mastodon":{"url":"https:\/\/pubeurope.com\/@fr\/115850576086770975","error":""},"_links":{"self":[{"href":"https:\/\/www.europesays.com\/fr\/wp-json\/wp\/v2\/posts\/645761","targetHints":{"allow":["GET"]}}],"collection":[{"href":"https:\/\/www.europesays.com\/fr\/wp-json\/wp\/v2\/posts"}],"about":[{"href":"https:\/\/www.europesays.com\/fr\/wp-json\/wp\/v2\/types\/post"}],"author":[{"embeddable":true,"href":"https:\/\/www.europesays.com\/fr\/wp-json\/wp\/v2\/users\/2"}],"replies":[{"embeddable":true,"href":"https:\/\/www.europesays.com\/fr\/wp-json\/wp\/v2\/comments?post=645761"}],"version-history":[{"count":0,"href":"https:\/\/www.europesays.com\/fr\/wp-json\/wp\/v2\/posts\/645761\/revisions"}],"wp:featuredmedia":[{"embeddable":true,"href":"https:\/\/www.europesays.com\/fr\/wp-json\/wp\/v2\/media\/645762"}],"wp:attachment":[{"href":"https:\/\/www.europesays.com\/fr\/wp-json\/wp\/v2\/media?parent=645761"}],"wp:term":[{"taxonomy":"category","embeddable":true,"href":"https:\/\/www.europesays.com\/fr\/wp-json\/wp\/v2\/categories?post=645761"},{"taxonomy":"post_tag","embeddable":true,"href":"https:\/\/www.europesays.com\/fr\/wp-json\/wp\/v2\/tags?post=645761"}],"curies":[{"name":"wp","href":"https:\/\/api.w.org\/{rel}","templated":true}]}}