{"id":645775,"date":"2026-01-06T22:51:19","date_gmt":"2026-01-06T22:51:19","guid":{"rendered":"https:\/\/www.europesays.com\/fr\/645775\/"},"modified":"2026-01-06T22:51:19","modified_gmt":"2026-01-06T22:51:19","slug":"transferts-top-14-brian-alainuuese-quitte-toulon-pour-sengager-avec-un-autre-club-de-top-14","status":"publish","type":"post","link":"https:\/\/www.europesays.com\/fr\/645775\/","title":{"rendered":"Transferts \/ Top 14 \u2013 Brian Alainu\u2019uese quitte Toulon pour s\u2019engager avec un autre club de Top 14"},"content":{"rendered":"<p>\n                Brian Alainu\u2019uese va quitter Toulon. Le deuxi\u00e8me ligne s\u2019est engag\u00e9 avec une autre formation de Top 14.\n            <\/p>\n<p><strong><a href=\"https:\/\/www.rugbyrama.fr\/equipe\/rugby-club-toulonnais\/\" target=\"_self\" rel=\"noopener\">Arriv\u00e9 en 2018 \u00e0 Toulon <\/a><\/strong>en provenance de Glasgow, Brian Alainu\u2019uese va quitter la rade apr\u00e8s avoir disput\u00e9 pas moins de 177 rencontres avec les Rouge et Noir, dont 149 en Top 14. Apr\u00e8s, donc, sept saisons dans le Var, il traversera la France d\u2019est en ouest car <strong><a href=\"https:\/\/www.rugbyrama.fr\/equipe\/aviron-bayonnais\/\" target=\"_self\" rel=\"noopener\">il s\u2019est engag\u00e9 avec l\u2019Aviron bayonnais<\/a><\/strong>. Ce mardi, le club basque a annonc\u00e9 son arriv\u00e9e \u00e0 l\u2019issue de l\u2019exercice en cours. \u00ab\u00a0Le g\u00e9ant international samoan viendra rejoindre les rangs des Ciel\u00a0&amp; Blanc la saison prochaine. Habile ballon en main et redoutable sur les ballons port\u00e9s, il aidera notre pack pour 2 ans\u00a0\u00bb, ont pr\u00e9cis\u00e9 les Ciel et Blanc dans leur communiqu\u00e9.<\/p>\n<blockquote data-class=\"twitter-tweet\">\n<p lang=\"fr\" dir=\"ltr\">????? ?? ????? ?<\/p>\n<p>Le g\u00e9ant international samoan viendra rejoindre les rangs des Ciel &amp; Blanc la saison prochaine \\ud83d\\ude4f<\/p>\n<p>Habile ballon en main et redoutable sur les ballons port\u00e9s, il aidera notre pack pour 2 ans \\ud83d\\udc4a<\/p>\n<p>???? ?????? ????? ?\\ud83e\\udd0d<a href=\"https:\/\/twitter.com\/hashtag\/Top14?src=hash&amp;ref_src=twsrc%5Etfw\" target=\"_blank\" rel=\"noopener\">#Top14<\/a> <a href=\"https:\/\/twitter.com\/hashtag\/rugby?src=hash&amp;ref_src=twsrc%5Etfw\" target=\"_blank\" rel=\"noopener\">#rugby<\/a> <a href=\"https:\/\/t.co\/OImxUuA6Th\">pic.twitter.com\/OImxUuA6Th<\/a><\/p>\n<p>\u2014 Aviron Bayonnais (@avironrugbypro) <a href=\"https:\/\/twitter.com\/avironrugbypro\/status\/2008555742505443793?ref_src=twsrc%5Etfw\" target=\"_blank\" rel=\"noopener\">January 6, 2026<\/a><\/p><\/blockquote>\n<p>Le joueur de 31 ans conna\u00eetra donc sa seconde \u00e9curie dans l\u2019hexagone apr\u00e8s le RCT. L\u2019arriv\u00e9e de celui qui compte neuf s\u00e9lections avec les Samoa est annonc\u00e9e<a href=\"https:\/\/www.rugbyrama.fr\/2026\/01\/02\/transferts-top-14-le-lyonnais-killian-geraci-sengage-a-bayonne-pour-deux-saisons-13140960.php\" target=\"_self\" rel=\"noopener\"> <strong>quelques joueurs seulement apr\u00e8s celle de Killian Geraci<\/strong><\/a> au m\u00eame poste. Mais les deux joueurs ont un profil bien diff\u00e9rent, le Toulonnais \u00e9tant plus massif, en t\u00e9moignent ses mensurations\u00a0: 2,02 m\u00e8tres et 132 kilos\u00a0! Cette saison, il a disput\u00e9 16 rencontres toutes comp\u00e9titions confondues avec les Varois et a marqu\u00e9 six essais.<\/p>\n<p>                    <script async src=\"https:\/\/platform.twitter.com\/widgets.js\" charset=\"utf-8\"><\/script><\/p>\n","protected":false},"excerpt":{"rendered":"Brian Alainu\u2019uese va quitter Toulon. Le deuxi\u00e8me ligne s\u2019est engag\u00e9 avec une autre formation de Top 14. Arriv\u00e9&hellip;\n","protected":false},"author":2,"featured_media":645776,"comment_status":"","ping_status":"","sticky":false,"template":"","format":"standard","meta":{"footnotes":""},"categories":[9619],"tags":[1111,11,75163,1777,674,1011,27,12,882,25,2310,10662],"class_list":{"0":"post-645775","1":"post","2":"type-post","3":"status-publish","4":"format-standard","5":"has-post-thumbnail","7":"category-toulon","8":"tag-actu","9":"tag-actualites","10":"tag-brian-alainuuese","11":"tag-eu","12":"tag-europe","13":"tag-fr","14":"tag-france","15":"tag-news","16":"tag-provence-alpes-cote-dazur","17":"tag-republique-francaise","18":"tag-toulon","19":"tag-transferts"},"share_on_mastodon":{"url":"https:\/\/pubeurope.com\/@fr\/115850607614348760","error":""},"_links":{"self":[{"href":"https:\/\/www.europesays.com\/fr\/wp-json\/wp\/v2\/posts\/645775","targetHints":{"allow":["GET"]}}],"collection":[{"href":"https:\/\/www.europesays.com\/fr\/wp-json\/wp\/v2\/posts"}],"about":[{"href":"https:\/\/www.europesays.com\/fr\/wp-json\/wp\/v2\/types\/post"}],"author":[{"embeddable":true,"href":"https:\/\/www.europesays.com\/fr\/wp-json\/wp\/v2\/users\/2"}],"replies":[{"embeddable":true,"href":"https:\/\/www.europesays.com\/fr\/wp-json\/wp\/v2\/comments?post=645775"}],"version-history":[{"count":0,"href":"https:\/\/www.europesays.com\/fr\/wp-json\/wp\/v2\/posts\/645775\/revisions"}],"wp:featuredmedia":[{"embeddable":true,"href":"https:\/\/www.europesays.com\/fr\/wp-json\/wp\/v2\/media\/645776"}],"wp:attachment":[{"href":"https:\/\/www.europesays.com\/fr\/wp-json\/wp\/v2\/media?parent=645775"}],"wp:term":[{"taxonomy":"category","embeddable":true,"href":"https:\/\/www.europesays.com\/fr\/wp-json\/wp\/v2\/categories?post=645775"},{"taxonomy":"post_tag","embeddable":true,"href":"https:\/\/www.europesays.com\/fr\/wp-json\/wp\/v2\/tags?post=645775"}],"curies":[{"name":"wp","href":"https:\/\/api.w.org\/{rel}","templated":true}]}}