{"id":645777,"date":"2026-01-06T22:52:10","date_gmt":"2026-01-06T22:52:10","guid":{"rendered":"https:\/\/www.europesays.com\/fr\/645777\/"},"modified":"2026-01-06T22:52:10","modified_gmt":"2026-01-06T22:52:10","slug":"un-tea-dance-explosif-a-la-halle-tropisme-en-fevrier","status":"publish","type":"post","link":"https:\/\/www.europesays.com\/fr\/645777\/","title":{"rendered":"Un Tea Dance explosif \u00e0 la Halle Tropisme en f\u00e9vrier"},"content":{"rendered":"<p>\t\t\t\t\t\t\t\tApr\u00e8s l\u2019\u00e9dition de la nouvelle ann\u00e9e<\/p>\n<p data-path-to-node=\"3\">Alors que l\u2019hiver bat son plein, une vague de chaleur et de paillettes s\u2019appr\u00eate \u00e0 d\u00e9ferler sur Montpellier. Le <b data-path-to-node=\"3\" data-index-in-node=\"112\">dimanche 22 f\u00e9vrier 2026<\/b>, le collectif <b data-path-to-node=\"3\" data-index-in-node=\"151\">Folle de Rage<\/b> reprend ses quartiers \u00e0 la <b data-path-to-node=\"3\" data-index-in-node=\"192\">Halle Tropisme<\/b> pour une \u00e9dition qui s\u2019annonce d\u00e9j\u00e0 iconique.<\/p>\n<p data-path-to-node=\"4\">Entre performances drag de haut vol, DJ sets survolt\u00e9s et esprit de libert\u00e9, voici pourquoi vous ne devez surtout pas manquer ce rendez-vous.<\/p>\n<p>Un casting Drag \u00ab\u00a0Royale\u00a0\u00bb<\/p>\n<p data-path-to-node=\"6\">Pour cette \u00e9dition, la Folle de Rage ne fait pas les choses \u00e0 moiti\u00e9 et invite des ic\u00f4nes de la sc\u00e8ne internationale et locale :<\/p>\n<ul data-path-to-node=\"7\">\n<li>\n<p data-path-to-node=\"7,0,0\"><b data-path-to-node=\"7,0,0\" data-index-in-node=\"0\">TAYCE :<\/b> La star britannique, finaliste m\u00e9morable de RuPaul\u2019s Drag Race UK (Saison 2), viendra \u00e9lectriser la sc\u00e8ne avec son charisme l\u00e9gendaire.<\/p>\n<\/li>\n<li>\n<p data-path-to-node=\"7,1,0\"><b data-path-to-node=\"7,1,0\" data-index-in-node=\"0\">KITTY SPACE :<\/b> R\u00e9v\u00e9l\u00e9e dans Drag Race France (Saison 2), elle apportera sa touche de glamour et son humour piquant.<\/p>\n<\/li>\n<li>\n<p data-path-to-node=\"7,2,0\"><b data-path-to-node=\"7,2,0\" data-index-in-node=\"0\">ESTHER :<\/b> Venue tout droit de Paris pour envo\u00fbter le public montpelli\u00e9rain.<\/p>\n<\/li>\n<li>\n<p data-path-to-node=\"7,3,0\"><b data-path-to-node=\"7,3,0\" data-index-in-node=\"0\">MME BOUCHE \u00c0 RAT :<\/b> La fiert\u00e9 locale, figure incontournable de la sc\u00e8ne montpelli\u00e9raine, qui jouera \u00e0 domicile.<\/p>\n<\/li>\n<\/ul>\n<p>\u00a0Musique et good vibes<\/p>\n<p data-path-to-node=\"9\">Aux platines, les DJs <b data-path-to-node=\"9\" data-index-in-node=\"22\">Julien de Bomerani<\/b> et <b data-path-to-node=\"9\" data-index-in-node=\"44\">Olivier Croft<\/b> assureront une ambiance 100% Pop et festive. L\u2019objectif ? Transformer la Halle Tropisme en un immense dance floor o\u00f9 la bienveillance est le seul mot d\u2019ordre. En plus, le format est parfait pour danser sans sacrifier sa nuit de sommeil !<\/p>\n<p data-path-to-node=\"10\">Plus qu\u2019une simple f\u00eate, la Folle de Rage est un <b data-path-to-node=\"10\" data-index-in-node=\"49\">v\u00e9ritable \u00e9tat d\u2019esprit<\/b>. Comme le rappelle l\u2019organisateur <b data-path-to-node=\"9\" data-index-in-node=\"22\">Julien de Bomerani <\/b>: \u00ab\u00a0On est libre d\u2019\u00eatre comme on veut, de venir comme on veut, et d\u2019aimer qui on veut\u00a0\u00bb. Un espace safe o\u00f9 le respect et l\u2019amour c\u00e9l\u00e8brent la diversit\u00e9.<\/p>\n<ul data-path-to-node=\"13\">\n<li>\n<p data-path-to-node=\"13,0,0\"><b data-path-to-node=\"13,0,0\" data-index-in-node=\"0\">Date :<\/b> Dimanche 22 f\u00e9vrier 2026<\/p>\n<\/li>\n<li>\n<p data-path-to-node=\"13,1,0\"><b data-path-to-node=\"13,1,0\" data-index-in-node=\"0\">Horaires :<\/b> 16 \u00e0 22h<\/p>\n<\/li>\n<li>\n<p data-path-to-node=\"13,2,0\"><b data-path-to-node=\"13,2,0\" data-index-in-node=\"0\">Lieu :<\/b> Halle Tropisme au 121 rue Fontcouverte \u00e0 Montpellier (acc\u00e8s tram ligne 5)<\/p>\n<\/li>\n<li>\n<p data-path-to-node=\"13,3,0\"><b data-path-to-node=\"13,3,0\" data-index-in-node=\"0\">Billet : \u00e0 partir de 20\u20ac <a href=\"https:\/\/shotgun.live\/fr\/events\/dim-22-02-folle-de-rage-x-tropisme-tea-dance-drag\" target=\"_blank\" rel=\"noopener\">ici<\/a><\/b><\/p>\n<\/li>\n<\/ul>\n<blockquote data-path-to-node=\"14\">\n<p data-path-to-node=\"14,0\"><b data-path-to-node=\"14,0\" data-index-in-node=\"0\">\u00c0 noter :<\/b> L\u2019\u00e9v\u00e9nement est r\u00e9alis\u00e9 en partenariat avec des acteurs engag\u00e9s comme <b data-path-to-node=\"14,0\" data-index-in-node=\"80\">Aides Montpellier<\/b> et <b data-path-to-node=\"14,0\" data-index-in-node=\"101\">Enipse<\/b>, renfor\u00e7ant la dimension solidaire et pr\u00e9ventive de cette grande c\u00e9l\u00e9bration.<\/p>\n<\/blockquote>\n<blockquote class=\"instagram-media\" style=\"background: #FFF; border: 0; border-radius: 3px; box-shadow: 0 0 1px 0 rgba(0,0,0,0.5),0 1px 10px 0 rgba(0,0,0,0.15); margin: 1px; max-width: 540px; min-width: 326px; padding: 0; width: calc(100% - 2px);\" data-instgrm-captioned=\"\" data-instgrm-permalink=\"https:\/\/www.instagram.com\/p\/DTI2WdOCGiW\/?utm_source=ig_embed&amp;utm_campaign=loading\" data-instgrm-version=\"14\">\n<\/blockquote>\n<p>\t\t\t\t\t\t\t\t\t\t\t\t\t\t\t<script async src=\"\/\/www.instagram.com\/embed.js\"><\/script><\/p>\n","protected":false},"excerpt":{"rendered":"Apr\u00e8s l\u2019\u00e9dition de la nouvelle ann\u00e9e Alors que l\u2019hiver bat son plein, une vague de chaleur et de&hellip;\n","protected":false},"author":2,"featured_media":645778,"comment_status":"","ping_status":"","sticky":false,"template":"","format":"standard","meta":{"footnotes":""},"categories":[9599],"tags":[1111,11,1777,674,1011,27,2208,12,2680,25],"class_list":{"0":"post-645777","1":"post","2":"type-post","3":"status-publish","4":"format-standard","5":"has-post-thumbnail","7":"category-montpellier","8":"tag-actu","9":"tag-actualites","10":"tag-eu","11":"tag-europe","12":"tag-fr","13":"tag-france","14":"tag-montpellier","15":"tag-news","16":"tag-occitanie","17":"tag-republique-francaise"},"share_on_mastodon":{"url":"https:\/\/pubeurope.com\/@fr\/115850611595281354","error":""},"_links":{"self":[{"href":"https:\/\/www.europesays.com\/fr\/wp-json\/wp\/v2\/posts\/645777","targetHints":{"allow":["GET"]}}],"collection":[{"href":"https:\/\/www.europesays.com\/fr\/wp-json\/wp\/v2\/posts"}],"about":[{"href":"https:\/\/www.europesays.com\/fr\/wp-json\/wp\/v2\/types\/post"}],"author":[{"embeddable":true,"href":"https:\/\/www.europesays.com\/fr\/wp-json\/wp\/v2\/users\/2"}],"replies":[{"embeddable":true,"href":"https:\/\/www.europesays.com\/fr\/wp-json\/wp\/v2\/comments?post=645777"}],"version-history":[{"count":0,"href":"https:\/\/www.europesays.com\/fr\/wp-json\/wp\/v2\/posts\/645777\/revisions"}],"wp:featuredmedia":[{"embeddable":true,"href":"https:\/\/www.europesays.com\/fr\/wp-json\/wp\/v2\/media\/645778"}],"wp:attachment":[{"href":"https:\/\/www.europesays.com\/fr\/wp-json\/wp\/v2\/media?parent=645777"}],"wp:term":[{"taxonomy":"category","embeddable":true,"href":"https:\/\/www.europesays.com\/fr\/wp-json\/wp\/v2\/categories?post=645777"},{"taxonomy":"post_tag","embeddable":true,"href":"https:\/\/www.europesays.com\/fr\/wp-json\/wp\/v2\/tags?post=645777"}],"curies":[{"name":"wp","href":"https:\/\/api.w.org\/{rel}","templated":true}]}}