{"id":645781,"date":"2026-01-06T22:55:19","date_gmt":"2026-01-06T22:55:19","guid":{"rendered":"https:\/\/www.europesays.com\/fr\/645781\/"},"modified":"2026-01-06T22:55:19","modified_gmt":"2026-01-06T22:55:19","slug":"normandie-selon-un-celebre-magazine-americain-une-ville-normande-est-la-seule-francaise-dans-le-top-10-culturel-europeen-2026","status":"publish","type":"post","link":"https:\/\/www.europesays.com\/fr\/645781\/","title":{"rendered":"Normandie. Selon un c\u00e9l\u00e8bre magazine am\u00e9ricain, une ville normande est la seule fran\u00e7aise dans le top 10 culturel europ\u00e9en 2026"},"content":{"rendered":"<p melodystyle=\"texte\" data-end=\"1318\">Chaque ann\u00e9e, European Best Destinations, en partenariat avec Forbes, publie son classement des<a href=\"https:\/\/www.forbes.com\/sites\/joanneshurvell\/2026\/01\/02\/european-best-destinations-announces-top-10-cultural-cities-2026\/\" target=\"_blank\" rel=\"noopener\"> <b data-end=\"1156\">villes europ\u00e9ennes les plus culturelles<\/b><\/a> \u00e0 visiter. Pour l&rsquo;\u00e9dition 2026, une <b data-end=\"1215\">ville de Normandie<\/b> s&rsquo;impose dans le <b data-end=\"1243\">top 10<\/b>, aux c\u00f4t\u00e9s de destinations prestigieuses comme Florence, Vienne ou Oxford.<\/p>\n<p melodystyle=\"texte\" data-end=\"1472\">Une distinction d&rsquo;autant plus remarquable qu&rsquo;il s&rsquo;agit de <b data-end=\"1406\">la seule ville fran\u00e7aise<\/b> \u00e0 figurer dans ce palmar\u00e8s tr\u00e8s suivi \u00e0 l&rsquo;\u00e9chelle internationale.<\/p>\n<p>Un classement fond\u00e9 sur l&rsquo;expertise et l&rsquo;avis des voyageurs<\/p>\n<p melodystyle=\"texte\" data-end=\"1705\">Le classement repose sur une m\u00e9thodologie exigeante. Apr\u00e8s une pr\u00e9s\u00e9lection de <b data-end=\"1647\">40 villes europ\u00e9ennes<\/b>, les experts ont \u00e9valu\u00e9 plusieurs crit\u00e8res mesurables\u00a0:<\/p>\n<ul>&#13;<\/p>\n<li melodystyle=\"texte\" data-end=\"1742\">densit\u00e9 et diversit\u00e9 des mus\u00e9es,<\/li>\n<p>&#13;<\/p>\n<li melodystyle=\"texte\" data-end=\"1785\">richesse des institutions culturelles,<\/li>\n<p>&#13;<\/p>\n<li melodystyle=\"texte\" data-end=\"1839\">programmation artistique tout au long de l&rsquo;ann\u00e9e,<\/li>\n<p>&#13;<\/p>\n<li melodystyle=\"texte\" data-end=\"1902\">importance historique et rayonnement culturel international.<\/li>\n<p>&#13;\n<\/ul>\n<p melodystyle=\"texte\" data-end=\"2113\">Dans un second temps, <b data-end=\"1964\">22\u00a0093 voyageurs issus de 131 pays<\/b> ont donn\u00e9 leur avis, en notant leur envie de visiter ces villes en 2026, l&rsquo;authenticit\u00e9 de l&rsquo;atmosph\u00e8re culturelle et l&rsquo;exp\u00e9rience globale propos\u00e9e.<\/p>\n<p melodystyle=\"texte\" data-end=\"2231\">Chaque destination obtient ainsi une <b data-end=\"2174\">note finale sur 20<\/b>, \u00e9quilibrant jugement d&rsquo;experts et perception du public.<\/p>\n<p>Rouen, une destination culturelle entre h\u00e9ritage et cr\u00e9ation contemporaine<\/p>\n<p melodystyle=\"texte\" data-end=\"2558\">Class\u00e9e <b data-end=\"2350\">8e\u00a0au niveau europ\u00e9en<\/b>, <b data-end=\"2361\">Rouen<\/b> s&rsquo;illustre par son \u00e9quilibre entre pass\u00e9 prestigieux et dynamisme cr\u00e9atif. Ancien port majeur de l&rsquo;Europe m\u00e9di\u00e9vale, la capitale normande conserve une identit\u00e9 forte, imm\u00e9diatement reconnaissable.<\/p>\n<p melodystyle=\"texte\" data-end=\"2915\">La <a href=\"https:\/\/www.tendanceouest.com\/actualite-384924-rouen-panorama-xxl-monet-devoile-les-moindres-details-de-sa-cathedrale\" target=\"_blank\" rel=\"noopener\"><b data-end=\"2597\">cath\u00e9drale Notre-Dame de Rouen<\/b><\/a>, chef-d&rsquo;\u0153uvre gothique immortalis\u00e9 par <a href=\"https:\/\/www.tendanceouest.com\/actualite-429699-giverny-comment-vivait-claude-monet-sa-maison-et-ses-jardins-se-visitent\" target=\"_blank\" rel=\"noopener\">Claude Monet<\/a>, domine toujours la ville. Mais Rouen ne se r\u00e9sume pas \u00e0 son patrimoine\u00a0: galeries d&rsquo;art install\u00e9es dans des maisons \u00e0 pans de bois, boutiques contemporaines, lieux culturels hybrides\u2026 la ville cultive une sc\u00e8ne artistique vivante, ancr\u00e9e dans ses rues historiques.<\/p>\n<p melodystyle=\"texte\">Une exp\u00e9rience culturelle compl\u00e8te, du patrimoine \u00e0 la gastronomie normande<\/p>\n<p melodystyle=\"texte\" data-end=\"3292\">Les visiteurs peuvent suivre les traces de <a href=\"https:\/\/www.tendanceouest.com\/actualite-430338-rouen-l-historial-jeanne-d-arc-fete-ses-10-ans-autour-de-sujets-sociaux\" target=\"_blank\" rel=\"noopener\"><b data-end=\"3061\">Jeanne d&rsquo;Arc<\/b><\/a> sur la place du Vieux-March\u00e9, fl\u00e2ner dans les ruelles du centre ancien ou d\u00e9couvrir une <b data-end=\"3174\">gastronomie normande<\/b> r\u00e9put\u00e9e\u00a0: canard \u00e0 la rouennaise, fromages embl\u00e9matiques comme le <a href=\"https:\/\/www.tendanceouest.com\/actualite-432449-patrimoine-quel-est-le-meilleur-camembert-de-normandie-un-producteur-a-rafle-toutes-les-medailles\" target=\"_blank\" rel=\"noopener\">camembert<\/a>, desserts \u00e0 base de pomme et <a href=\"https:\/\/www.tendanceouest.com\/actualite-430147-seine-maritime-rouen-tourisme-lance-un-concours-national-de-courts-metrages-pour-mettre-en-valeur-la-gastronomie-locale\" target=\"_blank\" rel=\"noopener\">cidre local.<\/a><\/p>\n<p melodystyle=\"texte\" data-end=\"3486\">Forbes souligne \u00e9galement la qualit\u00e9 de l&rsquo;accueil et de l&rsquo;h\u00e9bergement, avec des \u00e9tablissements situ\u00e9s en plein c\u0153ur historique, m\u00ealant confort moderne et r\u00e9f\u00e9rences culturelles ou litt\u00e9raires.<\/p>\n<p>Un rayonnement international confirm\u00e9 pour la Normandie en 2026<\/p>\n<p melodystyle=\"texte\" data-end=\"3936\">Cette distinction renforce l&rsquo;image de la Normandie comme <b data-end=\"3663\">destination culturelle europ\u00e9enne majeure<\/b>, capable de rivaliser avec les grandes capitales historiques du continent. Pour Rouen, cette place dans le classement 2026 confirme une attractivit\u00e9 croissante aupr\u00e8s d&rsquo;un public international en qu\u00eate d&rsquo;authenticit\u00e9, de culture et d&rsquo;exp\u00e9riences urbaines \u00e0 taille humaine.<\/p>\n<p>le classement complet des villes culturelles europ\u00e9ennes 2026 (Forbes)<\/p>\n<p melodystyle=\"texte\" data-end=\"4039\">Nicosie (Chypre)<\/p>\n<p melodystyle=\"texte\" data-end=\"4062\">Florence (Italie)<\/p>\n<p melodystyle=\"texte\" data-end=\"4085\">Vienne (Autriche)<\/p>\n<p melodystyle=\"texte\" data-end=\"4109\">Louvain (Belgique)<\/p>\n<p melodystyle=\"texte\" data-end=\"4132\">\u0160ibenik (Croatie)<\/p>\n<p melodystyle=\"texte\" data-end=\"4153\">V\u00e9rone (Italie)<\/p>\n<p melodystyle=\"texte\" data-end=\"4175\">Tomar (Portugal)<\/p>\n<p melodystyle=\"texte\" data-end=\"4199\"><b data-end=\"4197\">Rouen (France)<\/b><\/p>\n<p melodystyle=\"texte\" data-end=\"4225\">Oxford (Royaume-Uni)<\/p>\n<p melodystyle=\"texte\" data-end=\"4245\">Graz (Autriche)<\/p>\n","protected":false},"excerpt":{"rendered":"Chaque ann\u00e9e, European Best Destinations, en partenariat avec Forbes, publie son classement des villes europ\u00e9ennes les plus culturelles&hellip;\n","protected":false},"author":2,"featured_media":645782,"comment_status":"","ping_status":"","sticky":false,"template":"","format":"standard","meta":{"footnotes":""},"categories":[9587],"tags":[1111,11,1777,674,1011,27,12,5161,25,9590],"class_list":{"0":"post-645781","1":"post","2":"type-post","3":"status-publish","4":"format-standard","5":"has-post-thumbnail","7":"category-rouen","8":"tag-actu","9":"tag-actualites","10":"tag-eu","11":"tag-europe","12":"tag-fr","13":"tag-france","14":"tag-news","15":"tag-normandie","16":"tag-republique-francaise","17":"tag-rouen"},"share_on_mastodon":{"url":"https:\/\/pubeurope.com\/@fr\/115850623455958098","error":""},"_links":{"self":[{"href":"https:\/\/www.europesays.com\/fr\/wp-json\/wp\/v2\/posts\/645781","targetHints":{"allow":["GET"]}}],"collection":[{"href":"https:\/\/www.europesays.com\/fr\/wp-json\/wp\/v2\/posts"}],"about":[{"href":"https:\/\/www.europesays.com\/fr\/wp-json\/wp\/v2\/types\/post"}],"author":[{"embeddable":true,"href":"https:\/\/www.europesays.com\/fr\/wp-json\/wp\/v2\/users\/2"}],"replies":[{"embeddable":true,"href":"https:\/\/www.europesays.com\/fr\/wp-json\/wp\/v2\/comments?post=645781"}],"version-history":[{"count":0,"href":"https:\/\/www.europesays.com\/fr\/wp-json\/wp\/v2\/posts\/645781\/revisions"}],"wp:featuredmedia":[{"embeddable":true,"href":"https:\/\/www.europesays.com\/fr\/wp-json\/wp\/v2\/media\/645782"}],"wp:attachment":[{"href":"https:\/\/www.europesays.com\/fr\/wp-json\/wp\/v2\/media?parent=645781"}],"wp:term":[{"taxonomy":"category","embeddable":true,"href":"https:\/\/www.europesays.com\/fr\/wp-json\/wp\/v2\/categories?post=645781"},{"taxonomy":"post_tag","embeddable":true,"href":"https:\/\/www.europesays.com\/fr\/wp-json\/wp\/v2\/tags?post=645781"}],"curies":[{"name":"wp","href":"https:\/\/api.w.org\/{rel}","templated":true}]}}