{"id":645785,"date":"2026-01-06T22:57:16","date_gmt":"2026-01-06T22:57:16","guid":{"rendered":"https:\/\/www.europesays.com\/fr\/645785\/"},"modified":"2026-01-06T22:57:16","modified_gmt":"2026-01-06T22:57:16","slug":"caen-est-elimine-de-la-coupe-de-france-par-grenoble","status":"publish","type":"post","link":"https:\/\/www.europesays.com\/fr\/645785\/","title":{"rendered":"Caen est \u00e9limin\u00e9 de la Coupe de France par Grenoble"},"content":{"rendered":"<p>                    Par<br \/>\n        <strong><br \/>\n            <a href=\"https:\/\/actu.fr\/auteur\/aline-chatel\" title=\"Consulter tous les articles de Aline Chatel\" target=\"_blank\" rel=\"noopener\">Aline Chatel<\/a><br \/>\n                    <\/strong><\/p>\n<p>        Publi\u00e9 le<\/p>\n<p>            6 janv. 2026 \u00e0 20h29<br \/>\n        ; mis \u00e0 jour le 6 janv. 2026 \u00e0 23h02    <\/p>\n<p>Il n\u2019y a pas eu d\u2019exploit. Malgr\u00e9 une bonne r\u00e9action en fin de deuxi\u00e8me tiers et un troisi\u00e8me tiers-temps \u00e9quilibr\u00e9,<b> les Drakkars se sont inclin\u00e9s logiquement en demi-finale de la Coupe de France<\/b>, ce mardi 6 janvier 2026 (3-6). Grenoble a assur\u00e9 sa qualification en menant 5-0 apr\u00e8s trente minutes de jeu. Les Br\u00fbleurs de Loups \u00e9taient alors souverains.\u00a0<\/p>\n<p class=\" wall-content\">Caen, longtemps \u00e9touff\u00e9 et impuissant, a retrouv\u00e9 de l\u2019allant. Marc-Antoine P\u00e9pin et Samy Par\u00e9 ont r\u00e9duit le score dans le deuxi\u00e8me tiers. Caen a pouss\u00e9 au cours de la derni\u00e8re p\u00e9riode, Grenoble a recul\u00e9, mais les visiteurs n\u2019ont pas \u00e9t\u00e9 r\u00e9ellement inqui\u00e9t\u00e9s. <b>Les Drakkars sortent la t\u00eate haute<\/b> mais ils n\u2019ont pas r\u00e9ussi l\u2019exploit dont ils r\u00eavaient. Une s\u00e9rie de douze victoires cons\u00e9cutives s\u2019ach\u00e8ve pour le leader de D1, tout simplement tomb\u00e9 sur plus fort. Le HCC n\u2019aura pas su faire douter le mastodonte, champion de France en titre.<\/p>\n<p>Grenoble sans trembler<\/p>\n<p class=\" wall-content\"><b>59\u2032 3-6. SUPERBE BUT DE NIKIFOROV sur un service tout aussi beau de Samy Par\u00e9. <\/b>Caen va sortir la t\u00eate haute de cette Coupe de France.<\/p>\n<p class=\" wall-content\"><b>57\u2032 2-6. Grenoble retrouve le chemin des filets par Juho Rautanen apr\u00e8s une p\u00e9nalit\u00e9 inflig\u00e9e \u00e0 Ville Rautiala. Les Grenoblois ont aussit\u00f4t exploit\u00e9 leur sup\u00e9riorit\u00e9 num\u00e9rique.<\/b><\/p>\n<p class=\" wall-content\"><b>55\u2032 2-5.\u00a0<\/b>Les deux \u00e9quipes ne pr\u00e9sentent plus du tout le m\u00eame visage. Caen secoue Grenoble, qui a perdu de sa superbe mais qui dispose d\u2019un matelas tr\u00e8s confortable.<\/p>\n<p class=\" wall-content\"><b>52\u2032 2-5.<\/b> Belle occasion caennaise, c\u2019est repouss\u00e9 par le gardien grenoblois. Les Drakkars poussent pour tenter de faire douter leurs adversaires !<\/p>\n<p class=\" wall-content\"><b>50\u2032 2-5.\u00a0<\/b>Grenoble reste assez peu inqui\u00e9t\u00e9 par Caen, mais les Drakkars montrent qu\u2019ils ont des ressources sur le plan physique. Ils n\u2019ont pas lev\u00e9 le pied. En revanche, les Is\u00e9rois sont beaucoup plus brouillons.<\/p>\n<p>    <img   decoding=\"async\" loading=\"lazy\" class=\"size-large\" src=\"https:\/\/www.europesays.com\/fr\/wp-content\/uploads\/2026\/01\/84990db77d59668990db77d593c990v-960x640.jpeg\" alt=\"Les Caennais de Nikiforov ont retrouv\u00e9 du mordant.\" width=\"960\" height=\"640\"\/><br \/>\n    Les Caennais de Nikiforov ont retrouv\u00e9 du mordant. \u00a9Romain BOUILLON<\/p>\n<p class=\" wall-content\"><b>46\u2032 2-5.\u00a0<\/b>Superbe arr\u00eat de Quemener. Le d\u00e9but de tiers est assez \u00e9quilibr\u00e9. Grenoble est moins impressionnant qu\u2019au cours des trente premi\u00e8res minutes.<\/p>\n<p>Votre r\u00e9gion, votre actu !<\/p>\n<p>Recevez chaque jour les infos qui comptent pour vous.<\/p>\n<p>\t<a href=\"https:\/\/actu.fr\/newsletter\" class=\"ac-btn ac-btn--corner ac-btn--medium ac-btn--blue800\" target=\"_blank\" rel=\"noopener\">S&rsquo;incrire<\/a><\/p>\n<p class=\" wall-content\"><b>41\u2032 2-5.<\/b> Le match a repris. Place aux vingt derni\u00e8res minutes.<\/p>\n<p>Caen retrouve du mordant<\/p>\n<p class=\" wall-content\"><b>40\u2032 2-5. Grenoble m\u00e8ne logiquement \u00e0 la fin du deuxi\u00e8me tiers, mais les Drakkars ont r\u00e9ussi \u00e0 se l\u00e2cher. Ils ont fait mieux que tenir la drag\u00e9e haute \u00e0 leurs adversaires dans les cinq derni\u00e8res minutes de la p\u00e9riode.\u00a0<\/b><\/p>\n<p class=\" wall-content\">39\u2032 2-5. Quelle occasion pour Par\u00e9 ! Mis sur orbite par Nikiforov, il se retrouve seul face \u00e0 Matija Pintaric, qui remporte son duel. Mais les Drakkars ont bien r\u00e9agi !<\/p>\n<p class=\" wall-content\"><b>36\u2032 2-5. ET DE DEUX ! Les Caennais se l\u00e2chent et Samy Par\u00e9 trouve \u00e0 son tour la faille.\u00a0<\/b><\/p>\n<p class=\" wall-content\"><b>35\u2032 1-5.<\/b> <b>BUT POUR CAEN ! Les Drakkars profitent d\u2019une sup\u00e9riorit\u00e9 num\u00e9rique pour r\u00e9duire l\u00e9g\u00e8rement la marque gr\u00e2ce \u00e0 un tir lointain de Marc-Antoine P\u00e9pin !<\/b><\/p>\n<p>    <img   decoding=\"async\" loading=\"lazy\" class=\"size-large\" src=\"https:\/\/www.europesays.com\/fr\/wp-content\/uploads\/2026\/01\/f76f2ba57d596fb6f2ba57d59cf6f2v-960x640.jpeg\" alt=\"Les Caennais n'y arrivent pas contre Grenoble.\" width=\"960\" height=\"640\"\/><br \/>\n    Les Caennais n\u2019y arrivent pas contre Grenoble. \u00a9Romain BOUILLON<\/p>\n<p class=\" wall-content\"><b>32\u2032 0-5.<\/b>\u00a0<b>Adel Koudri marque le cinqui\u00e8me but grenoblois. <\/b>Les Br\u00fbleurs de Loups sont beaucoup trop forts, sans forcer leur talent. Caen est \u00e9touff\u00e9, impuissant. Temps-mort demand\u00e9 par Jaroslav Prosvic.<\/p>\n<p class=\" wall-content\"><b>29\u2032 0-4. Superbe but de Beauchemin ! Grenoble est impressionnant. \u00c7a d\u00e9roule avec une telle fluidit\u00e9\u2026\u00a0<\/b>La patinoire s\u2019est quelque peu \u00e9teinte.<\/p>\n<p>    <img   decoding=\"async\" loading=\"lazy\" class=\"size-large\" src=\"https:\/\/www.europesays.com\/fr\/wp-content\/uploads\/2026\/01\/ae80432f6d5969290432f6d5976904v-960x640.jpeg\" alt=\"Apr\u00e8s le premier tiers du match, Grenoble a fait le plus dur en marquant deux buts \u00e0 Caen, qui va devoir se lib\u00e9rer sans se d\u00e9couvrir.\" width=\"960\" height=\"640\"\/><br \/>\n    Apr\u00e8s le premier tiers du match, Grenoble a fait le plus dur en marquant deux buts \u00e0 Caen, qui va devoir se lib\u00e9rer sans se d\u00e9couvrir. \u00a9Romain BOUILLON<\/p>\n<p class=\" wall-content\"><b>25\u2032 0-3. Quemener a r\u00e9alis\u00e9 plusieurs arr\u00eats en ce d\u00e9but de deuxi\u00e8me tiers, mais il s\u2019incline sur une frappe s\u00e8che de Christophe Boivin en toute fin d\u2019inf\u00e9riorit\u00e9 num\u00e9rique. Vesely avait pourtant eu une occasion juste avant.\u00a0<\/b><\/p>\n<p>Grenoble souverain apr\u00e8s le premier tiers<\/p>\n<p class=\" wall-content\"><b>20\u2032 0-2. Apr\u00e8s un d\u00e9but de match int\u00e9ressant, les Drakkars ont sembl\u00e9 crisp\u00e9s par l\u2019enjeu de ce match suite au but rapide de Grenoble. Pour l\u2019instant, les Grenoblois affichent leur nette sup\u00e9riorit\u00e9. Les Caennais vont devoir se lib\u00e9rer dans le deuxi\u00e8me tiers.<\/b><\/p>\n<p>    <img   decoding=\"async\" loading=\"lazy\" class=\"size-large\" src=\"https:\/\/www.europesays.com\/fr\/wp-content\/uploads\/2026\/01\/c41dddfa6d596e81dddfa6d59bc1ddv-960x640.jpeg\" alt=\"Le premier tiers est compliqu\u00e9 pour Caen.\" width=\"960\" height=\"640\"\/><br \/>\n    Le premier tiers est compliqu\u00e9 pour Caen. \u00a9Romain BOUILLON<\/p>\n<p class=\" wall-content\"><b>18\u2032 0-2.\u00a0<\/b>Caen est \u00e0 son tour en sup\u00e9riorit\u00e9 num\u00e9rique mais m\u00eame \u00e0 cinq contre quatre, les Caennais n\u2019arrivent pas \u00e0 s\u2019installer dans la zone adverse.<\/p>\n<p class=\" wall-content\"><b>14\u2032 0-2.\u00a0<\/b>Tr\u00e8s vite mis sous pression quand ils ont le palet, les Drakkars manquent de justesse sur le plan technique.<\/p>\n<p class=\" wall-content\"><b>12\u2032 0-2. Premier power play du match apr\u00e8s le deux minutes re\u00e7u par Tassery. Il est en faveur de Grenoble. Les Br\u00fbleurs r\u00e9citent leur attaque en sup\u00e9riorit\u00e9 num\u00e9rique et doublent la mise par Fran\u00e7ois Beauchemin. C\u2019\u00e9tait limpide.<\/b><\/p>\n<p>    <img   decoding=\"async\" loading=\"lazy\" class=\"size-large\" src=\"https:\/\/www.europesays.com\/fr\/wp-content\/uploads\/2026\/01\/61ad8b596d59655ad8b596d5919ad8v-960x640.jpeg\" alt=\"Les Caennais sont sous pression.\" width=\"960\" height=\"640\"\/><br \/>\n    Les Caennais sont sous pression. \u00a9Romain BOUILLON<\/p>\n<p class=\" wall-content\">10\u2032 0-1. Grosse parade de Quemener. Grenoble est souverain depuis son but. Les Is\u00e9rois font notamment valoir une grosse sup\u00e9riorit\u00e9 physique.\u00a0<\/p>\n<p class=\" wall-content\"><b>6\u2032 0-1. <\/b>Ouf ! On est pass\u00e9 tout pr\u00e8s du sc\u00e9nario catastrophe. Le deuxi\u00e8me but de Grenoble, dans la foul\u00e9e du premier, est annul\u00e9.\u00a0<\/p>\n<p class=\" wall-content\"><b>6\u2032 0-1. Grenoble ouvre le score par Andrius Kulbis alors que les Drakkars avaient bien d\u00e9but\u00e9 le match.\u00a0<\/b><\/p>\n<p class=\" wall-content\"><b>3\u2032 0-0.<\/b> Caen commence ce match sans complexes. Les d\u00e9bats sont d\u00e9j\u00e0 intenses !<\/p>\n<p class=\" wall-content\"><b>1\u2032<\/b> <b>0-0.<\/b> C\u2019est parti ! Caen vise l\u2019exploit, Grenoble veut retourner en finale. Les Br\u00fbleurs de Loups ont \u00e9t\u00e9 battus par Angers la saison derni\u00e8re.<\/p>\n<p>    <img   decoding=\"async\" loading=\"lazy\" class=\"size-large\" src=\"https:\/\/www.europesays.com\/fr\/wp-content\/uploads\/2026\/01\/567965cf5d5963a7965cf5d590e796v-960x640.jpeg\" alt=\"Les joueurs sont \u00e0 l'\u00e9chauffement.\" width=\"960\" height=\"640\"\/><br \/>\n    Les joueurs sont \u00e0 l\u2019\u00e9chauffement. \u00a9Romain BOUILLON<\/p>\n<p class=\" wall-content\"><b>M-2.<\/b> Les deux \u00e9quipes sont entr\u00e9es sur la glace.<\/p>\n<p>    <img   decoding=\"async\" loading=\"lazy\" class=\"size-large\" src=\"https:\/\/www.europesays.com\/fr\/wp-content\/uploads\/2026\/01\/9ca331cf5d59690b331cf5d59e4b33v-960x640.jpeg\" alt=\"Un concert a \u00e9t\u00e9 donn\u00e9 avant le match.\" width=\"960\" height=\"640\"\/><br \/>\n    Un concert a \u00e9t\u00e9 donn\u00e9 avant le match. \u00a9Romain BOUILLON<\/p>\n<p class=\" wall-content\">Les Drakkars ne partent pas favoris, mais ils croient en leurs chances. C\u2019est ce que nous a <a href=\"https:\/\/actu.fr\/normandie\/caen_14118\/hockey-sur-glace-quentin-berthon-on-a-la-possibilite-de-creer-quelque-chose-dincroyable_63655400.html\" target=\"_blank\" rel=\"noopener\">confi\u00e9 l\u2019assistant capitaine Quentin Berthon<\/a>, vainqueur de la comp\u00e9tition en 2018. L\u2019\u00e9cart de niveau reste toutefois une vraie inconnue, m\u00eame si le HCC a battu Amiens, autre \u00e9quipe de Magnus, en huiti\u00e8me de finale (<a href=\"https:\/\/actu.fr\/normandie\/caen_14118\/hockey-sur-glace-les-drakkars-realisent-lexploit-caen-est-en-quart-de-finale-de-la-coupe-de-france_63488665.html\" target=\"_blank\" rel=\"noopener\">2-1<\/a>). Caen s\u2019est ensuite impos\u00e9 \u00e0 Lyon (D1) en quart de finale. Voil\u00e0 les Normands \u00e0 une victoire de Bercy, o\u00f9 se d\u00e9roulera la finale le dimanche 1er f\u00e9vrier. L\u2019autre demi-finale oppose Rouen \u00e0 Chamonix, deux \u00e9quipes de Magnus.<\/p>\n<p class=\" wall-content\">\n<p class=\" wall-content\">Personnalisez votre actualit\u00e9 en ajoutant vos villes et m\u00e9dias en favori avec <a href=\"https:\/\/moncompte.actu.fr\" title=\"D\u00e9couvez Mon Actu\" rel=\"nofollow noopener\" data-trk=\"{&quot;cta&quot;:{&quot;action&quot;:&quot;https:\\\/\\\/moncompte.actu.fr&quot;,&quot;category&quot;:&quot;mon compte&quot;,&quot;from&quot;:&quot;article footer&quot;,&quot;name&quot;:&quot;Mon actu&quot;,&quot;type&quot;:&quot;cta&quot;}}\" target=\"_blank\">Mon Actu<\/a>.<\/p>\n","protected":false},"excerpt":{"rendered":"Par Aline Chatel Publi\u00e9 le 6 janv. 2026 \u00e0 20h29 ; mis \u00e0 jour le 6 janv. 2026&hellip;\n","protected":false},"author":2,"featured_media":645786,"comment_status":"","ping_status":"","sticky":false,"template":"","format":"standard","meta":{"footnotes":""},"categories":[9566],"tags":[1111,11,2430,1777,674,1011,27,2731,4488,4487,12,25,1745,60],"class_list":{"0":"post-645785","1":"post","2":"type-post","3":"status-publish","4":"format-standard","5":"has-post-thumbnail","7":"category-grenoble","8":"tag-actu","9":"tag-actualites","10":"tag-auvergne-rhone-alpes","11":"tag-eu","12":"tag-europe","13":"tag-fr","14":"tag-france","15":"tag-grenoble","16":"tag-hockey","17":"tag-hockey-club-caen","18":"tag-news","19":"tag-republique-francaise","20":"tag-sport-caen","21":"tag-sports"},"share_on_mastodon":{"url":"https:\/\/pubeurope.com\/@fr\/115850631477742114","error":""},"_links":{"self":[{"href":"https:\/\/www.europesays.com\/fr\/wp-json\/wp\/v2\/posts\/645785","targetHints":{"allow":["GET"]}}],"collection":[{"href":"https:\/\/www.europesays.com\/fr\/wp-json\/wp\/v2\/posts"}],"about":[{"href":"https:\/\/www.europesays.com\/fr\/wp-json\/wp\/v2\/types\/post"}],"author":[{"embeddable":true,"href":"https:\/\/www.europesays.com\/fr\/wp-json\/wp\/v2\/users\/2"}],"replies":[{"embeddable":true,"href":"https:\/\/www.europesays.com\/fr\/wp-json\/wp\/v2\/comments?post=645785"}],"version-history":[{"count":0,"href":"https:\/\/www.europesays.com\/fr\/wp-json\/wp\/v2\/posts\/645785\/revisions"}],"wp:featuredmedia":[{"embeddable":true,"href":"https:\/\/www.europesays.com\/fr\/wp-json\/wp\/v2\/media\/645786"}],"wp:attachment":[{"href":"https:\/\/www.europesays.com\/fr\/wp-json\/wp\/v2\/media?parent=645785"}],"wp:term":[{"taxonomy":"category","embeddable":true,"href":"https:\/\/www.europesays.com\/fr\/wp-json\/wp\/v2\/categories?post=645785"},{"taxonomy":"post_tag","embeddable":true,"href":"https:\/\/www.europesays.com\/fr\/wp-json\/wp\/v2\/tags?post=645785"}],"curies":[{"name":"wp","href":"https:\/\/api.w.org\/{rel}","templated":true}]}}