{"id":645787,"date":"2026-01-06T22:58:30","date_gmt":"2026-01-06T22:58:30","guid":{"rendered":"https:\/\/www.europesays.com\/fr\/645787\/"},"modified":"2026-01-06T22:58:30","modified_gmt":"2026-01-06T22:58:30","slug":"il-tente-de-sinterposer-lors-dune-dispute-devant-un-lycee-a-rennes-un-jeune-de-16-ans-blesse-par-un-coup-de-couteau","status":"publish","type":"post","link":"https:\/\/www.europesays.com\/fr\/645787\/","title":{"rendered":"Il tente de s\u2019interposer lors d\u2019une dispute devant un lyc\u00e9e\u00a0: \u00e0 Rennes, un jeune de 16 ans bless\u00e9 par un coup de couteau"},"content":{"rendered":"<p>Lundi 5 janvier 2026 en fin d\u2019apr\u00e8s-midi, les forces de l\u2019ordre ont \u00e9t\u00e9 appel\u00e9es pour des coups de couteau \u00e0 la sortir du lyc\u00e9e Ren\u00e9-Descartes, dans le quartier de la Poterie, \u00e0 Rennes, comme le rapportent nos confr\u00e8res de<a href=\"https:\/\/www.ouest-france.fr\/societe\/faits-divers\/un-jeune-de-17-ans-blesse-par-un-coup-de-couteau-devant-le-lycee-descartes-a-rennes-18f18e62-ea5a-11f0-9e1f-244d7f5629f7#:~:text=R%C3%A9serv%C3%A9%20aux%20abonn%C3%A9s-,Un%20jeune%20de%2017%20ans%20bless%C3%A9%20par%20un%20coup%20de,thorax%20par%20un%20autre%20individu.\" target=\"_blank\" rel=\"noopener\"> Ouest-France<\/a>. \u00ab La victime, \u00e2g\u00e9e de 16 ans, est scolaris\u00e9e dans ce lyc\u00e9e, indique ce mardi le procureur de la R\u00e9publique Fr\u00e9d\u00e9ric Teillet. Ses jours ne sont pas en danger \u00bb.<\/p>\n<p>Une enqu\u00eate ouverte<\/p>\n<p>Selon nos informations, la victime s\u2019est interpos\u00e9e lors d\u2019une dispute et ses blessures sont superficielles. \u00ab Une enqu\u00eate confi\u00e9e \u00e0 la DCT de Rennes a \u00e9t\u00e9 ouverte pour violences volontaires avec arme \u00bb, pr\u00e9cise le procureur.<\/p>\n","protected":false},"excerpt":{"rendered":"Lundi 5 janvier 2026 en fin d\u2019apr\u00e8s-midi, les forces de l\u2019ordre ont \u00e9t\u00e9 appel\u00e9es pour des coups de&hellip;\n","protected":false},"author":2,"featured_media":645788,"comment_status":"","ping_status":"","sticky":false,"template":"","format":"standard","meta":{"footnotes":""},"categories":[2821],"tags":[1111,11,829,1777,674,118,3383,1011,27,848,12,584,25],"class_list":{"0":"post-645787","1":"post","2":"type-post","3":"status-publish","4":"format-standard","5":"has-post-thumbnail","7":"category-rennes","8":"tag-actu","9":"tag-actualites","10":"tag-bretagne","11":"tag-eu","12":"tag-europe","13":"tag-faits-divers","14":"tag-faits-divers-a-rennes","15":"tag-fr","16":"tag-france","17":"tag-ille-et-vilaine","18":"tag-news","19":"tag-rennes","20":"tag-republique-francaise"},"share_on_mastodon":{"url":"https:\/\/pubeurope.com\/@fr\/115850635077459900","error":""},"_links":{"self":[{"href":"https:\/\/www.europesays.com\/fr\/wp-json\/wp\/v2\/posts\/645787","targetHints":{"allow":["GET"]}}],"collection":[{"href":"https:\/\/www.europesays.com\/fr\/wp-json\/wp\/v2\/posts"}],"about":[{"href":"https:\/\/www.europesays.com\/fr\/wp-json\/wp\/v2\/types\/post"}],"author":[{"embeddable":true,"href":"https:\/\/www.europesays.com\/fr\/wp-json\/wp\/v2\/users\/2"}],"replies":[{"embeddable":true,"href":"https:\/\/www.europesays.com\/fr\/wp-json\/wp\/v2\/comments?post=645787"}],"version-history":[{"count":0,"href":"https:\/\/www.europesays.com\/fr\/wp-json\/wp\/v2\/posts\/645787\/revisions"}],"wp:featuredmedia":[{"embeddable":true,"href":"https:\/\/www.europesays.com\/fr\/wp-json\/wp\/v2\/media\/645788"}],"wp:attachment":[{"href":"https:\/\/www.europesays.com\/fr\/wp-json\/wp\/v2\/media?parent=645787"}],"wp:term":[{"taxonomy":"category","embeddable":true,"href":"https:\/\/www.europesays.com\/fr\/wp-json\/wp\/v2\/categories?post=645787"},{"taxonomy":"post_tag","embeddable":true,"href":"https:\/\/www.europesays.com\/fr\/wp-json\/wp\/v2\/tags?post=645787"}],"curies":[{"name":"wp","href":"https:\/\/api.w.org\/{rel}","templated":true}]}}