{"id":645789,"date":"2026-01-06T22:59:23","date_gmt":"2026-01-06T22:59:23","guid":{"rendered":"https:\/\/www.europesays.com\/fr\/645789\/"},"modified":"2026-01-06T22:59:23","modified_gmt":"2026-01-06T22:59:23","slug":"verglas-une-accalmie-prudente-la-vigilance-de-mise","status":"publish","type":"post","link":"https:\/\/www.europesays.com\/fr\/645789\/","title":{"rendered":"Verglas : une accalmie prudente, la vigilance de mise"},"content":{"rendered":"<p style=\"text-align: justify;\" data-start=\"127\" data-end=\"712\"><strong>Point de situation \u00e0 18 h, ce mardi 6 janvier.<\/strong> Au lendemain de l\u2019\u00e9pisode neigeux du 5 janvier, la Bretagne \u2013 et en particulier l\u2019agglom\u00e9ration rennaise \u2013 s\u2019est r\u00e9veill\u00e9e sous une couche de verglas impressionnante. Sur de nombreux axes secondaires, la circulation s\u2019est r\u00e9v\u00e9l\u00e9e d\u00e9licate, voire impraticable, en raison d\u2019une neige tass\u00e9e et verglac\u00e9e. Les services de secours ont \u00e9t\u00e9 fortement sollicit\u00e9s : 31 interventions ont \u00e9t\u00e9 recens\u00e9es depuis 7 h ce matin dans le d\u00e9partement, pour six accidents, dix-neuf chutes et six assistances, concernant 31 personnes bless\u00e9es en urgence relative.<\/p>\n<p style=\"text-align: justify;\" data-start=\"714\" data-end=\"1271\">Afin de maintenir une circulation fluide et d\u2019assurer la s\u00e9curit\u00e9 des usagers, des zones de stockage pour poids lourds avaient \u00e9t\u00e9 activ\u00e9es sur l\u2019ensemble de la zone Ouest, en lien avec les interdictions de circulation d\u00e9cid\u00e9es en amont. Au regard de l\u2019\u00e9volution favorable des conditions m\u00e9t\u00e9orologiques, le pr\u00e9fet de la zone de d\u00e9fense et de s\u00e9curit\u00e9 Ouest, Franck Robine, a toutefois pris un arr\u00eat\u00e9 pr\u00e9voyant une lev\u00e9e progressive de ces dispositifs entre 10 h et 12 h sur l\u2019ensemble de la zone.<\/p>\n<blockquote>\n<p data-start=\"714\" data-end=\"1271\">Le r\u00e9seau secondaire demeure fragile, et les services de l\u2019\u00c9tat appellent \u00e0 la plus grande prudence, en particulier sur les axes non trait\u00e9s ou peu fr\u00e9quent\u00e9s.<\/p>\n<\/blockquote>\n<p style=\"text-align: justify;\" data-start=\"1273\" data-end=\"1655\">Cette am\u00e9lioration reste encadr\u00e9e. Les autorit\u00e9s maintiennent l\u2019abaissement des limitations de vitesse de 20 km\/h ainsi que l\u2019interdiction de d\u00e9passement pour les poids lourds de plus de 7,5 tonnes. \u00a0Selon M\u00e9t\u00e9o Bretagne, pluie et neige sont pr\u00e9vues cette \u00a0nuit sur Rennes et ses environs, avec des temp\u00e9ratures oscillant entre \u20133 \u00b0C et 5 \u00b0C. Le risque de verglas sera donc \u00e9lev\u00e9 au petit matin, notamment dans le secteur de Foug\u00e8res, o\u00f9 des averses m\u00ealant pluie et neige sont \u00e9galement envisag\u00e9es. \u00c0 l\u2019\u00e9chelle nationale, 38 d\u00e9partements devraient \u00eatre plac\u00e9s en vigilance orange neige-verglas mercredi 7 janvier, avec des cumuls de 3 \u00e0 7 cm, et localement jusqu\u2019\u00e0 15 cm sur les Ardennes.<\/p>\n<p style=\"text-align: justify;\" data-start=\"2905\" data-end=\"3327\" data-is-last-node=\"\" data-is-only-node=\"\">Apr\u00e8s la neige et le verglas, la Bretagne se pr\u00e9pare d\u00e9j\u00e0 \u00e0 la premi\u00e8re temp\u00eate de l\u2019ann\u00e9e 2026, annonc\u00e9e dans la nuit de jeudi \u00e0 vendredi. D\u2019ici l\u00e0, la pr\u00e9fecture de la zone Ouest appelle l\u2019ensemble des usagers \u00e0 limiter les d\u00e9placements, \u00e0 adapter leur conduite et \u00e0 consulter r\u00e9guli\u00e8rement les bulletins m\u00e9t\u00e9o et l\u2019\u00e9tat du r\u00e9seau routier sur meteofrance.com et bison-fute.gouv.fr.<\/p>\n","protected":false},"excerpt":{"rendered":"Point de situation \u00e0 18 h, ce mardi 6 janvier. Au lendemain de l\u2019\u00e9pisode neigeux du 5 janvier,&hellip;\n","protected":false},"author":2,"featured_media":645790,"comment_status":"","ping_status":"","sticky":false,"template":"","format":"standard","meta":{"footnotes":""},"categories":[2821],"tags":[1111,11,829,1777,674,1011,27,12,584,25],"class_list":{"0":"post-645789","1":"post","2":"type-post","3":"status-publish","4":"format-standard","5":"has-post-thumbnail","7":"category-rennes","8":"tag-actu","9":"tag-actualites","10":"tag-bretagne","11":"tag-eu","12":"tag-europe","13":"tag-fr","14":"tag-france","15":"tag-news","16":"tag-rennes","17":"tag-republique-francaise"},"share_on_mastodon":{"url":"https:\/\/pubeurope.com\/@fr\/115850639052958201","error":""},"_links":{"self":[{"href":"https:\/\/www.europesays.com\/fr\/wp-json\/wp\/v2\/posts\/645789","targetHints":{"allow":["GET"]}}],"collection":[{"href":"https:\/\/www.europesays.com\/fr\/wp-json\/wp\/v2\/posts"}],"about":[{"href":"https:\/\/www.europesays.com\/fr\/wp-json\/wp\/v2\/types\/post"}],"author":[{"embeddable":true,"href":"https:\/\/www.europesays.com\/fr\/wp-json\/wp\/v2\/users\/2"}],"replies":[{"embeddable":true,"href":"https:\/\/www.europesays.com\/fr\/wp-json\/wp\/v2\/comments?post=645789"}],"version-history":[{"count":0,"href":"https:\/\/www.europesays.com\/fr\/wp-json\/wp\/v2\/posts\/645789\/revisions"}],"wp:featuredmedia":[{"embeddable":true,"href":"https:\/\/www.europesays.com\/fr\/wp-json\/wp\/v2\/media\/645790"}],"wp:attachment":[{"href":"https:\/\/www.europesays.com\/fr\/wp-json\/wp\/v2\/media?parent=645789"}],"wp:term":[{"taxonomy":"category","embeddable":true,"href":"https:\/\/www.europesays.com\/fr\/wp-json\/wp\/v2\/categories?post=645789"},{"taxonomy":"post_tag","embeddable":true,"href":"https:\/\/www.europesays.com\/fr\/wp-json\/wp\/v2\/tags?post=645789"}],"curies":[{"name":"wp","href":"https:\/\/api.w.org\/{rel}","templated":true}]}}