{"id":645799,"date":"2026-01-06T23:04:22","date_gmt":"2026-01-06T23:04:22","guid":{"rendered":"https:\/\/www.europesays.com\/fr\/645799\/"},"modified":"2026-01-06T23:04:22","modified_gmt":"2026-01-06T23:04:22","slug":"laeroport-ferme-jusqua-mercredi-matin","status":"publish","type":"post","link":"https:\/\/www.europesays.com\/fr\/645799\/","title":{"rendered":"l&rsquo;a\u00e9roport ferm\u00e9 jusqu&rsquo;\u00e0 mercredi matin"},"content":{"rendered":"<p>                    Par<br \/>\n        <strong><br \/>\n            <a href=\"https:\/\/actu.fr\/auteur\/thomas-bernard\" title=\"Consulter tous les articles de Thomas Bernard\" target=\"_blank\" rel=\"noopener\">Thomas Bernard<\/a><br \/>\n                    <\/strong><\/p>\n<p>        Publi\u00e9 le<\/p>\n<p>            6 janv. 2026 \u00e0 9h08<br \/>\n        ; mis \u00e0 jour le 6 janv. 2026 \u00e0 15h00    <\/p>\n<p>[Mise \u00e0 jour le mardi 6 janvier 2026 \u00e0 14 h 58 : \u00ab\u00a0Compte tenu des temp\u00e9ratures exceptionnelles toujours en vigueur actuellement, l\u2019a\u00e9roport restera ferm\u00e9 jusqu\u2019\u00e0 demain matin pour assurer la s\u00e9curit\u00e9 des passagers. Les compagnies a\u00e9riennes informeront directement les passagers concernant leur vol\u00a0\u00bb, indique <a href=\"https:\/\/www.nantes.aeroport.fr\/fr\" target=\"_blank\" rel=\"noopener\">Nantes Atlantique sur son site internet<\/a>.]<\/p>\n<p class=\" wall-content\">La neige et le verglas paralysent l<a href=\"https:\/\/actu.fr\/pays-de-la-loire\/nantes_44109\/neige-et-verglas-a-nantes-les-bus-et-les-trams-ne-circulent-pas-ce-matin_63655170.html\" target=\"_blank\" rel=\"noopener\">e r\u00e9seau de transports en commun<\/a> mais aussi les routes de la m\u00e9tropole nantaise. L\u2019a\u00e9roport de Nantes est \u00e9galement impact\u00e9 par les conditions m\u00e9t\u00e9orologiques.<\/p>\n<p>Vols annul\u00e9s<\/p>\n<p class=\" wall-content\">Ce mardi 6\u00a0janvier 2026, tous les vols pr\u00e9vus (d\u00e9parts et arriv\u00e9es) ce matin \u00e0 Nantes sont annul\u00e9s. \u00ab\u2009Nous vous invitons \u00e0 v\u00e9rifier le statut de votre vol, avant de vous d\u00e9placer, sur notre rubrique Vols en temps r\u00e9el et\/ou \u00e0 vous rapprocher de votre compagnie a\u00e9rienne ou de votre agence de voyages\u2009\u00bb, informe l\u2019a\u00e9roport Nantes Atlantique sur son site internet.<\/p>\n<p class=\" wall-content\">Pour rappel, <b>la piste de l\u2019a\u00e9roport nantais est ferm\u00e9e depuis 20\u2009h\u200920<\/b>, lundi 5\u00a0janvier.<\/p>\n<p class=\" wall-content\">Personnalisez votre actualit\u00e9 en ajoutant vos villes et m\u00e9dias en favori avec <a href=\"https:\/\/moncompte.actu.fr\" title=\"D\u00e9couvez Mon Actu\" rel=\"nofollow noopener\" data-trk=\"{&quot;cta&quot;:{&quot;action&quot;:&quot;https:\\\/\\\/moncompte.actu.fr&quot;,&quot;category&quot;:&quot;mon compte&quot;,&quot;from&quot;:&quot;article footer&quot;,&quot;name&quot;:&quot;Mon actu&quot;,&quot;type&quot;:&quot;cta&quot;}}\" target=\"_blank\">Mon Actu<\/a>.<\/p>\n","protected":false},"excerpt":{"rendered":"Par Thomas Bernard Publi\u00e9 le 6 janv. 2026 \u00e0 9h08 ; mis \u00e0 jour le 6 janv. 2026&hellip;\n","protected":false},"author":2,"featured_media":645800,"comment_status":"","ping_status":"","sticky":false,"template":"","format":"standard","meta":{"footnotes":""},"categories":[2818],"tags":[1111,11,754,1777,674,1011,27,2487,766,755,10584,12,2636,25],"class_list":{"0":"post-645799","1":"post","2":"type-post","3":"status-publish","4":"format-standard","5":"has-post-thumbnail","7":"category-nantes","8":"tag-actu","9":"tag-actualites","10":"tag-aeroport-de-nantes","11":"tag-eu","12":"tag-europe","13":"tag-fr","14":"tag-france","15":"tag-meteo","16":"tag-nantes","17":"tag-nantes-atlantique-aeroport","18":"tag-neige","19":"tag-news","20":"tag-pays-de-la-loire","21":"tag-republique-francaise"},"share_on_mastodon":{"url":"https:\/\/pubeurope.com\/@fr\/115850658690004816","error":""},"_links":{"self":[{"href":"https:\/\/www.europesays.com\/fr\/wp-json\/wp\/v2\/posts\/645799","targetHints":{"allow":["GET"]}}],"collection":[{"href":"https:\/\/www.europesays.com\/fr\/wp-json\/wp\/v2\/posts"}],"about":[{"href":"https:\/\/www.europesays.com\/fr\/wp-json\/wp\/v2\/types\/post"}],"author":[{"embeddable":true,"href":"https:\/\/www.europesays.com\/fr\/wp-json\/wp\/v2\/users\/2"}],"replies":[{"embeddable":true,"href":"https:\/\/www.europesays.com\/fr\/wp-json\/wp\/v2\/comments?post=645799"}],"version-history":[{"count":0,"href":"https:\/\/www.europesays.com\/fr\/wp-json\/wp\/v2\/posts\/645799\/revisions"}],"wp:featuredmedia":[{"embeddable":true,"href":"https:\/\/www.europesays.com\/fr\/wp-json\/wp\/v2\/media\/645800"}],"wp:attachment":[{"href":"https:\/\/www.europesays.com\/fr\/wp-json\/wp\/v2\/media?parent=645799"}],"wp:term":[{"taxonomy":"category","embeddable":true,"href":"https:\/\/www.europesays.com\/fr\/wp-json\/wp\/v2\/categories?post=645799"},{"taxonomy":"post_tag","embeddable":true,"href":"https:\/\/www.europesays.com\/fr\/wp-json\/wp\/v2\/tags?post=645799"}],"curies":[{"name":"wp","href":"https:\/\/api.w.org\/{rel}","templated":true}]}}