{"id":645809,"date":"2026-01-06T23:09:18","date_gmt":"2026-01-06T23:09:18","guid":{"rendered":"https:\/\/www.europesays.com\/fr\/645809\/"},"modified":"2026-01-06T23:09:18","modified_gmt":"2026-01-06T23:09:18","slug":"universite-de-toulouse-capitole-le-doyen-roussillon-nous-a-quittes","status":"publish","type":"post","link":"https:\/\/www.europesays.com\/fr\/645809\/","title":{"rendered":"Universit\u00e9 de Toulouse Capitole\u00a0: le doyen Roussillon nous a quitt\u00e9s"},"content":{"rendered":"<p>\n                                                                    l&rsquo;essentiel<br \/>\n                                                                Henry Roussillon, doyen honoraire de l\u2019\u00c9cole de droit de Toulouse est d\u00e9c\u00e9d\u00e9 \u00e0 l\u2019\u00e2ge de 81 ans.\n                            <\/p>\n<p>Ses yeux p\u00e9tillants et sa pens\u00e9e pr\u00e9cise manqueront \u00e0 tous les juristes pass\u00e9s par l\u2019Universit\u00e9 Toulouse Capitole. Le Doyen honoraire Henry Roussillon est d\u00e9c\u00e9d\u00e9 lundi 5\u00a0janvier \u00e0 l\u2019\u00e2ge de 81 ans. Professeur de droit public, il a pr\u00e9sid\u00e9 l\u2019universit\u00e9 Toulouse1 de 2003 \u00e0 2008. Dipl\u00f4m\u00e9 de l\u2019Institut d\u2019\u00e9tudes politiques de Toulouse en 1964, il poursuit ses \u00e9tudes \u00e0 l\u2019Acad\u00e9mie internationale de droit international de La\u00a0Haye.<\/p>\n<p>Il a form\u00e9 des g\u00e9n\u00e9rations d\u2019\u00e9tudiants<\/p>\n<p>Puis il d\u00e9croche un DES de droit public et un DES de sciences politiques avant d\u2019\u00eatre re\u00e7u \u00e0 l\u2019agr\u00e9gation de droit public et de science politique en 1974. Il d\u00e9bute alors sa carri\u00e8re d\u2019enseignant comme assistant puis charg\u00e9 de cours entre\u00a01965 et\u00a01974 \u00e0 la facult\u00e9 de droit de Toulouse. Les lointaines latitudes l\u2019appellent encore comme professeur \u00e0 la facult\u00e9 de droit de Tunis avant son retour en France en 1978 o\u00f9 il devient professeur \u00e0 l\u2019universit\u00e9 Toulouse 1.<\/p>\n<p>Durant toute sa carri\u00e8re, des g\u00e9n\u00e9rations enti\u00e8res d\u2019\u00e9tudiants juristes ont appris droit public et droit constitutionnel \u00e0 ses c\u00f4t\u00e9s. Inlassable passeur de son savoir juridique, Henry Roussillon s\u2019est beaucoup engag\u00e9 dans des fonctions et organes comme l\u2019Acad\u00e9mie internationale de Droit constitutionnel ou l\u2019Association fran\u00e7aise des constitutionnalistes dont il a \u00e9t\u00e9 vice-pr\u00e9sident.<\/p>\n<p>Chevalier de la L\u00e9gion d\u2019Honneur<\/p>\n<p>Il a aussi anim\u00e9 une chronique r\u00e9guli\u00e8re dans La Gazette du Midi dans les ann\u00e9es 1990 quand l\u2019hebdomadaire juridique faisait partie du Groupe D\u00e9p\u00eache. Henry Roussillon \u00e9tait Commandeur des Palmes acad\u00e9miques et Chevalier de la L\u00e9gion d\u2019Honneur. La D\u00e9p\u00eache du Midi pr\u00e9sente ses condol\u00e9ances \u00e0 sa famille et \u00e0 ses proches.<\/p>\n<p><strong>C\u00e9r\u00e9monie religieuse samedi 10\u00a0janvier 2026 \u00e0 14h, cath\u00e9drale Saint-\u00c9tienne \u00e0 Toulouse<\/strong><\/p>\n","protected":false},"excerpt":{"rendered":"l&rsquo;essentiel Henry Roussillon, doyen honoraire de l\u2019\u00c9cole de droit de Toulouse est d\u00e9c\u00e9d\u00e9 \u00e0 l\u2019\u00e2ge de 81 ans.&hellip;\n","protected":false},"author":2,"featured_media":645810,"comment_status":"","ping_status":"","sticky":false,"template":"","format":"standard","meta":{"footnotes":""},"categories":[2816],"tags":[1111,11,12655,1777,674,1011,27,329,2722,12,2680,25,1857,2312],"class_list":{"0":"post-645809","1":"post","2":"type-post","3":"status-publish","4":"format-standard","5":"has-post-thumbnail","7":"category-toulouse","8":"tag-actu","9":"tag-actualites","10":"tag-carnet-noir","11":"tag-eu","12":"tag-europe","13":"tag-fr","14":"tag-france","15":"tag-france-monde","16":"tag-haute-garonne","17":"tag-news","18":"tag-occitanie","19":"tag-republique-francaise","20":"tag-sociu00e9tu00e9","21":"tag-toulouse"},"share_on_mastodon":{"url":"https:\/\/pubeurope.com\/@fr\/115850678340127707","error":""},"_links":{"self":[{"href":"https:\/\/www.europesays.com\/fr\/wp-json\/wp\/v2\/posts\/645809","targetHints":{"allow":["GET"]}}],"collection":[{"href":"https:\/\/www.europesays.com\/fr\/wp-json\/wp\/v2\/posts"}],"about":[{"href":"https:\/\/www.europesays.com\/fr\/wp-json\/wp\/v2\/types\/post"}],"author":[{"embeddable":true,"href":"https:\/\/www.europesays.com\/fr\/wp-json\/wp\/v2\/users\/2"}],"replies":[{"embeddable":true,"href":"https:\/\/www.europesays.com\/fr\/wp-json\/wp\/v2\/comments?post=645809"}],"version-history":[{"count":0,"href":"https:\/\/www.europesays.com\/fr\/wp-json\/wp\/v2\/posts\/645809\/revisions"}],"wp:featuredmedia":[{"embeddable":true,"href":"https:\/\/www.europesays.com\/fr\/wp-json\/wp\/v2\/media\/645810"}],"wp:attachment":[{"href":"https:\/\/www.europesays.com\/fr\/wp-json\/wp\/v2\/media?parent=645809"}],"wp:term":[{"taxonomy":"category","embeddable":true,"href":"https:\/\/www.europesays.com\/fr\/wp-json\/wp\/v2\/categories?post=645809"},{"taxonomy":"post_tag","embeddable":true,"href":"https:\/\/www.europesays.com\/fr\/wp-json\/wp\/v2\/tags?post=645809"}],"curies":[{"name":"wp","href":"https:\/\/api.w.org\/{rel}","templated":true}]}}