{"id":64581,"date":"2025-04-30T14:35:09","date_gmt":"2025-04-30T14:35:09","guid":{"rendered":"https:\/\/www.europesays.com\/fr\/64581\/"},"modified":"2025-04-30T14:35:09","modified_gmt":"2025-04-30T14:35:09","slug":"il-capture-lame-de-la-formule-1","status":"publish","type":"post","link":"https:\/\/www.europesays.com\/fr\/64581\/","title":{"rendered":"Il capture l\u2019\u00e2me de la formule 1"},"content":{"rendered":"<p class=\"\">Les moteurs qui rugissent sur la grille de d\u00e9part, l\u2019odeur des pneus et de l\u2019essence, le souffle des monoplaces de formule 1 qui passent \u00e0 toute vitesse: les photos de Dan Schiumarini ont le pouvoir de nous transporter dans l\u2019atmosph\u00e8re si particuli\u00e8re des Grands Prix. Elles r\u00e9v\u00e8lent les coulisses de ces courses mythiques, les aventures humaines qui s\u2019y d\u00e9roulent tout en mettant en \u00e9vidence l\u2019esth\u00e9tique des voitures et des circuits.<\/p>\n","protected":false},"excerpt":{"rendered":"Les moteurs qui rugissent sur la grille de d\u00e9part, l\u2019odeur des pneus et de l\u2019essence, le souffle des&hellip;\n","protected":false},"author":2,"featured_media":64582,"comment_status":"","ping_status":"","sticky":false,"template":"","format":"standard","meta":{"footnotes":""},"categories":[1412],"tags":[16384,16382,16381,1451,1452,1453,1454,1455,1011,27,500,1756,938,16383,60],"class_list":{"0":"post-64581","1":"post","2":"type-post","3":"status-publish","4":"format-standard","5":"has-post-thumbnail","7":"category-f1","8":"tag-automobilisme","9":"tag-broye","10":"tag-cugy","11":"tag-f1","12":"tag-formula-1","13":"tag-formula1","14":"tag-formule-1","15":"tag-formule1","16":"tag-fr","17":"tag-france","18":"tag-medias","19":"tag-photographie","20":"tag-reseaux-sociaux","21":"tag-sevaz","22":"tag-sports"},"share_on_mastodon":{"url":"https:\/\/pubeurope.com\/@fr\/114427417508280919","error":""},"_links":{"self":[{"href":"https:\/\/www.europesays.com\/fr\/wp-json\/wp\/v2\/posts\/64581","targetHints":{"allow":["GET"]}}],"collection":[{"href":"https:\/\/www.europesays.com\/fr\/wp-json\/wp\/v2\/posts"}],"about":[{"href":"https:\/\/www.europesays.com\/fr\/wp-json\/wp\/v2\/types\/post"}],"author":[{"embeddable":true,"href":"https:\/\/www.europesays.com\/fr\/wp-json\/wp\/v2\/users\/2"}],"replies":[{"embeddable":true,"href":"https:\/\/www.europesays.com\/fr\/wp-json\/wp\/v2\/comments?post=64581"}],"version-history":[{"count":0,"href":"https:\/\/www.europesays.com\/fr\/wp-json\/wp\/v2\/posts\/64581\/revisions"}],"wp:featuredmedia":[{"embeddable":true,"href":"https:\/\/www.europesays.com\/fr\/wp-json\/wp\/v2\/media\/64582"}],"wp:attachment":[{"href":"https:\/\/www.europesays.com\/fr\/wp-json\/wp\/v2\/media?parent=64581"}],"wp:term":[{"taxonomy":"category","embeddable":true,"href":"https:\/\/www.europesays.com\/fr\/wp-json\/wp\/v2\/categories?post=64581"},{"taxonomy":"post_tag","embeddable":true,"href":"https:\/\/www.europesays.com\/fr\/wp-json\/wp\/v2\/tags?post=64581"}],"curies":[{"name":"wp","href":"https:\/\/api.w.org\/{rel}","templated":true}]}}