{"id":645817,"date":"2026-01-06T23:13:15","date_gmt":"2026-01-06T23:13:15","guid":{"rendered":"https:\/\/www.europesays.com\/fr\/645817\/"},"modified":"2026-01-06T23:13:15","modified_gmt":"2026-01-06T23:13:15","slug":"les-policiers-ivres-avaient-frappe-les-clients-dun-snack-et-une-serveuse-prison-ferme-requise","status":"publish","type":"post","link":"https:\/\/www.europesays.com\/fr\/645817\/","title":{"rendered":"les policiers ivres avaient frapp\u00e9 les clients d\u2019un snack et une serveuse, prison ferme requise"},"content":{"rendered":"<p>\u00ab\u00a0J\u2019ai mis plus de temps \u00e0 lire leur casier judiciaire que le dossier p\u00e9nal.\u00a0\u00bb Le trait d\u2019esprit de Me\u00a0Thomas Hugues aurait pu tomber \u00e0 plat dans la routine d\u2019une salle d\u2019audience. Au contraire, il fait l\u2019effet d\u2019un uppercut ce mardi 6\u00a0janvier quand la profession des deux pr\u00e9venus est d\u00e9clin\u00e9e\u00a0: policiers, affect\u00e9s \u00e0 la brigade de nuit de <a href=\"https:\/\/www.laprovence.com\/article\/faits-divers-justice\/1509539937874115\/marseille-un-equipage-de-police-secours-retrouve-son-vehicule-avec-les-4-pneus-creves-apres-une-intervention\" target=\"_blank\" rel=\"noopener\">police secours<\/a>.<\/p>\n<p>Le premier, Anthony H., 29\u00a0ans, compte cinq mentions\u00a0: deux pour violences en r\u00e9union et menaces de mort sur conjointe, trois pour conduite en \u00e9tat d\u2019ivresse. Sa derni\u00e8re peine date de\u00a02023. Ce passif p\u00e9nal l\u2019a emp\u00each\u00e9 d\u2019int\u00e9grer la gendarmerie. Mais apr\u00e8s la perte d\u2019un camarade sur un th\u00e9\u00e2tre d\u2019op\u00e9rations, au Mali, cet homme au physique sec, qui reconna\u00eet un \u00ab\u00a0probl\u00e8me avec l\u2019alcool\u00a0\u00bb, a \u00e9t\u00e9 accept\u00e9 dans la police en\u00a02022 et mut\u00e9 sur la voie publique.<\/p>\n","protected":false},"excerpt":{"rendered":"\u00ab\u00a0J\u2019ai mis plus de temps \u00e0 lire leur casier judiciaire que le dossier p\u00e9nal.\u00a0\u00bb Le trait d\u2019esprit de&hellip;\n","protected":false},"author":2,"featured_media":645818,"comment_status":"","ping_status":"","sticky":false,"template":"","format":"standard","meta":{"footnotes":""},"categories":[2814],"tags":[5734,1111,11,75166,1777,674,274,1011,27,11731,75165,151,884,12,6890,882,25],"class_list":{"0":"post-645817","1":"post","2":"type-post","3":"status-publish","4":"format-standard","5":"has-post-thumbnail","7":"category-marseille","8":"tag-5734","9":"tag-actu","10":"tag-actualites","11":"tag-avaient","12":"tag-eu","13":"tag-europe","14":"tag-faits-divers-justice","15":"tag-fr","16":"tag-france","17":"tag-frappe","18":"tag-ivres","19":"tag-les","20":"tag-marseille","21":"tag-news","22":"tag-policiers","23":"tag-provence-alpes-cote-dazur","24":"tag-republique-francaise"},"share_on_mastodon":{"url":"https:\/\/pubeurope.com\/@fr\/115850694125406332","error":""},"_links":{"self":[{"href":"https:\/\/www.europesays.com\/fr\/wp-json\/wp\/v2\/posts\/645817","targetHints":{"allow":["GET"]}}],"collection":[{"href":"https:\/\/www.europesays.com\/fr\/wp-json\/wp\/v2\/posts"}],"about":[{"href":"https:\/\/www.europesays.com\/fr\/wp-json\/wp\/v2\/types\/post"}],"author":[{"embeddable":true,"href":"https:\/\/www.europesays.com\/fr\/wp-json\/wp\/v2\/users\/2"}],"replies":[{"embeddable":true,"href":"https:\/\/www.europesays.com\/fr\/wp-json\/wp\/v2\/comments?post=645817"}],"version-history":[{"count":0,"href":"https:\/\/www.europesays.com\/fr\/wp-json\/wp\/v2\/posts\/645817\/revisions"}],"wp:featuredmedia":[{"embeddable":true,"href":"https:\/\/www.europesays.com\/fr\/wp-json\/wp\/v2\/media\/645818"}],"wp:attachment":[{"href":"https:\/\/www.europesays.com\/fr\/wp-json\/wp\/v2\/media?parent=645817"}],"wp:term":[{"taxonomy":"category","embeddable":true,"href":"https:\/\/www.europesays.com\/fr\/wp-json\/wp\/v2\/categories?post=645817"},{"taxonomy":"post_tag","embeddable":true,"href":"https:\/\/www.europesays.com\/fr\/wp-json\/wp\/v2\/tags?post=645817"}],"curies":[{"name":"wp","href":"https:\/\/api.w.org\/{rel}","templated":true}]}}