{"id":645821,"date":"2026-01-06T23:15:15","date_gmt":"2026-01-06T23:15:15","guid":{"rendered":"https:\/\/www.europesays.com\/fr\/645821\/"},"modified":"2026-01-06T23:15:15","modified_gmt":"2026-01-06T23:15:15","slug":"les-agriculteurs-poursuivent-leur-action-ce-quil-faut-retenir","status":"publish","type":"post","link":"https:\/\/www.europesays.com\/fr\/645821\/","title":{"rendered":"les agriculteurs poursuivent leur action, ce qu&rsquo;il faut retenir"},"content":{"rendered":"<p>Une trentaine d&rsquo;agriculteurs se sont install\u00e9s depuis le lundi 5 janvier sur la M7, ex-A7, \u00e0 hauteur du site Arkema \u00e0 Pierre-B\u00e9nite. Chapiteau mont\u00e9, braseros allum\u00e9s, dortoir improvis\u00e9 : les manifestants de la Coordination rurale (CR) du Rh\u00f4ne maintiennent la pression pour d\u00e9fendre leurs revenus et leurs conditions de travail. L&rsquo;action complique s\u00e9rieusement la circulation au sud de Lyon. Voici un r\u00e9cap en image de cette mobilisation.<\/p>\n","protected":false},"excerpt":{"rendered":"Une trentaine d&rsquo;agriculteurs se sont install\u00e9s depuis le lundi 5 janvier sur la M7, ex-A7, \u00e0 hauteur du&hellip;\n","protected":false},"author":2,"featured_media":645822,"comment_status":"","ping_status":"","sticky":false,"template":"","format":"standard","meta":{"footnotes":""},"categories":[1889],"tags":[1111,11,327,2430,3542,9671,33,2757,3153,3154,3155,3156,1777,674,107,1011,27,5325,2798,2428,12,25,2429,273,801,2803],"class_list":{"0":"post-645821","1":"post","2":"type-post","3":"status-publish","4":"format-standard","5":"has-post-thumbnail","7":"category-lyon","8":"tag-actu","9":"tag-actualites","10":"tag-agriculture","11":"tag-auvergne-rhone-alpes","12":"tag-circulation","13":"tag-conflit-social","14":"tag-economie","15":"tag-edition-lyon-villeurbanne","16":"tag-edition-ouest-lyonnais","17":"tag-edition-sud-lyonnais","18":"tag-edition-tarare","19":"tag-edition-villefranche","20":"tag-eu","21":"tag-europe","22":"tag-fil-info","23":"tag-fr","24":"tag-france","25":"tag-galerie-media","26":"tag-galerie-photo","27":"tag-lyon","28":"tag-news","29":"tag-republique-francaise","30":"tag-rhone","31":"tag-selection-de-la-redaction","32":"tag-social","33":"tag-transport"},"share_on_mastodon":{"url":"https:\/\/pubeurope.com\/@fr\/115850701872587942","error":""},"_links":{"self":[{"href":"https:\/\/www.europesays.com\/fr\/wp-json\/wp\/v2\/posts\/645821","targetHints":{"allow":["GET"]}}],"collection":[{"href":"https:\/\/www.europesays.com\/fr\/wp-json\/wp\/v2\/posts"}],"about":[{"href":"https:\/\/www.europesays.com\/fr\/wp-json\/wp\/v2\/types\/post"}],"author":[{"embeddable":true,"href":"https:\/\/www.europesays.com\/fr\/wp-json\/wp\/v2\/users\/2"}],"replies":[{"embeddable":true,"href":"https:\/\/www.europesays.com\/fr\/wp-json\/wp\/v2\/comments?post=645821"}],"version-history":[{"count":0,"href":"https:\/\/www.europesays.com\/fr\/wp-json\/wp\/v2\/posts\/645821\/revisions"}],"wp:featuredmedia":[{"embeddable":true,"href":"https:\/\/www.europesays.com\/fr\/wp-json\/wp\/v2\/media\/645822"}],"wp:attachment":[{"href":"https:\/\/www.europesays.com\/fr\/wp-json\/wp\/v2\/media?parent=645821"}],"wp:term":[{"taxonomy":"category","embeddable":true,"href":"https:\/\/www.europesays.com\/fr\/wp-json\/wp\/v2\/categories?post=645821"},{"taxonomy":"post_tag","embeddable":true,"href":"https:\/\/www.europesays.com\/fr\/wp-json\/wp\/v2\/tags?post=645821"}],"curies":[{"name":"wp","href":"https:\/\/api.w.org\/{rel}","templated":true}]}}