{"id":645823,"date":"2026-01-06T23:17:12","date_gmt":"2026-01-06T23:17:12","guid":{"rendered":"https:\/\/www.europesays.com\/fr\/645823\/"},"modified":"2026-01-06T23:17:12","modified_gmt":"2026-01-06T23:17:12","slug":"routes-transports-aeroports-les-perturbations-attendues-mercredi-en-ile-de-france","status":"publish","type":"post","link":"https:\/\/www.europesays.com\/fr\/645823\/","title":{"rendered":"routes, transports, a\u00e9roports&#8230; Les perturbations attendues mercredi en \u00cele-de-France"},"content":{"rendered":"<p class=\"article-p mdl\">La neige et le verglas sont de retour, ce mercredi 7 janvier, sur une large bande nord-ouest de la France, avec d&rsquo;importantes perturbations attendues dans les transports et sur les routes.\u00a0Apr\u00e8s un premier \u00e9pisode lundi,\u00a0<a class=\"link\" href=\"https:\/\/www.rtl.fr\/actu\/debats-societe\/neige-et-verglas-suis-je-oblige-d-aller-au-travail-ce-mardi-6-janvier-ce-que-dit-le-droit-du-travail-sur-les-absences-les-retards-et-le-teletravail-7900585075\" target=\"_blank\" rel=\"noopener\">38 d\u00e9partements ont \u00e9t\u00e9 plac\u00e9s en vigilance orange pour la neige et le verglas<\/a>\u00a0pour une partie de la nuit et toute la journ\u00e9e de mercredi, a annonc\u00e9 M\u00e9t\u00e9o-France.\u00a0<\/p>\n<p class=\"article-p mdl\">Parmi ces d\u00e9partements, on retrouve\u00a0Paris, <strong>les\u00a0<\/strong>Yvelines, la Seine-et-Marne, le Val-de-Marne, l&rsquo;Essonne, les Hauts-de-Seine, la Seine-Saint-Denis\u00a0et\u00a0le\u00a0Val-d&rsquo;Oise.\u00a0De fortes chutes de neige sont en effet attendues en l&rsquo;\u00cele-de-France.\u00a0<\/p>\n<p class=\"article-p mdl\">\u00ab\u00a0Nous invitons les voyageurs qui le peuvent \u00e0 reporter leurs d\u00e9placements et les salari\u00e9s \u00e0 privil\u00e9gier le t\u00e9l\u00e9travail quand c&rsquo;est possible\u00a0\u00bb, a \u00e9crit Ile-de-France Mobilit\u00e9s (IDFM), ce mardi, dans un communiqu\u00e9.\u00a0<\/p>\n<p>            \u00ab\u00a01.900 lignes de bus et car franciliens s&rsquo;annonce fortement perturb\u00e9\u00a0\u00bb, selon Ile-de-France Mobilit\u00e9s<\/p>\n<p class=\"article-p mdl\">Dans les transports en commun d&rsquo;\u00cele-de-France, la situation pourrait donc \u00eatre tr\u00e8s compliqu\u00e9e. IDFM a pr\u00e9venu que \u00ab\u00a0le fonctionnement des <strong>1.900 lignes de bus et car franciliens s&rsquo;annonce fortement perturb\u00e9<\/strong>, voire \u00e0 l&rsquo;arr\u00eat, et sera d\u00e9cid\u00e9 en fonction des conditions r\u00e9elles de circulation\u00a0\u00bb.<\/p>\n<p class=\"article-p mdl\">IDFM a en outre signal\u00e9 que \u00ab\u00a0par d\u00e9cision pr\u00e9fectorale,\u00a0<a class=\"link\" href=\"https:\/\/www.rtl.fr\/actu\/meteo\/neige-et-verglas-les-departements-ou-les-transports-scolaires-ne-seront-pas-assures-mercredi-7900585575\" target=\"_blank\" rel=\"noopener\">les transports scolaires sont suspendus pour la journ\u00e9e du 7 janvier<\/a>\u00a0dans les tous les d\u00e9partements de grande couronne : Yvelines, Seine-et-Marne, Essonne et Val d&rsquo;Oise\u00a0\u00bb.\u00a0<\/p>\n<p class=\"article-p mdl\">\u00ab\u00a0<strong>Nous invitons les voyageurs \u00e0 anticiper leurs trajets<\/strong> en s&rsquo;informant sur l&rsquo;application \u00cele-de-France Mobilit\u00e9s ou toutes les applications de mobilit\u00e9s, qui disposent des toutes derni\u00e8res pr\u00e9cisions pour chaque ligne et mode de transport du r\u00e9seau francilien\u00a0\u00bb, ajoute IDFM.<\/p>\n<p class=\"article-p mdl\">\u00ab\u00a0Les m\u00e9tros devraient fonctionner, les RER devraient fonctionner, les trains devraient fonctionner, nous avons des r\u00e9serves sur les bus\u00a0\u00bb, en fonction de l&rsquo;\u00e9paisseur de la neige, a de son c\u00f4t\u00e9 d\u00e9clar\u00e9 le ministre des Transports.\u00a0<\/p>\n<p>            Vitesse abaiss\u00e9e \u00e0 70 km\/h pour les v\u00e9hicules l\u00e9gers<\/p>\n<p class=\"article-p mdl\">Concernant la circulation sur les routes de la r\u00e9gion, Philippe Tabarot\u00a0<a class=\"link\" href=\"https:\/\/www.rtl.fr\/actu\/meteo\/transports-infrastructures-cultures-pourquoi-le-verglas-est-plus-craint-que-la-neige-7900585019\" target=\"_blank\" rel=\"noopener\">a \u00ab\u00a0fortement conseill\u00e9\u00a0\u00bb aux automobilistes d&rsquo;\u00e9viter tout d\u00e9placement\u00a0<\/a>ce mercredi en \u00cele-de-France.\u00a0<\/p>\n<p>Lors de son point presse, le ministre\u00a0a \u00e9galement annonc\u00e9 l&rsquo;interdiction de la circulation de poids lourds en \u00cele-de-France. Dans la r\u00e9gion,<strong> la vitesse maximale des v\u00e9hicules l\u00e9gers sera par ailleurs limit\u00e9e \u00e0 70 km\/h<\/strong> ce mercredi. La RN118 ne sera probablement pas ferm\u00e9e \u00e0 la circulation, a ajout\u00e9 le ministre.\u00a0<\/p>\n<p>Ce lundi, les chutes de neige ont provoqu\u00e9 une paralysie record et une sacr\u00e9e pagaille sur le r\u00e9seau routier francilien avec plus de 1.000 km de bouchons cumul\u00e9s en \u00cele-de-France en d\u00e9but de soir\u00e9e.\u00a0<\/p>\n<p>    Des vols annul\u00e9s \u00e0 Paris-Charles-de-Gaulle et \u00e0 Orly<\/p>\n<p class=\"article-p mdl\">C\u00f4t\u00e9 a\u00e9rien, <strong>les compagnies vont devoir renoncer \u00e0 une partie de leurs vols<\/strong> pr\u00e9vus mercredi matin dans les a\u00e9roports parisiens. Le ministre des Transports a en effet annonc\u00e9 l&rsquo;annulation d&rsquo;environ 40% des vols pr\u00e9vus entre 9h et 14h \u00e0 Paris-Charles-de-Gaulle et 25% de ceux pr\u00e9vus entre 6h et 13h \u00e0 Orly, premier et deuxi\u00e8me a\u00e9roports fran\u00e7ais.\u00a0<\/p>\n<p>Ces annulations sont n\u00e9cessaires pour assurer\u00a0<a class=\"link\" href=\"https:\/\/www.rtl.fr\/actu\/meteo\/neige-et-verglas-ou-et-quand-va-t-il-neiger-en-france-ce-mercredi-7-janvier-7900585674\" target=\"_blank\" rel=\"noopener\">la s\u00e9curit\u00e9 des op\u00e9rations de d\u00e9neigement des pistes<\/a>\u00a0et le d\u00e9givrage des avions. Lors de premi\u00e8res chutes de neige lundi apr\u00e8s-midi, la Direction g\u00e9n\u00e9rale de l&rsquo;Aviation civile (DGAC) avait demand\u00e9 aux compagnies de renoncer \u00e0 15% de leurs vols dans les deux grands a\u00e9roports desservant la capitale.<\/p>\n<p>    La r\u00e9daction vous recommande<\/p>\n<p class=\"s-newsletter__title\">\n                L\u2019actualit\u00e9 par la r\u00e9daction de RTL dans votre bo\u00eete mail.\n            <\/p>\n<p class=\"s-newsletter__subtitle\">\n                Gr\u00e2ce \u00e0 votre compte RTL abonnez-vous \u00e0 la newsletter RTL info pour suivre toute l&rsquo;actualit\u00e9 au quotidien\n            <\/p>\n<p>\n                                    Lire la suite\n                                <\/p>\n","protected":false},"excerpt":{"rendered":"La neige et le verglas sont de retour, ce mercredi 7 janvier, sur une large bande nord-ouest de&hellip;\n","protected":false},"author":2,"featured_media":643274,"comment_status":"","ping_status":"","sticky":false,"template":"","format":"standard","meta":{"footnotes":""},"categories":[1592],"tags":[1111,11,6955,7048,1777,674,107,1011,27,662,2487,4047,10584,12,626,25,800],"class_list":{"0":"post-645823","1":"post","2":"type-post","3":"status-publish","4":"format-standard","5":"has-post-thumbnail","7":"category-ile-de-france","8":"tag-actu","9":"tag-actualites","10":"tag-autoroute","11":"tag-bus","12":"tag-eu","13":"tag-europe","14":"tag-fil-info","15":"tag-fr","16":"tag-france","17":"tag-ile-de-france","18":"tag-meteo","19":"tag-metro","20":"tag-neige","21":"tag-news","22":"tag-paris","23":"tag-republique-francaise","24":"tag-transports"},"share_on_mastodon":{"url":"https:\/\/pubeurope.com\/@fr\/115850709810171172","error":""},"_links":{"self":[{"href":"https:\/\/www.europesays.com\/fr\/wp-json\/wp\/v2\/posts\/645823","targetHints":{"allow":["GET"]}}],"collection":[{"href":"https:\/\/www.europesays.com\/fr\/wp-json\/wp\/v2\/posts"}],"about":[{"href":"https:\/\/www.europesays.com\/fr\/wp-json\/wp\/v2\/types\/post"}],"author":[{"embeddable":true,"href":"https:\/\/www.europesays.com\/fr\/wp-json\/wp\/v2\/users\/2"}],"replies":[{"embeddable":true,"href":"https:\/\/www.europesays.com\/fr\/wp-json\/wp\/v2\/comments?post=645823"}],"version-history":[{"count":0,"href":"https:\/\/www.europesays.com\/fr\/wp-json\/wp\/v2\/posts\/645823\/revisions"}],"wp:featuredmedia":[{"embeddable":true,"href":"https:\/\/www.europesays.com\/fr\/wp-json\/wp\/v2\/media\/643274"}],"wp:attachment":[{"href":"https:\/\/www.europesays.com\/fr\/wp-json\/wp\/v2\/media?parent=645823"}],"wp:term":[{"taxonomy":"category","embeddable":true,"href":"https:\/\/www.europesays.com\/fr\/wp-json\/wp\/v2\/categories?post=645823"},{"taxonomy":"post_tag","embeddable":true,"href":"https:\/\/www.europesays.com\/fr\/wp-json\/wp\/v2\/tags?post=645823"}],"curies":[{"name":"wp","href":"https:\/\/api.w.org\/{rel}","templated":true}]}}