{"id":645824,"date":"2026-01-06T23:18:13","date_gmt":"2026-01-06T23:18:13","guid":{"rendered":"https:\/\/www.europesays.com\/fr\/645824\/"},"modified":"2026-01-06T23:18:13","modified_gmt":"2026-01-06T23:18:13","slug":"a-paris-des-nuits-en-mode-survie-pour-les-jeunes-migrants-transis-de-froid-actualites","status":"publish","type":"post","link":"https:\/\/www.europesays.com\/fr\/645824\/","title":{"rendered":"A Paris, des nuits en \u00ab\u00a0mode survie\u00a0\u00bb pour les jeunes migrants transis de froid : Actualit\u00e9s"},"content":{"rendered":"<p class=\"lead \">Frigorifi\u00e9, Boubacar, 16 ans dit-il, extirpe son corps engourdi de sa tente install\u00e9e comme plusieurs dizaines d&rsquo;autres dans le c\u0153ur historique de Paris enneig\u00e9. Le Guin\u00e9en vient de passer une fois de plus une nuit \u00ab\u00a0tr\u00e8s compliqu\u00e9e\u00a0\u00bb en \u00ab\u00a0mode survie\u00a0\u00bb. <\/p>\n<p class=\"lead \">Les quais pav\u00e9s couverts de neige en bordure de l&rsquo;\u00eele Saint-Louis offrent un paysage de carte postale que touristes et Parisiens emmitoufl\u00e9s s&#8217;empressent d&rsquo;immortaliser avec leur appareil photo. <\/p>\n<p class=\"lead \">En contrechamp, plusieurs dizaines de tentes pos\u00e9es sur le froid bitume devant un magasin de canap\u00e9s convertibles. Quelques 300 jeunes migrants africains, pour la plupart en recours pour faire reconna\u00eetre leur minorit\u00e9, viennent d&rsquo;y passer une rude nuit.<\/p>\n<p class=\"lead \">Pass\u00e9 l&rsquo;euphorie de d\u00e9couvrir la neige pour la premi\u00e8re fois de leur vie, l&rsquo;amertume a envahi le camp install\u00e9 depuis plusieurs mois.<\/p>\n<p class=\"lead \">Les multiples \u00e9paisseurs de couvertures et le fin sac de couchage n&rsquo;ont pas r\u00e9ussi \u00e0 r\u00e9chauffer Boubacar, qui en milieu de matin\u00e9e s&rsquo;asperge le visage d&rsquo;une bouteille d&rsquo;eau froide pour se donner un peu d&rsquo;entrain.<\/p>\n<p class=\"lead \">\u00ab\u00a0Je ne suis pas arriv\u00e9 \u00e0 dormir avant 4 heures du matin. Ma tente est d\u00e9chir\u00e9e j&rsquo;avais l&rsquo;impression qu&rsquo;il neigeait sur moi\u00a0\u00bb, raconte le jeune homme qui pr\u00e9sente des sympt\u00f4mes grippaux et a mal aux dents.<\/p>\n<p class=\"lead \">&#8211; \u00ab\u00a0Tenir\u00a0\u00bb &#8211;<\/p>\n<p class=\"lead \">Les couvertures et les plats chauds d\u00e9pos\u00e9s par des passants anonymes devant sa tente igloo, lui apporte un peu de r\u00e9confort. Mais le Guin\u00e9en, arriv\u00e9 seul en France il y a neuf mois, s&rsquo;impatiente. <\/p>\n<p class=\"lead \">\u00ab\u00a0Combien de temps \u00e7a va encore durer?\u00a0\u00bb, s&rsquo;interroge Boubacar, qui r\u00e9p\u00e8te comme un mantra \u00ab\u00a0qu&rsquo;il faut tenir pour ne pas mourir\u00a0\u00bb.<\/p>\n<p class=\"lead \">Dans un vide administratif, le jeune homme ne b\u00e9n\u00e9ficie d&rsquo;aucun revenu. Il n&rsquo;a pas \u00e9t\u00e9 reconnu mineur, ce qui lui aurait permis d&rsquo;\u00eatre pris en charge par l&rsquo;Aide sociale \u00e0 l&rsquo;enfance, et attend la d\u00e9cision en appel qui peut prendre jusqu&rsquo;\u00e0 un an. <\/p>\n<p class=\"lead \">C&rsquo;est le cas \u00e9galement de son compatriote Abbou.<\/p>\n<p class=\"lead \">Traits tir\u00e9s, le gar\u00e7on essaye de bouger ses doigts douloureux et montre une bo\u00eete d&rsquo;antalgiques qui l&rsquo;aide \u00e0 passer la nuit. Arriv\u00e9 en France il y a trois semaines, Abbou est l&rsquo;un des derniers encore sur le camp, ses compagnons d&rsquo;infortune ont pour la plupart rejoint les accueils de jour, laissant sur place un fatras de couvertures, prot\u00e9g\u00e9s par des b\u00e2ches, qu&rsquo;ils retrouveront le soir.<\/p>\n<p class=\"lead \">&#8211; Un peu de r\u00e9pit &#8211;<\/p>\n<p class=\"lead \">\u00ab\u00a0C&rsquo;est dur toute l&rsquo;ann\u00e9e, mais avec le froid leurs corps sont encore plus ab\u00eem\u00e9s, ils sont sous tension et en permanence en mode survie\u00a0\u00bb, observe Helena Tellio, coordinatrice pour l&rsquo;Arm\u00e9e du Salut de l&rsquo;un de ces centres d&rsquo;accueil de la Ville de Paris. <\/p>\n<p class=\"lead \">Cr\u00e8me pour lutter contre les d\u00e9mangeaisons provoqu\u00e9es par le froid, th\u00e9 et caf\u00e9 fumants, douches, prises \u00e9lectriques pour recharger les batteries des t\u00e9l\u00e9phones: dans ce lieu chauff\u00e9, les jeunes migrants b\u00e9n\u00e9ficient d&rsquo;un peu de r\u00e9pit. Ils peuvent aussi y rencontrer des m\u00e9decins et des psychologues. Il sont nombreux \u00e0 souffrir de sympt\u00f4mes de d\u00e9pression, selon les employ\u00e9s de l&rsquo;association.<\/p>\n<p class=\"lead \">Des activit\u00e9s leur sont propos\u00e9es, mais rares sont ceux qui se distraient avec les jeux de soci\u00e9t\u00e9 propos\u00e9s. Affal\u00e9s dans des divans, couverture sur le dos pour se r\u00e9chauffer et bonnet encore viss\u00e9 sur la t\u00eate, beaucoup r\u00e9cup\u00e8rent de leur nuit agit\u00e9e en attendant de braver \u00e0 nouveau le froid. <\/p>\n<p class=\"lead \">Mustapha, Ivoirien qui affirme avoir 15 ans, redoute cette \u00e9ni\u00e8me nuit dehors. \u00ab\u00a0La neige quand ont est dans une maison au chaud c&rsquo;est beau \u00e0 regarder, mais dans ces conditions, c&rsquo;est un stress\u00a0\u00bb, confie le gar\u00e7on.<\/p>\n<p class=\"lead \">Contact\u00e9e par l&rsquo;AFP, la ville de Paris indique qu&rsquo;elle \u00ab\u00a0continue \u00e0 demander la mise \u00e0 l&rsquo;abri de l&rsquo;ensemble des personnes vivant sur les campements dans les diff\u00e9rents sites ouverts par l&rsquo;Etat, avec le concours de la Ville\u00a0\u00bb, \u00ab\u00a0compte tenu de la persistance des temp\u00e9ratures tr\u00e8s basses\u00a0\u00bb  pr\u00e9vues mercredi.<\/p>\n<p class=\"small font-weight-bold text-gray3 \"> publi\u00e9 le 6 janvier \u00e0 20h23, AFP<\/p>\n<p>                             Partager<\/p>\n","protected":false},"excerpt":{"rendered":"Frigorifi\u00e9, Boubacar, 16 ans dit-il, extirpe son corps engourdi de sa tente install\u00e9e comme plusieurs dizaines d&rsquo;autres dans&hellip;\n","protected":false},"author":2,"featured_media":645825,"comment_status":"","ping_status":"","sticky":false,"template":"","format":"standard","meta":{"footnotes":""},"categories":[1888],"tags":[1111,1928,11,1927,1719,1777,674,1011,27,1061,24017,12,1926,626,1925,19280,25],"class_list":{"0":"post-645824","1":"post","2":"type-post","3":"status-publish","4":"format-standard","5":"has-post-thumbnail","7":"category-paris","8":"tag-actu","9":"tag-actu-paris","10":"tag-actualites","11":"tag-actualites-paris","12":"tag-enfants","13":"tag-eu","14":"tag-europe","15":"tag-fr","16":"tag-france","17":"tag-immigration","18":"tag-mto","19":"tag-news","20":"tag-news-paris","21":"tag-paris","22":"tag-paris-news","23":"tag-pauvret","24":"tag-republique-francaise"},"share_on_mastodon":{"url":"https:\/\/pubeurope.com\/@fr\/115850713783773466","error":""},"_links":{"self":[{"href":"https:\/\/www.europesays.com\/fr\/wp-json\/wp\/v2\/posts\/645824","targetHints":{"allow":["GET"]}}],"collection":[{"href":"https:\/\/www.europesays.com\/fr\/wp-json\/wp\/v2\/posts"}],"about":[{"href":"https:\/\/www.europesays.com\/fr\/wp-json\/wp\/v2\/types\/post"}],"author":[{"embeddable":true,"href":"https:\/\/www.europesays.com\/fr\/wp-json\/wp\/v2\/users\/2"}],"replies":[{"embeddable":true,"href":"https:\/\/www.europesays.com\/fr\/wp-json\/wp\/v2\/comments?post=645824"}],"version-history":[{"count":0,"href":"https:\/\/www.europesays.com\/fr\/wp-json\/wp\/v2\/posts\/645824\/revisions"}],"wp:featuredmedia":[{"embeddable":true,"href":"https:\/\/www.europesays.com\/fr\/wp-json\/wp\/v2\/media\/645825"}],"wp:attachment":[{"href":"https:\/\/www.europesays.com\/fr\/wp-json\/wp\/v2\/media?parent=645824"}],"wp:term":[{"taxonomy":"category","embeddable":true,"href":"https:\/\/www.europesays.com\/fr\/wp-json\/wp\/v2\/categories?post=645824"},{"taxonomy":"post_tag","embeddable":true,"href":"https:\/\/www.europesays.com\/fr\/wp-json\/wp\/v2\/tags?post=645824"}],"curies":[{"name":"wp","href":"https:\/\/api.w.org\/{rel}","templated":true}]}}