{"id":645832,"date":"2026-01-06T23:22:27","date_gmt":"2026-01-06T23:22:27","guid":{"rendered":"https:\/\/www.europesays.com\/fr\/645832\/"},"modified":"2026-01-06T23:22:27","modified_gmt":"2026-01-06T23:22:27","slug":"drones-geran-igla-nouvelle-menace-aerienne","status":"publish","type":"post","link":"https:\/\/www.europesays.com\/fr\/645832\/","title":{"rendered":"drones Geran-Igla, nouvelle menace a\u00e9rienne"},"content":{"rendered":"<p>Selon Military Watch Magazine, la Russie modernise ses drones Geran avec des missiles Igla: menace accrue pour l\u2019aviation ukrainienne et cibles mobiles.<\/p>\n<p>D\u2019apr\u00e8s le magazine am\u00e9ricain Military Watch Magazine (MWM), les forces arm\u00e9es russes auraient renforc\u00e9 leur avantage sur l\u2019arm\u00e9e ukrainienne apr\u00e8s la modernisation de la famille de drones Geran.<\/p>\n<p>Le magazine indique que la Russie a adapt\u00e9 les Geran-2 pour emporter des armements air-air. Plus pr\u00e9cis\u00e9ment, ces drones seraient d\u00e9sormais \u00e9quip\u00e9s de syst\u00e8mes portatifs de d\u00e9fense a\u00e9rienne Igla, ce qui repr\u00e9senterait une menace suppl\u00e9mentaire pour l\u2019aviation ukrainienne. MWM pr\u00e9cise que des officiers ukrainiens auraient d\u00e9j\u00e0 pr\u00e9venu leurs \u00e9quipages des risques li\u00e9s \u00e0 ces drones modernis\u00e9s.<\/p>\n<p>Des sources cit\u00e9es par la publication en Ukraine affirment que les Geran ont montr\u00e9 des capacit\u00e9s in\u00e9dites sur le champ de bataille. Ils seraient d\u00e9sormais en mesure de frapper des cibles man\u0153uvrantes et mobiles \u00e0 proximit\u00e9 de la ligne de contact, et non plus seulement des objectifs fixes. Toujours selon ces sources, les drones auraient aussi commenc\u00e9 \u00e0 assurer des missions d\u2019appui a\u00e9rien rapproch\u00e9 en coordination directe avec les forces terrestres russes.<\/p>\n<p>MWM souligne en outre l\u2019impact tactique de l\u2019utilisation de canaux de transmission de donn\u00e9es simples, en visibilit\u00e9 directe. Selon les auteurs, cette approche accro\u00eet nettement l\u2019efficacit\u00e9 des frappes des Geran contre des infrastructures \u00e0 l\u2019arri\u00e8re, des positions d\u2019artillerie et des moyens de d\u00e9fense a\u00e9rienne. L\u2019augmentation de la production de drones renforcerait encore cet avantage, en permettant aux forces russes d\u2019en d\u00e9ployer en nombre suffisant, y compris pour viser des cibles secondaires sur l\u2019ensemble du champ de bataille.<\/p>\n","protected":false},"excerpt":{"rendered":"Selon Military Watch Magazine, la Russie modernise ses drones Geran avec des missiles Igla: menace accrue pour l\u2019aviation&hellip;\n","protected":false},"author":2,"featured_media":645833,"comment_status":"","ping_status":"","sticky":false,"template":"","format":"standard","meta":{"footnotes":""},"categories":[1591],"tags":[11,75172,75173,75170,75167,1887,131,75168,75171,75169,12,75174,1885,1886,132,220],"class_list":{"0":"post-645832","1":"post","2":"type-post","3":"status-publish","4":"format-standard","5":"has-post-thumbnail","7":"category-russie","8":"tag-actualites","9":"tag-aviation-ukrainienne","10":"tag-cibles-mobiles","11":"tag-defense-aerienne-portable","12":"tag-drones-geran","13":"tag-federation-de-russie","14":"tag-guerre-en-ukraine","15":"tag-igla","16":"tag-military-watch-magazine","17":"tag-missiles-air-air","18":"tag-news","19":"tag-production-de-drones","20":"tag-russia","21":"tag-russian-federation","22":"tag-russie","23":"tag-ukraine"},"share_on_mastodon":{"url":"https:\/\/pubeurope.com\/@fr\/115850729496457353","error":""},"_links":{"self":[{"href":"https:\/\/www.europesays.com\/fr\/wp-json\/wp\/v2\/posts\/645832","targetHints":{"allow":["GET"]}}],"collection":[{"href":"https:\/\/www.europesays.com\/fr\/wp-json\/wp\/v2\/posts"}],"about":[{"href":"https:\/\/www.europesays.com\/fr\/wp-json\/wp\/v2\/types\/post"}],"author":[{"embeddable":true,"href":"https:\/\/www.europesays.com\/fr\/wp-json\/wp\/v2\/users\/2"}],"replies":[{"embeddable":true,"href":"https:\/\/www.europesays.com\/fr\/wp-json\/wp\/v2\/comments?post=645832"}],"version-history":[{"count":0,"href":"https:\/\/www.europesays.com\/fr\/wp-json\/wp\/v2\/posts\/645832\/revisions"}],"wp:featuredmedia":[{"embeddable":true,"href":"https:\/\/www.europesays.com\/fr\/wp-json\/wp\/v2\/media\/645833"}],"wp:attachment":[{"href":"https:\/\/www.europesays.com\/fr\/wp-json\/wp\/v2\/media?parent=645832"}],"wp:term":[{"taxonomy":"category","embeddable":true,"href":"https:\/\/www.europesays.com\/fr\/wp-json\/wp\/v2\/categories?post=645832"},{"taxonomy":"post_tag","embeddable":true,"href":"https:\/\/www.europesays.com\/fr\/wp-json\/wp\/v2\/tags?post=645832"}],"curies":[{"name":"wp","href":"https:\/\/api.w.org\/{rel}","templated":true}]}}