{"id":645834,"date":"2026-01-06T23:23:14","date_gmt":"2026-01-06T23:23:14","guid":{"rendered":"https:\/\/www.europesays.com\/fr\/645834\/"},"modified":"2026-01-06T23:23:14","modified_gmt":"2026-01-06T23:23:14","slug":"les-europeens-serrent-les-rangs-derriere-lukraine-les-americains-en-soutien","status":"publish","type":"post","link":"https:\/\/www.europesays.com\/fr\/645834\/","title":{"rendered":"Les Europ\u00e9ens serrent les rangs derri\u00e8re l&rsquo;Ukraine, les Am\u00e9ricains en soutien"},"content":{"rendered":"<p>Europ\u00e9ens et Am\u00e9ricains ont convenu mardi \u00e0 Paris d&rsquo;un ensemble de garanties de s\u00e9curit\u00e9 pour l&rsquo;Ukraine, une fois un cessez-le-feu conclu, les Etats-Unis restant toutefois flous sur la nature de leur engagement.<\/p>\n<p>Dans une \u00ab\u00a0D\u00e9claration de Paris\u00a0\u00bb, les 35 pays membres de la \u00ab\u00a0Coalition des Volontaires\u00a0\u00bb, essentiellement europ\u00e9ens, se sont accord\u00e9s pour d\u00e9ployer une force multinationale en Ukraine et participer \u00e0 une surveillance du cessez-le-feu, sous \u00ab\u00a0leadership\u00a0\u00bb am\u00e9ricain, une fois un accord de paix trouv\u00e9 avec la Russie, une perspective encore tr\u00e8s hypoth\u00e9tique.<\/p>\n<p>Cette d\u00e9claration \u00ab\u00a0reconna\u00eet pour la premi\u00e8re fois\u00a0\u00bb une \u00ab\u00a0convergence op\u00e9rationnelle\u00a0\u00bb entre la Coalition, l&rsquo;Ukraine et les Etats-Unis, avec des garanties de s\u00e9curit\u00e9 \u00ab\u00a0robustes\u00a0\u00bb, a salu\u00e9 le pr\u00e9sident fran\u00e7ais Emmanuel Macron \u00e0 l&rsquo;issue d&rsquo;une r\u00e9union \u00e0 l&rsquo;Elys\u00e9e.\u00a0<\/p>\n<p>Ces garanties de s\u00e9curit\u00e9 sont \u00ab\u00a0la clef pour que jamais un accord de paix ne puisse signifier une reddition ukrainienne et que jamais un accord de paix ne puisse signifier une menace nouvelle pour l&rsquo;Ukraine\u00a0\u00bb, a-t-il martel\u00e9.<\/p>\n<p>Emmanuel Macron a annonc\u00e9 dans la foul\u00e9e sur la cha\u00eene France 2 que \u00ab\u00a0plusieurs milliers\u00a0\u00bb de soldats fran\u00e7ais pourraient \u00eatre d\u00e9ploy\u00e9s pour maintenir la paix en Ukraine, apr\u00e8s la signature d&rsquo;un cessez-le-feu avec la Russie.<\/p>\n<p>S&rsquo;ils ont affich\u00e9 leur volont\u00e9 d&rsquo;\u00eatre en \u00ab\u00a0soutien\u00a0\u00bb, les Etats-Unis ne sont toutefois pas signataires de la d\u00e9claration et les contours pr\u00e9cis de leur engagement militaire restent encore flous.<\/p>\n<p>Donald Trump \u00ab\u00a0soutient fortement ces protocoles de s\u00e9curit\u00e9\u00a0\u00bb, qui visent \u00e0 \u00ab\u00a0dissuader toute attaque\u00a0\u00bb future en Ukraine, a relev\u00e9 l&rsquo;envoy\u00e9 sp\u00e9cial Steve Witkoff.<\/p>\n<p>Pas seulement des paroles<\/p>\n<p>\u00ab\u00a0Si l&rsquo;Ukraine conclut un accord final (de paix), elle doit savoir qu&rsquo;ensuite elle aura, de toute \u00e9vidence, une dissuasion solide et de r\u00e9els +filets de s\u00e9curit\u00e9+ pour \u00eatre s\u00fbre que tout cela ne se reproduise pas\u00a0\u00bb, a rench\u00e9ri le gendre du pr\u00e9sident am\u00e9ricain, Jared Kushner.<\/p>\n<p>La force multinationale, \u00e0 l&rsquo;\u00e9tude depuis des mois, sera form\u00e9e par les pays volontaires de la Coalition, men\u00e9e par les Europ\u00e9ens et \u00ab\u00a0soutenue\u00a0\u00bb par les Etats-Unis, selon la d\u00e9claration finale publi\u00e9e par la pr\u00e9sidence fran\u00e7aise.<\/p>\n<p>La contribution am\u00e9ricaine en mati\u00e8re \u00ab\u00a0de renseignement et de logistique\u00a0\u00bb et surtout l&rsquo;engagement des Etats-Unis \u00e0 apporter un \u00ab\u00a0soutien\u00a0\u00bb \u00e0 la force en \u00ab\u00a0cas d&rsquo;attaque\u00a0\u00bb, qui figuraient dans le projet de d\u00e9claration consult\u00e9 par l&rsquo;AFP, ne sont toutefois pas mentionn\u00e9s dans le texte final.<\/p>\n<p>\u00ab\u00a0Il est important que la coalition dispose aujourd&rsquo;hui de documents substantiels, et pas seulement de paroles\u00a0\u00bb, a salu\u00e9 le pr\u00e9sident ukrainien Volodymyr Zelensky, m\u00eame si plusieurs questions \u00ab\u00a0restent ouvertes\u00a0\u00bb selon lui, comme celle, ultrasensible, des concessions territoriales exig\u00e9es par Moscou.<\/p>\n<p>La balle est d\u00e9sormais dans le camp de la Russie, ont martel\u00e9 les Europ\u00e9ens. Tout cela \u00ab\u00a0requiert de toute \u00e9vidence de la bonne volont\u00e9 du c\u00f4t\u00e9 de l&rsquo;agresseur russe \u00e9galement\u00a0\u00bb, avait soulign\u00e9, un peu plus t\u00f4t dans la journ\u00e9e, le Premier ministre polonais Donald Tusk, alors que le Kremlin s&rsquo;est syst\u00e9matiquement oppos\u00e9 \u00e0 tout d\u00e9ploiement militaire occidental en Ukraine.<\/p>\n<p>Moscou continue aussi de marteler ces exigences territoriales sur la totalit\u00e9 de la r\u00e9gion mini\u00e8re et industrielle du Donbass, dans l&rsquo;est de l&rsquo;Ukraine, y compris les territoires encore contr\u00f4l\u00e9s par l&rsquo;arm\u00e9e de Kiev.<\/p>\n<p>\u00ab\u00a0Esp\u00e9rons que nous serons en mesure d&rsquo;arriver \u00e0 certains compromis\u00a0\u00bb, a relev\u00e9 Steve Witkoff qui s&rsquo;est f\u00e9licit\u00e9 de \u00ab\u00a0progr\u00e8s significatifs\u00a0\u00bb.\u00a0<\/p>\n<p>Le pr\u00e9sident ukrainien a rappel\u00e9 que certaines \u00ab\u00a0id\u00e9es\u00a0\u00bb &#8211; dont une d\u00e9militarisation de territoires contest\u00e9s &#8211; \u00e9taient sur la table et a sugg\u00e9r\u00e9 d&rsquo;en discuter d\u00e9sormais \u00ab\u00a0au niveau des dirigeants\u00a0\u00bb.<\/p>\n<p>L&rsquo;ombre du Groenland et du Venezuela<\/p>\n<p>Les contours op\u00e9rationnels de la force multinationale restent par ailleurs encore impr\u00e9cis, d&rsquo;autant que certains pays ont maintenu une certaine prudence sur leur contribution.\u00a0<\/p>\n<p>Comme l&rsquo;Italie, qui a r\u00e9it\u00e9r\u00e9 mardi son refus d&rsquo;envoyer des soldats en Ukraine, ou encore l&rsquo;Allemagne, dont les troupes allemandes pourraient participer \u00e0 la force multinationale, mais seulement dans un pays membre de l&rsquo;Otan, voisin de l&rsquo;Ukraine, selon le chancelier Friedrich Merz.<\/p>\n<p>L&rsquo;op\u00e9ration am\u00e9ricaine au Venezuela et les d\u00e9clarations de Donald Trump appelant \u00e0 une main mise am\u00e9ricaine sur le Groenland, territoire autonome du Danemark, ont aussi \u00e9t\u00e9 au menu de la journ\u00e9e, m\u00eame si les dirigeants europ\u00e9ens ont \u00e9vit\u00e9 de r\u00e9pondre aux questions des journalistes sur le sujet en pr\u00e9sence des \u00e9missaires am\u00e9ricains.<\/p>\n<p>Nouvelle manifestation du jeu d&rsquo;\u00e9quilibriste diplomatique auquel ils s&rsquo;astreignent, plusieurs pays du Vieux Continent dont la France, l&rsquo;Allemagne, le Royaume-Uni et l&rsquo;Italie ont publi\u00e9 mardi une d\u00e9claration commune de soutien au Groenland et au Danemark face aux revendications du pr\u00e9sident am\u00e9ricain.\u00a0<\/p>\n<p>\u00ab\u00a0Il n&rsquo;y a pas pour moi de sc\u00e9nario o\u00f9 les Etats-Unis d&rsquo;Am\u00e9rique seraient mis dans une situation de violer la souverainet\u00e9 danoise\u00a0\u00bb au Groenland, a assur\u00e9 Emmanuel Macron sur France 2.<\/p>\n<p>Plus tard dans la soir\u00e9e, la porte-parole de la Maison Blanche a indiqu\u00e9 \u00e0 l&rsquo;AFP que Donald Trump \u00e9tudiait \u00ab\u00a0plusieurs options\u00a0\u00bb pour acqu\u00e9rir le Groenland, y compris \u00ab\u00a0utiliser l&rsquo;arm\u00e9e\u00a0\u00bb.<\/p>\n<p>Concernant l&rsquo;Ukraine, les Etats-Unis ne sont pas membres de la Coalition des volontaires, mais leur soutien \u00e0 Kiev reste crucial, y compris pour convaincre les autres alli\u00e9s de s&rsquo;engager.\u00a0<\/p>\n<p>Car la perspective d&rsquo;un cessez-le-feu reste hypoth\u00e9tique: une rencontre entre Volodymyr Zelensky et Donald Trump fin d\u00e9cembre et des appels entre le pr\u00e9sident am\u00e9ricain et son homologue russe Vladimir Poutine n&rsquo;ont pas permis d&rsquo;avancer sur les concessions territoriales exig\u00e9es par Moscou.<\/p>\n","protected":false},"excerpt":{"rendered":"Europ\u00e9ens et Am\u00e9ricains ont convenu mardi \u00e0 Paris d&rsquo;un ensemble de garanties de s\u00e9curit\u00e9 pour l&rsquo;Ukraine, une fois&hellip;\n","protected":false},"author":2,"featured_media":645835,"comment_status":"","ping_status":"","sticky":false,"template":"","format":"standard","meta":{"footnotes":""},"categories":[1590],"tags":[11,1777,674,12,220],"class_list":{"0":"post-645834","1":"post","2":"type-post","3":"status-publish","4":"format-standard","5":"has-post-thumbnail","7":"category-ukraine","8":"tag-actualites","9":"tag-eu","10":"tag-europe","11":"tag-news","12":"tag-ukraine"},"share_on_mastodon":{"url":"https:\/\/pubeurope.com\/@fr\/115850733683323221","error":""},"_links":{"self":[{"href":"https:\/\/www.europesays.com\/fr\/wp-json\/wp\/v2\/posts\/645834","targetHints":{"allow":["GET"]}}],"collection":[{"href":"https:\/\/www.europesays.com\/fr\/wp-json\/wp\/v2\/posts"}],"about":[{"href":"https:\/\/www.europesays.com\/fr\/wp-json\/wp\/v2\/types\/post"}],"author":[{"embeddable":true,"href":"https:\/\/www.europesays.com\/fr\/wp-json\/wp\/v2\/users\/2"}],"replies":[{"embeddable":true,"href":"https:\/\/www.europesays.com\/fr\/wp-json\/wp\/v2\/comments?post=645834"}],"version-history":[{"count":0,"href":"https:\/\/www.europesays.com\/fr\/wp-json\/wp\/v2\/posts\/645834\/revisions"}],"wp:featuredmedia":[{"embeddable":true,"href":"https:\/\/www.europesays.com\/fr\/wp-json\/wp\/v2\/media\/645835"}],"wp:attachment":[{"href":"https:\/\/www.europesays.com\/fr\/wp-json\/wp\/v2\/media?parent=645834"}],"wp:term":[{"taxonomy":"category","embeddable":true,"href":"https:\/\/www.europesays.com\/fr\/wp-json\/wp\/v2\/categories?post=645834"},{"taxonomy":"post_tag","embeddable":true,"href":"https:\/\/www.europesays.com\/fr\/wp-json\/wp\/v2\/tags?post=645834"}],"curies":[{"name":"wp","href":"https:\/\/api.w.org\/{rel}","templated":true}]}}