{"id":645843,"date":"2026-01-06T23:28:17","date_gmt":"2026-01-06T23:28:17","guid":{"rendered":"https:\/\/www.europesays.com\/fr\/645843\/"},"modified":"2026-01-06T23:28:17","modified_gmt":"2026-01-06T23:28:17","slug":"son-epouse-audrey-crespo-mara-lui-rend-un-touchant-hommage","status":"publish","type":"post","link":"https:\/\/www.europesays.com\/fr\/645843\/","title":{"rendered":"son e\u0301pouse Audrey Crespo-Mara lui rend un touchant hommage"},"content":{"rendered":"<p>Publi\u00e9 le 06 janv. 2026 \u00e0 19:23<\/p>\n<p><strong>Thierry Ardisson aurait eu 77 ans ce mardi 6 janvier. Le 14 juillet dernier, la France a appris la disparition du c\u00e9l\u00e8bre pr\u00e9sentateur. Comme elle l\u2019avait fait apr\u00e8s la mort de son \u00e9poux, Audrey Crespo-Mara lui a rendu un bel hommage.\u00a0<\/strong><\/p>\n<p>Ce mardi 6 janvier au matin, Audrey Crespo-Mara s\u2019est empar\u00e9e de son compte Instagram pour c\u00e9l\u00e9brer l\u2019anniversaire de son d\u00e9funt mari, <a target=\"_blank\" href=\"https:\/\/www.elle.fr\/Personnalites\/Thierry-Ardisson#xtor=AL-149\" rel=\"noopener\">Thierry Ardisson<\/a>. C\u2019est par le biais d\u2019une photo souvenir que la m\u00e8re de S\u00e9kou et Lamine a rendu hommage \u00e0 l\u2019homme en noir. Sur l\u2019image, le couple prend la pose devant un g\u00e2teau d\u2019anniversaire. Le visage \u00e9clair\u00e9 par une bougie, il appara\u00eet souriant et complice. Pas de texte, juste une image et une chanson de Jimmy Fontana.<\/p>\n<p style=\"text-align: !important;\"> <img decoding=\"async\" src=\"https:\/\/www.europesays.com\/fr\/wp-content\/uploads\/2026\/01\/Capture-d-e-cran-2026-01-06-a-16.00.24.png\" data-width=\"734\" data-height=\"1318\" style=\"border: 0px ;\" alt=\"Capture d\u2019e\u0301cran 2026-01-06 a\u0300 16.00.24\" title=\"Capture d\u2019e\u0301cran 2026-01-06 a\u0300 16.00.24\"\/> <\/p>\n<p>\u00a9 Instagram d&rsquo;Audrey Crespo-Mara\u00a0<\/p>\n<p>Thierry Ardisson s\u2019est \u00e9teint \u00e0 l\u2019\u00e2ge de 76 ans, apr\u00e8s un combat de plusieurs ann\u00e9es <a target=\"_blank\" href=\"https:\/\/www.elle.fr\/People\/La-vie-des-people\/News\/Audrey-Crespo-Mara-revient-sur-la-maladie-de-Thierry-Ardisson-Son-etat-s-est-degrade-tres-vite-4388858#xtor=AL-149\" rel=\"noopener\">contre un cancer du foie<\/a>. Lors des obs\u00e8ques, le 17 juillet, Audrey Crespo-Mara avait prononc\u00e9 un touchant discours. \u00ab Quant au choix, mon amour, de partir le 14 juillet, toi, le monarchiste, chapeau bas \u00bb, a-t-elle commenc\u00e9 avec humour. Et d\u2019ajouter : \u00ab Tu es n\u00e9 un 6 janvier, le jour de la f\u00eate des Rois, et tu as dit \u201cfuck\u201d le jour de la R\u00e9volution. Avec les enfants, \u00e7a nous a bien fait marrer. \u00bb<\/p>\n<p>\u00c0 lire aussi =&gt; <a target=\"_blank\" href=\"https:\/\/www.elle.fr\/Personnalites\/Thierry-Ardisson#xtor=AL-149\" rel=\"noopener\">\u00ab C\u2019est dur de vivre sans lui \u00bb : Audrey Crespo-Mara revient sur la perte de Thierry Ardisson<\/a><\/p>\n<p> Laurent Baffie revient sur le d\u00e9c\u00e8s de son ami Thierry Ardisson<\/p>\n<p>Thierry Ardisson et <a target=\"_blank\" href=\"https:\/\/www.elle.fr\/People\/La-vie-des-people\/News\/Obseques-de-Thierry-Ardisson-la-drole-d-anecdote-de-Laurent-Baffie-sur-la-ceremonie-4368089#xtor=AL-149\" rel=\"noopener\">Laurent Baffie<\/a>&#8230;<\/p>\n","protected":false},"excerpt":{"rendered":"Publi\u00e9 le 06 janv. 2026 \u00e0 19:23 Thierry Ardisson aurait eu 77 ans ce mardi 6 janvier. Le&hellip;\n","protected":false},"author":2,"featured_media":645844,"comment_status":"","ping_status":"","sticky":false,"template":"","format":"standard","meta":{"footnotes":""},"categories":[1586],"tags":[11,1777,674,1779,1011,27,12,25,1778,364],"class_list":{"0":"post-645843","1":"post","2":"type-post","3":"status-publish","4":"format-standard","5":"has-post-thumbnail","7":"category-europe","8":"tag-actualites","9":"tag-eu","10":"tag-europe","11":"tag-european-union","12":"tag-fr","13":"tag-france","14":"tag-news","15":"tag-republique-francaise","16":"tag-ue","17":"tag-union-europeenne"},"share_on_mastodon":{"url":"https:\/\/pubeurope.com\/@fr\/115850753122619290","error":""},"_links":{"self":[{"href":"https:\/\/www.europesays.com\/fr\/wp-json\/wp\/v2\/posts\/645843","targetHints":{"allow":["GET"]}}],"collection":[{"href":"https:\/\/www.europesays.com\/fr\/wp-json\/wp\/v2\/posts"}],"about":[{"href":"https:\/\/www.europesays.com\/fr\/wp-json\/wp\/v2\/types\/post"}],"author":[{"embeddable":true,"href":"https:\/\/www.europesays.com\/fr\/wp-json\/wp\/v2\/users\/2"}],"replies":[{"embeddable":true,"href":"https:\/\/www.europesays.com\/fr\/wp-json\/wp\/v2\/comments?post=645843"}],"version-history":[{"count":0,"href":"https:\/\/www.europesays.com\/fr\/wp-json\/wp\/v2\/posts\/645843\/revisions"}],"wp:featuredmedia":[{"embeddable":true,"href":"https:\/\/www.europesays.com\/fr\/wp-json\/wp\/v2\/media\/645844"}],"wp:attachment":[{"href":"https:\/\/www.europesays.com\/fr\/wp-json\/wp\/v2\/media?parent=645843"}],"wp:term":[{"taxonomy":"category","embeddable":true,"href":"https:\/\/www.europesays.com\/fr\/wp-json\/wp\/v2\/categories?post=645843"},{"taxonomy":"post_tag","embeddable":true,"href":"https:\/\/www.europesays.com\/fr\/wp-json\/wp\/v2\/tags?post=645843"}],"curies":[{"name":"wp","href":"https:\/\/api.w.org\/{rel}","templated":true}]}}