{"id":645856,"date":"2026-01-06T23:39:11","date_gmt":"2026-01-06T23:39:11","guid":{"rendered":"https:\/\/www.europesays.com\/fr\/645856\/"},"modified":"2026-01-06T23:39:11","modified_gmt":"2026-01-06T23:39:11","slug":"je-narrivais-pas-a-trouver-ma-place-dans-le-collectif-vainqueur-sur-le-tour-de-bretagne-ilan-larmet-veut-retrouver-du-plaisir-sur-le-velo","status":"publish","type":"post","link":"https:\/\/www.europesays.com\/fr\/645856\/","title":{"rendered":"\u00ab\u00a0Je n\u2019arrivais pas \u00e0 trouver ma place dans le collectif\u00a0\u00bb\u00a0: vainqueur sur le Tour de Bretagne, Ilan Larmet veut retrouver du plaisir sur le v\u00e9lo"},"content":{"rendered":"<p>En fin de saison derni\u00e8re, vous quittiez Dinan Sport Cycling pour rejoindre le VC Rouen : comment avez-vous abord\u00e9 cette saison ?<\/p>\n<p>J\u2019avais des attentes un peu plus \u00e9lev\u00e9es qu\u2019\u00e0 Dinan, mais \u00e7a ne s\u2019est pas pass\u00e9 comme je l\u2019aurais voulu. Le d\u00e9but de saison n\u2019\u00e9tait pas top, j\u2019avais \u00e9t\u00e9 bless\u00e9 en janvier. Normalement, \u00e7a aurait d\u00fb revenir plus t\u00f4t, mais \u00e7a ne s\u2019est pas vraiment d\u00e9bloqu\u00e9. Je me sentais moins libre dans ma fa\u00e7on de courir. Il y a pas mal de petits d\u00e9tails qui ont fait que je ne me suis pas \u00e9panoui comme \u00e0 Dinan, et \u00e7a a jou\u00e9 sur mes r\u00e9sultats toute la saison, m\u00eame si j\u2019ai quand m\u00eame r\u00e9ussi \u00e0 gagner au Tour de Bretagne.<\/p>\n<p>Vous aviez cibl\u00e9 cette course ?<\/p>\n<p>Oui, le Tour de Bretagne, c\u2019est toujours coch\u00e9. J\u2019avais aussi cibl\u00e9 le championnat de France. Je m\u2019\u00e9tais fix\u00e9 moins de courses, mais des objectifs plus importants. \u00c7a a march\u00e9 pour le Tour de Bretagne, mais j\u2019aurais aim\u00e9 \u00eatre plus pr\u00e9sent sur les autres.<\/p>\n<p>Apr\u00e8s le Tour de Bretagne, on vous a peu vu sur les courses. Etait-ce d\u00fb \u00e0 un coup de moins bien ?<\/p>\n<p>M\u00eame pas. Apr\u00e8s le Tour de Bretagne, j\u2019\u00e9tais super en forme. Mais je n\u2019ai quasiment pas couru pendant un mois, peut-\u00eatre une seule course. Forc\u00e9ment, \u00e7a limite les occasions de s\u2019exprimer.<\/p>\n<p>C\u2019\u00e9tait un choix du club ?<\/p>\n<p>Oui. Il y avait un gros effectif. Et sur cette p\u00e9riode-l\u00e0, il n\u2019y avait pas tant de courses que \u00e7a. Par exemple, apr\u00e8s le Tour de Bretagne, il y avait l\u2019Essor Breton, mais pas tout l\u2019encha\u00eenement des courses comme les autres ann\u00e9es. C\u2019est pourtant une p\u00e9riode o\u00f9 je performe souvent bien. L\u00e0, je n\u2019avais pas de course.<\/p>\n<p>Avez-vous quand m\u00eame senti une progression par rapport aux saisons pr\u00e9c\u00e9dentes ?<\/p>\n<p>En termes de donn\u00e9es de puissance, oui, je me suis am\u00e9lior\u00e9. Mais dans la fa\u00e7on de courir, non. Je n\u2019arrivais pas \u00e0 courir comme je voulais, \u00e0 courir \u00e0 l\u2019instinct comme avant, comme quand j\u2019avais 20 ans. L\u2019\u00e9quipe \u00e9tait tr\u00e8s forte, et je n\u2019arrivais pas \u00e0 trouver ma place dans le collectif.<\/p>\n<p>Pendant deux \u00e9t\u00e9s (2023 et 2024), vous \u00e9tiez stagiaire chez Cofidis : comment cela s\u2019est fait ?<\/p>\n<p>Apr\u00e8s la saison 2023, o\u00f9 je n\u2019avais pas sign\u00e9, ce n\u2019\u00e9tait pas du tout pr\u00e9vu de revenir en 2024. \u00c7a s\u2019est fait au dernier moment, apr\u00e8s le championnat de France. Je pense qu\u2019ils me suivaient de loin, mais sans que je le sache. Il n\u2019y avait rien d\u2019anticip\u00e9.<\/p>\n<blockquote><p>Il faut que je prenne du plaisir et \u00e7a passe par la victoire.<\/p><\/blockquote>\n<p>Qu\u2019est-ce que vous retenez de ces exp\u00e9riences en WorldTour ?<\/p>\n<p>C\u2019est une super exp\u00e9rience. D\u00e9couvrir les plus belles courses, les classes 1, courir \u00e0 l\u2019\u00e9tranger\u2026 C\u2019est quelque chose que je n\u2019aurais pas pu faire autrement. Apr\u00e8s, arriver en ao\u00fbt comme stagiaire, ce n\u2019est pas simple. Ce n\u2019est pas la m\u00eame chose que de pr\u00e9parer une saison compl\u00e8te comme les pros, avec des stages d\u00e8s l\u2019hiver. Tout arrive d\u2019un coup, sur une p\u00e9riode tr\u00e8s courte.<\/p>\n<p>Le fait de ne pas d\u00e9crocher de contrat pro \u00e0 l\u2019issue de ces stages, \u00e7a a \u00e9t\u00e9 difficile \u00e0 encaisser ?<\/p>\n<p>La premi\u00e8re ann\u00e9e, un peu. La deuxi\u00e8me, moins. Ce n\u2019est jamais agr\u00e9able, mais j\u2019ai toujours r\u00e9ussi \u00e0 me remobiliser l\u2019hiver pour repartir gagner des courses. Je n\u2019ai jamais su pourquoi je n\u2019\u00e9tais pas conserv\u00e9, m\u00eame si je pense que leurs attentes \u00e9taient plus \u00e9lev\u00e9es, peut-\u00eatre en termes de niveau ou de r\u00e9sultats, mais je n\u2019ai pas eu d\u2019explications pr\u00e9cises.<\/p>\n<p>En fin de saison, vous avez fait le choix de changer d\u2019\u00e9quipe et de revenir en Bretagne : pourquoi ?<\/p>\n<p>Pour retrouver du plaisir, comme \u00e0 Dinan. Courir davantage en Bretagne, avec peut-\u00eatre plus de courses. Le calendrier sera un peu plus limit\u00e9, sans Coupe de France N1 ni vraiment de classe 2, mais mon objectif, c\u2019est de gagner de belles courses et de me faire plaisir.<\/p>\n<p>Vous aviez besoin d\u2019un cadre plus adapt\u00e9 \u00e0 votre profil ?<\/p>\n<p>Oui, un peu. M\u00eame si l\u2019\u00e9quipe ne sera pas faible pour autant. Il y a des coureurs solides, un collectif int\u00e9ressant, nous aurons de belles cartes \u00e0 jouer. Mais pour moi, il faut que je prenne du plaisir et \u00e7a passe par la victoire. Si je gagne, le plaisir revient.<\/p>\n<p>Avez-vous toujours le souhait de rejoindre les rangs professionnels ?<\/p>\n<p>Honn\u00eatement, avec la conjoncture actuelle, le principal reste de gagner des courses. L\u2019\u00e9chelon professionnel, vu la situation, ce n\u2019est pas la meilleure p\u00e9riode \u00e0 mon \u00e2ge pour passer pro. Il ne faut pas se faire de faux espoirs.<\/p>\n","protected":false},"excerpt":{"rendered":"En fin de saison derni\u00e8re, vous quittiez Dinan Sport Cycling pour rejoindre le VC Rouen : comment avez-vous&hellip;\n","protected":false},"author":2,"featured_media":645857,"comment_status":"","ping_status":"","sticky":false,"template":"","format":"standard","meta":{"footnotes":""},"categories":[1411],"tags":[1154,207,6159,1011,27,27408,60890,60],"class_list":{"0":"post-645856","1":"post","2":"type-post","3":"status-publish","4":"format-standard","5":"has-post-thumbnail","7":"category-cyclisme","8":"tag-cycling","9":"tag-cyclisme","10":"tag-cyclisme-amateurs","11":"tag-fr","12":"tag-france","13":"tag-grand-champ","14":"tag-mercato-velo","15":"tag-sports"},"share_on_mastodon":{"url":"https:\/\/pubeurope.com\/@fr\/115850796518308600","error":""},"_links":{"self":[{"href":"https:\/\/www.europesays.com\/fr\/wp-json\/wp\/v2\/posts\/645856","targetHints":{"allow":["GET"]}}],"collection":[{"href":"https:\/\/www.europesays.com\/fr\/wp-json\/wp\/v2\/posts"}],"about":[{"href":"https:\/\/www.europesays.com\/fr\/wp-json\/wp\/v2\/types\/post"}],"author":[{"embeddable":true,"href":"https:\/\/www.europesays.com\/fr\/wp-json\/wp\/v2\/users\/2"}],"replies":[{"embeddable":true,"href":"https:\/\/www.europesays.com\/fr\/wp-json\/wp\/v2\/comments?post=645856"}],"version-history":[{"count":0,"href":"https:\/\/www.europesays.com\/fr\/wp-json\/wp\/v2\/posts\/645856\/revisions"}],"wp:featuredmedia":[{"embeddable":true,"href":"https:\/\/www.europesays.com\/fr\/wp-json\/wp\/v2\/media\/645857"}],"wp:attachment":[{"href":"https:\/\/www.europesays.com\/fr\/wp-json\/wp\/v2\/media?parent=645856"}],"wp:term":[{"taxonomy":"category","embeddable":true,"href":"https:\/\/www.europesays.com\/fr\/wp-json\/wp\/v2\/categories?post=645856"},{"taxonomy":"post_tag","embeddable":true,"href":"https:\/\/www.europesays.com\/fr\/wp-json\/wp\/v2\/tags?post=645856"}],"curies":[{"name":"wp","href":"https:\/\/api.w.org\/{rel}","templated":true}]}}