{"id":645862,"date":"2026-01-06T23:42:20","date_gmt":"2026-01-06T23:42:20","guid":{"rendered":"https:\/\/www.europesays.com\/fr\/645862\/"},"modified":"2026-01-06T23:42:20","modified_gmt":"2026-01-06T23:42:20","slug":"limage-quand-un-paysage-de-lozere-completement-givre-se-transforme-en-decor-magique","status":"publish","type":"post","link":"https:\/\/www.europesays.com\/fr\/645862\/","title":{"rendered":"L&rsquo;IMAGE. Quand un paysage de Loz\u00e8re compl\u00e9tement givr\u00e9 se transforme en d\u00e9cor magique"},"content":{"rendered":"<p>                    Par<br \/>\n        <strong><br \/>\n            <a href=\"https:\/\/actu.fr\/auteur\/fabien-hisbacq-actu-fr\" title=\"Consulter tous les articles de Fabien Hisbacq\" target=\"_blank\" rel=\"noopener\">Fabien Hisbacq<\/a><br \/>\n                    <\/strong><\/p>\n<p>        Publi\u00e9 le<\/p>\n<p>            6 janv. 2026 \u00e0 12h02        <\/p>\n<p>Alors que <a href=\"https:\/\/actu.fr\/meteo\/meteo-grand-froid-sur-l-occitanie-quand-le-thermometre-va-t-il-remonter_63649465.html\" target=\"_blank\" rel=\"noopener\">le mercure est descendu tr\u00e8s en dessous de z\u00e9ro<\/a> et pour encore un moment, la <strong><a href=\"https:\/\/actu.fr\/occitanie\/lozere_48\" target=\"_blank\" rel=\"noopener\">Loz\u00e8re<\/a><\/strong> a mis ses habits d\u2019hiver, offrant des paysages magiques qu\u2019un photographe a su capter.<\/p>\n<p class=\" wall-content\">J\u00e9r\u00f4me Lauze s\u2019est aventur\u00e9 <strong>dans le secteur du Pont-de-Montvert<\/strong> samedi 3\u00a0janvier 2026 avec cet objectif. \u00ab\u2009Pour cette journ\u00e9e je suis parti t\u00f4t le matin d\u2019Ispagnac car <strong>j\u2019avais en t\u00eate ce fameux pont<\/strong> que je connaissais pour l\u2019avoir pris en photo plusieurs fois les ann\u00e9es pass\u00e9es et comme c\u2019\u00e9tait un temps de grand froid depuis quelques jours et qu\u2019il avait beaucoup plu, je m\u2019attendais \u00e0 avoir <strong>beaucoup de stalactites<\/strong> accroch\u00e9es\u2009\u00bb, raconte-t-il \u00e0 <a href=\"https:\/\/actu.fr\/occitanie\/\" target=\"_blank\" rel=\"noopener\">Actu Occitanie<\/a>, ajoutant\u2009: \u00ab\u2009Je n\u2019ai pas \u00e9t\u00e9 d\u00e9\u00e7u du tout\u2009!\u2009\u00bb.<\/p>\n<p>La premi\u00e8re fois qu\u2019il y a autant de stalactites depuis longtemps<\/p>\n<p class=\" wall-content\">\u00ab\u2009C\u2019est la premi\u00e8re ann\u00e9e que j\u2019en vois autant et aussi grandes\u2009\u00bb, compl\u00e8te le Loz\u00e9rien, \u00e2g\u00e9 de <strong>55\u00a0ans et r\u00e9sidant \u00e0 Ispagnac.<\/strong><\/p>\n<p>    <img   decoding=\"async\" loading=\"lazy\" src=\"https:\/\/www.europesays.com\/fr\/wp-content\/uploads\/2026\/01\/608955192-1433235695479988-1828403668796347080-n-960x640.jpg\" alt=\"Le froid offre un spectacle fascinant dans les rivi\u00e8res.\" width=\"960\" height=\"640\"\/><br \/>\n    Le froid offre un spectacle fascinant dans les rivi\u00e8res. (\u00a9J\u00e9r\u00f4me Lauze)<\/p>\n<p class=\" wall-content\">\u00ab\u2009Par contre il faut y \u00eatre assez t\u00f4t le matin pour ne pas \u00eatre d\u00e9rang\u00e9 par le soleil, qui reste peu mais qui g\u00eane pour la photo\u2009\u00bb, pr\u00e9cise ce photographe semi-professionnel. Il y est donc all\u00e9 avant 9\u00a0heures, ce qui \u00e9tait \u00ab\u2009plus facile pour avoir une couleur qui ressemble au grand froid\u2009\u00bb. \u00ab\u2009Et avec la technique<strong> pose longue<\/strong> on obtient un beau r\u00e9sultat\u2009\u00bb, assure-t-il. La preuve en images\u2026<\/p>\n<p>Vid\u00e9os : en ce moment sur ActuDans ma for\u00eat favorite<\/p>\n<p class=\" wall-content\">\u00ab\u2009Apr\u00e8s je suis all\u00e9 dans ma for\u00eat favorite au-dessus du Pont-de-Montvert o\u00f9 coule un ruisseau et je me suis amus\u00e9 \u00e0 prendre en photo quelques figures que la nature peut offrir pas grand froid\u2009\u00bb, ajoute J\u00e9r\u00f4me Lauze. <strong>Le r\u00e9sultat est exceptionnel.<\/strong><\/p>\n<p>Votre r\u00e9gion, votre actu !<\/p>\n<p>Recevez chaque jour les infos qui comptent pour vous.<\/p>\n<p>\t<a href=\"https:\/\/actu.fr\/newsletter\" class=\"ac-btn ac-btn--corner ac-btn--medium ac-btn--blue800\" target=\"_blank\" rel=\"noopener\">S&rsquo;incrire<\/a><\/p>\n<p>    <a href=\"https:\/\/www.facebook.com\/plugins\/post.php?href=https%3A%2F%2Fwww.facebook.com%2FJeromelauzephoto%2Fposts%2Fpfbid0CqrwCtG1JRnPpD5gJGMjKMVPVTegw78X316gHU6Y5isCuxSt3R6ohiKLdEmBXPUxl&amp;show_text=true&amp;width=350\" title=\"Ouvrie le lien\" target=\"_blank\" rel=\"noopener\">Cliquez ici pour visualiser le contenu<\/a><\/p>\n<blockquote class=\"ac-article-quote wall-content\">\n<p>\u00ab\u00a0J&rsquo;ai \u00e9tait surpris de voir autant de stalactites de glace, mais pas surpris de voir ce site que je connais depuis au moins 6 ans\u00a0\u00bb.<\/p>\n<p>    <strong>J\u00e9r\u00f4me Lauze<\/strong><br \/>\n        Photographe semi-professionnel    <\/p><\/blockquote>\n<p class=\" wall-content\"><strong>\u00ab\u2009Par piti\u00e9, ne pas dire \u00e0 la commune de refaire l\u2019\u00e9tanch\u00e9it\u00e9 de ce pont\u2009\u00bb,<\/strong> rigole le Loz\u00e9rien, originaire du Collet-de-D\u00e8ze, qui travaille \u00e0 Florac-Trois-Rivi\u00e8res.<\/p>\n<p>Cuisinier et photographe passionn\u00e9<\/p>\n<p class=\" wall-content\">S\u2019il vend quelques photos, ce n\u2019est pas son m\u00e9tier. \u00ab\u2009Je suis cuisinier pour l\u2019\u00e9cole publique de la ville et j\u2019adore la photo de nature\u2009\u00bb. <strong>Il a d\u2019ailleurs particip\u00e9 \u00e0 quelques festivals de photo<\/strong> avec des images \u00ab\u2009de macro de gouttes d\u2019eau et papillons\u2009\u00bb (festival Aubrac, Temps d\u2019expo \u00e0 P\u00e9zenas dans l\u2019H\u00e9rault ou le <a href=\"https:\/\/actu.fr\/occitanie\/mende_48095\/occitanie-il-n-y-a-plus-d-espoir-pour-que-ce-festival-de-photo-a-part-puisse-survive_62172717.html\" target=\"_blank\" rel=\"noopener\">festival photo de Mende<\/a> trois ans d\u2019affil\u00e9e).<\/p>\n<p>    <img   decoding=\"async\" loading=\"lazy\" src=\"https:\/\/www.europesays.com\/fr\/wp-content\/uploads\/2026\/01\/607897056-1428941565909401-5861207003630143671-n-960x640.jpg\" alt=\"J\u00e9r\u00f4me Lauze a particip\u00e9 \u00e0 des festivals avec des photos de gouttes d'eau prises en macro.\" width=\"960\" height=\"640\"\/><br \/>\n    J\u00e9r\u00f4me Lauze a particip\u00e9 \u00e0 des festivals avec des photos de gouttes d\u2019eau prises en macro. (\u00a9J\u00e9r\u00f4me Lauze)<\/p>\n<p class=\" wall-content\">Va-t-il continuer \u00e0 profiter des conditions m\u00e9t\u00e9o givr\u00e9es du moment\u2009? \u00ab\u2009Je ne peux pas vous r\u00e9pondre pr\u00e9cis\u00e9ment car je travaille la semaine et le week-end j\u2019assouvis ma passion de la photo, mais je ne sais pas \u00e0 l\u2019avance le temps qu\u2019il va faire\u2009\u00bb, pr\u00e9cise J\u00e9r\u00f4me Lauze \u00e0 Actu Occitanie. Il n\u2019aime de toute fa\u00e7on pas que les paysages de glace.<\/p>\n<p>    <img   decoding=\"async\" loading=\"lazy\" src=\"https:\/\/www.europesays.com\/fr\/wp-content\/uploads\/2026\/01\/603777403-1424862469650644-704525854336515745-n-960x640.jpg\" alt=\"J\u00e9r\u00f4me Lauze adore aussi photographier les animaux.\" width=\"960\" height=\"640\"\/><br \/>\n    J\u00e9r\u00f4me Lauze adore aussi photographier les animaux. (\u00a9J\u00e9r\u00f4me Lauze)<\/p>\n<p class=\" wall-content\">\u00ab\u2009J\u2019aime \u00e9galement <strong>photographier la faune sur le causse M\u00e9jean et les vautours dans les gorges du Tarn.<\/strong> Je d\u00e9cide <strong>souvent au dernier moment<\/strong> ce que je veux faire en fonction du temps et de l\u2019envie\u2009\u00bb, conclut le passionn\u00e9.<\/p>\n<p class=\" wall-content\">Personnalisez votre actualit\u00e9 en ajoutant vos villes et m\u00e9dias en favori avec <a href=\"https:\/\/moncompte.actu.fr\" title=\"D\u00e9couvez Mon Actu\" rel=\"nofollow noopener\" data-trk=\"{&quot;cta&quot;:{&quot;action&quot;:&quot;https:\\\/\\\/moncompte.actu.fr&quot;,&quot;category&quot;:&quot;mon compte&quot;,&quot;from&quot;:&quot;article footer&quot;,&quot;name&quot;:&quot;Mon actu&quot;,&quot;type&quot;:&quot;cta&quot;}}\" target=\"_blank\">Mon Actu<\/a>.<\/p>\n","protected":false},"excerpt":{"rendered":"Par Fabien Hisbacq Publi\u00e9 le 6 janv. 2026 \u00e0 12h02 Alors que le mercure est descendu tr\u00e8s en&hellip;\n","protected":false},"author":2,"featured_media":645863,"comment_status":"","ping_status":"","sticky":false,"template":"","format":"standard","meta":{"footnotes":""},"categories":[1358],"tags":[1348,1384,1385,1386,58,59,1011,27,3447,2487,1756],"class_list":{"0":"post-645862","1":"post","2":"type-post","3":"status-publish","4":"format-standard","5":"has-post-thumbnail","7":"category-arts-et-design","8":"tag-arts","9":"tag-arts-and-design","10":"tag-arts-et-design","11":"tag-design","12":"tag-divertissement","13":"tag-entertainment","14":"tag-fr","15":"tag-france","16":"tag-froid","17":"tag-meteo","18":"tag-photographie"},"share_on_mastodon":{"url":"https:\/\/pubeurope.com\/@fr\/115850808154362015","error":""},"_links":{"self":[{"href":"https:\/\/www.europesays.com\/fr\/wp-json\/wp\/v2\/posts\/645862","targetHints":{"allow":["GET"]}}],"collection":[{"href":"https:\/\/www.europesays.com\/fr\/wp-json\/wp\/v2\/posts"}],"about":[{"href":"https:\/\/www.europesays.com\/fr\/wp-json\/wp\/v2\/types\/post"}],"author":[{"embeddable":true,"href":"https:\/\/www.europesays.com\/fr\/wp-json\/wp\/v2\/users\/2"}],"replies":[{"embeddable":true,"href":"https:\/\/www.europesays.com\/fr\/wp-json\/wp\/v2\/comments?post=645862"}],"version-history":[{"count":0,"href":"https:\/\/www.europesays.com\/fr\/wp-json\/wp\/v2\/posts\/645862\/revisions"}],"wp:featuredmedia":[{"embeddable":true,"href":"https:\/\/www.europesays.com\/fr\/wp-json\/wp\/v2\/media\/645863"}],"wp:attachment":[{"href":"https:\/\/www.europesays.com\/fr\/wp-json\/wp\/v2\/media?parent=645862"}],"wp:term":[{"taxonomy":"category","embeddable":true,"href":"https:\/\/www.europesays.com\/fr\/wp-json\/wp\/v2\/categories?post=645862"},{"taxonomy":"post_tag","embeddable":true,"href":"https:\/\/www.europesays.com\/fr\/wp-json\/wp\/v2\/tags?post=645862"}],"curies":[{"name":"wp","href":"https:\/\/api.w.org\/{rel}","templated":true}]}}