{"id":645864,"date":"2026-01-06T23:44:17","date_gmt":"2026-01-06T23:44:17","guid":{"rendered":"https:\/\/www.europesays.com\/fr\/645864\/"},"modified":"2026-01-06T23:44:17","modified_gmt":"2026-01-06T23:44:17","slug":"quatre-nouvelles-regles-pour-tenter-de-retrouver-du-calme","status":"publish","type":"post","link":"https:\/\/www.europesays.com\/fr\/645864\/","title":{"rendered":"quatre nouvelles r\u00e8gles pour tenter de retrouver du calme"},"content":{"rendered":"<p>                     <img loading=\"lazy\" decoding=\"async\" src=\"https:\/\/www.europesays.com\/fr\/wp-content\/uploads\/2026\/01\/7bf5695_upload-1-ldfmpaa8nxul-jmug251125064.jpg\" alt=\"Le pr\u00e9sident de la commission d\u2019enqu\u00eate consacr\u00e9e \u00e0 l\u2019audiovisuel public, J\u00e9r\u00e9mie Patrier-Leitus (\u00e0 droite), et son rapporteur, Charles-Henri Alloncle (au centre), \u00e0 l\u2019Assembl\u00e9e nationale, \u00e0 Paris, le 25 novembre 2025.\"   width=\"664\" height=\"443\"\/>    Le pr\u00e9sident de la commission d\u2019enqu\u00eate consacr\u00e9e \u00e0 l\u2019audiovisuel public, J\u00e9r\u00e9mie Patrier-Leitus (\u00e0 droite), et son rapporteur, Charles-Henri Alloncle (au centre), \u00e0 l\u2019Assembl\u00e9e nationale, \u00e0 Paris, le 25 novembre 2025.  JULIEN MUGUET POUR \u00ab\u00a0LE MONDE \u00bb                 <\/p>\n<p class=\"article__paragraph  \">Apr\u00e8s quatre premi\u00e8res semaines d\u2019auditions ponctu\u00e9es par les questions \u00e0 charge du d\u00e9put\u00e9 proche de Jordan Bardella, le rapporteur Charles-Henri Alloncle (UDR, H\u00e9rault), et par plusieurs posts accusatoires envers les auditionn\u00e9s sur les r\u00e9seaux sociaux, les deux prochains mois de la commission d\u2019enqu\u00eate consacr\u00e9e \u00e0 l\u2019audiovisuel public peuvent-ils se d\u00e9rouler de mani\u00e8re plus apais\u00e9e\u00a0? Pour tenter d\u2019\u00e9tablir un \u00ab\u00a0cadre digne, s\u00e9rieux et respectueux\u00a0\u00bb, le pr\u00e9sident de la commission d\u2019enqu\u00eate parlementaire, J\u00e9r\u00e9mie Patrier-Leitus (Horizons, Calvados), avait convoqu\u00e9 une r\u00e9union de bureau, mardi 6\u00a0janvier en fin d\u2019apr\u00e8s-midi, rappelant que la commission \u00ab\u00a0ne peut \u00eatre le lieu du proc\u00e8s \u00e0 charge de l\u2019audiovisuel public\u00a0\u00bb.<\/p>\n<p>   Lire plus tard  <\/p>\n<p class=\"article__paragraph  \">Quelques jours apr\u00e8s la r\u00e9ception des courriers critiques de la PDG de Radio France, Sibyle Veil, et de l\u2019\u00e9ditorialiste politique de France Inter, Patrick Cohen, adress\u00e9s aux membres de la commission, M.\u00a0Patrier-Leitus s\u2019\u00e9tait d\u00e9cid\u00e9, le 22\u00a0d\u00e9cembre, <a href=\"https:\/\/www.lemonde.fr\/economie\/article\/2025\/12\/22\/commission-d-enquete-sur-l-audiovisuel-public-l-envoi-de-convocations-suspendu-dans-le-but-de-retrouver-de-l-apaisement_6659165_3234.html\" target=\"_blank\" rel=\"noopener\">\u00e0 suspendre de l\u2019envoi de convocation pendant les deux semaines de vacances parlementaire<\/a>, constatant que les premiers principes sur lesquels ils s\u2019\u00e9taient mis d\u2019accord avec le rapporteur \u2013 comme \u00ab\u00a0fonder les questions sur des faits et non sur des suspicions\u00a0\u00bb \u2013 n\u2019avaient \u00ab\u00a0pas toujours\u00a0\u00bb \u00e9t\u00e9 respect\u00e9s. Dans le m\u00eame temps, la candidate de l\u2019extr\u00eame droite \u00e0 la pr\u00e9sidentielle Marine Le Pen et le pr\u00e9sident du Rassemblement national Jordan Bardella, avaient pris fait et cause pour M.\u00a0Alloncle, saluant son travail et son obstination.<\/p>\n<p class=\"reading-mode-only \"><strong>Il vous reste 66.5% de cet article \u00e0 lire. La suite est r\u00e9serv\u00e9e aux abonn\u00e9s.<\/strong><\/p>\n","protected":false},"excerpt":{"rendered":"Le pr\u00e9sident de la commission d\u2019enqu\u00eate consacr\u00e9e \u00e0 l\u2019audiovisuel public, J\u00e9r\u00e9mie Patrier-Leitus (\u00e0 droite), et son rapporteur, Charles-Henri&hellip;\n","protected":false},"author":2,"featured_media":645865,"comment_status":"","ping_status":"","sticky":false,"template":"","format":"standard","meta":{"footnotes":""},"categories":[1356],"tags":[58,59,1011,27,252,1364],"class_list":{"0":"post-645864","1":"post","2":"type-post","3":"status-publish","4":"format-standard","5":"has-post-thumbnail","7":"category-television","8":"tag-divertissement","9":"tag-entertainment","10":"tag-fr","11":"tag-france","12":"tag-television","13":"tag-tv"},"share_on_mastodon":{"url":"https:\/\/pubeurope.com\/@fr\/115850816097210151","error":""},"_links":{"self":[{"href":"https:\/\/www.europesays.com\/fr\/wp-json\/wp\/v2\/posts\/645864","targetHints":{"allow":["GET"]}}],"collection":[{"href":"https:\/\/www.europesays.com\/fr\/wp-json\/wp\/v2\/posts"}],"about":[{"href":"https:\/\/www.europesays.com\/fr\/wp-json\/wp\/v2\/types\/post"}],"author":[{"embeddable":true,"href":"https:\/\/www.europesays.com\/fr\/wp-json\/wp\/v2\/users\/2"}],"replies":[{"embeddable":true,"href":"https:\/\/www.europesays.com\/fr\/wp-json\/wp\/v2\/comments?post=645864"}],"version-history":[{"count":0,"href":"https:\/\/www.europesays.com\/fr\/wp-json\/wp\/v2\/posts\/645864\/revisions"}],"wp:featuredmedia":[{"embeddable":true,"href":"https:\/\/www.europesays.com\/fr\/wp-json\/wp\/v2\/media\/645865"}],"wp:attachment":[{"href":"https:\/\/www.europesays.com\/fr\/wp-json\/wp\/v2\/media?parent=645864"}],"wp:term":[{"taxonomy":"category","embeddable":true,"href":"https:\/\/www.europesays.com\/fr\/wp-json\/wp\/v2\/categories?post=645864"},{"taxonomy":"post_tag","embeddable":true,"href":"https:\/\/www.europesays.com\/fr\/wp-json\/wp\/v2\/tags?post=645864"}],"curies":[{"name":"wp","href":"https:\/\/api.w.org\/{rel}","templated":true}]}}