{"id":645880,"date":"2026-01-06T23:52:11","date_gmt":"2026-01-06T23:52:11","guid":{"rendered":"https:\/\/www.europesays.com\/fr\/645880\/"},"modified":"2026-01-06T23:52:11","modified_gmt":"2026-01-06T23:52:11","slug":"donald-trump-etudie-plusieurs-options-y-compris-utiliser-larmee-declare-sa-porte-parole","status":"publish","type":"post","link":"https:\/\/www.europesays.com\/fr\/645880\/","title":{"rendered":"Donald Trump \u00e9tudie \u00ab\u00a0plusieurs options\u00a0\u00bb y compris \u00ab\u00a0utiliser l\u2019arm\u00e9e\u00a0\u00bb, d\u00e9clare sa porte-parole"},"content":{"rendered":"<p>                      <img loading=\"lazy\" decoding=\"async\" src=\"https:\/\/www.europesays.com\/fr\/wp-content\/uploads\/2026\/01\/119039c_ftp-1-qnbg4lawycap-4b95d1d4bffe4f32ae8cde18caf61cd1-0-bdd041c7af644a0da4c3c797aa7b9db5.jpg\" alt=\"Le pr\u00e9sident des Etats-Unis, Donald Trump, \u00e0 Washington, le 6\u00a0janvier 2026.\"   width=\"664\" height=\"443\"\/>    Le pr\u00e9sident des Etats-Unis, Donald Trump, \u00e0 Washington, le 6\u00a0janvier 2026.  EVAN VUCCI \/ AP                          <\/p>\n<p class=\"article__paragraph  \">Donald Trump et son \u00e9quipe \u00ab\u00a0discutent de plusieurs options\u00a0\u00bb pour obtenir le Groenland, \u00ab\u00a0et bien s\u00fbr utiliser l\u2019arm\u00e9e am\u00e9ricaine est toujours une option \u00e0 la disposition\u00a0\u00bb du pr\u00e9sident, a d\u00e9clar\u00e9, mardi 6\u00a0janvier, sa porte-parole, Karoline Leavitt.<\/p>\n<p class=\"article__paragraph  \">Le pr\u00e9sident am\u00e9ricain \u00ab\u00a0a fait savoir clairement qu\u2019acqu\u00e9rir le Groenland \u00e9tait une priorit\u00e9 de s\u00e9curit\u00e9 nationale pour les Etats-Unis, et c\u2019est vital pour tenir en respect nos adversaires dans la r\u00e9gion arctique\u00a0\u00bb, a-t-elle fait savoir dans une d\u00e9claration transmise \u00e0 l\u2019Agence France-Presse (AFP).<\/p>\n<p class=\"article__paragraph  \">Le ton tr\u00e8s d\u00e9termin\u00e9 de la Maison Blanche tranche avec les appels au dialogue, teint\u00e9s d\u2019alarme, venus d\u2019Europe et du Groenland face aux revendications venues de Washington. Le Groenland et le gouvernement danois ont appel\u00e9 mardi \u00e0 des pourparlers rapides avec le chef de la diplomatie am\u00e9ricaine, Marco Rubio, esp\u00e9rant dissiper des\u00a0\u00ab\u00a0malentendus\u00a0\u00bb, apr\u00e8s le renouvellement des revendications d\u2019annexion de l\u2019\u00eele arctique, territoire autonome danois, exprim\u00e9es par Donald Trump.<\/p>\n<p>                                       Lire aussi |  Article r\u00e9serv\u00e9 \u00e0 nos abonn\u00e9s  <a href=\"https:\/\/www.lemonde.fr\/international\/article\/2026\/01\/06\/groenland-la-hantise-d-une-annexion-americaine_6660678_3210.html\" class=\"js-article-read-also catcher--favoris__link\" data-premium=\"1\" id=\"article-title-3453303\" target=\"_blank\" rel=\"noopener\">Groenland\u00a0: la hantise d\u2019une annexion par les Etats-Unis<\/a>    <\/p>\n<p>   Lire plus tard  <\/p>\n<p class=\"article__paragraph  \">Nuuk et Copenhague contestent en particulier l\u2019argument r\u00e9current de Donald Trump selon lequel il lui faudrait agir contre l\u2019omnipr\u00e9sence de la Chine au Groenland. \u00ab\u00a0Nous ne partageons pas cette id\u00e9e selon laquelle le Groenland serait couvert d\u2019investissements chinois\u00a0\u00bb, a d\u00e9clar\u00e9 le ministre des affaires \u00e9trang\u00e8res danois, Lars Lokke Rasmussen, reprochant par ailleurs au pr\u00e9sident am\u00e9ricain d\u2019avoir une\u00a0\u00ab\u00a0mauvaise lecture\u00a0\u00bb\u00a0quand ce dernier \u00e9met des doutes quant \u00e0 la capacit\u00e9 du Danemark \u00e0 assurer la s\u00e9curit\u00e9 de l\u2019\u00eele.<\/p>\n<p class=\"article__paragraph  \">\u00ab\u00a0Nous veillons sur le royaume\u00a0\u00bb, a insist\u00e9 M. L\u00f8kke, ajoutant qu\u2019il n\u2019\u00e9tait pas utile de\u00a0\u00ab\u00a0dramatiser\u00a0\u00bb\u00a0les choses. Le Danemark a fortement investi dans la s\u00e9curit\u00e9 arctique ces douze derniers mois, allouant pour cela quelque 90\u00a0milliards de couronnes (12\u00a0milliards d\u2019euros).<\/p>\n<p>                                       Lire notre \u00e9ditorial |  <a href=\"https:\/\/www.lemonde.fr\/international\/article\/2026\/01\/06\/le-groenland-est-et-doit-rester-europeen_6660730_3210.html\" class=\"js-article-read-also catcher--favoris__link\" data-premium=\"\" id=\"article-title-3453387\" target=\"_blank\" rel=\"noopener\">Le Groenland est et doit rester europ\u00e9en<\/a>    <\/p>\n<p>   Lire plus tard  <\/p>\n<p>                          Solidarit\u00e9 de l\u2019Europe                    <\/p>\n<p class=\"article__paragraph  \">Mardi, dans la soir\u00e9e, le pr\u00e9sident fran\u00e7ais, Emmanuel Macron a dit ne pas imaginer les Etats-Unis \u00ab\u00a0violer la souverainet\u00e9 danoise\u00a0\u00bb. \u00ab\u00a0Il n\u2019y a pas, pour moi, de sc\u00e9nario o\u00f9 les Etats-Unis seraient mis dans une situation de violer la souverainet\u00e9 danoise. Cela n\u2019existe pas\u00a0\u00bb, a-t-il affirm\u00e9 sur France\u00a02. \u00ab\u00a0Je ne peux pas croire qu\u2019ils trahissent leurs engagements sur le Groenland. Le Groenland est un territoire sous souverainet\u00e9 danoise et il le restera\u00a0\u00bb, a-t-il insist\u00e9.<\/p>\n<p class=\"article__paragraph  \">Le Danemark \u2013 Groenland compris \u2013 est membre de l\u2019OTAN, et <a href=\"https:\/\/www.lemonde.fr\/international\/article\/2026\/01\/05\/groenland-si-les-etats-unis-choisissent-d-attaquer-militairement-un-autre-pays-de-l-otan-alors-tout-s-arrete-previent-la-premiere-ministre-danoise_6660595_3211.html\" target=\"_blank\" rel=\"noopener\">une attaque am\u00e9ricaine contre l\u2019un des membres de l\u2019Alliance signifierait \u00ab\u00a0la fin de tout\u00a0\u00bb<\/a>, notamment l\u2019ordre de s\u00e9curit\u00e9 mondial \u00e9tabli \u00e0 la fin de la seconde guerre mondiale, a estim\u00e9 la premi\u00e8re ministre danoise. \u00ab\u00a0Il ne s\u2019agit pas seulement d\u2019un conflit avec le Royaume du Danemark (&#8230;) mais bien avec l\u2019Europe toute enti\u00e8re\u00a0\u00bb, a-t-elle d\u00e9clar\u00e9 \u00e0 la t\u00e9l\u00e9vision DR.<\/p>\n<p> Le Monde M\u00e9morable  <\/p>\n<p> <a href=\"https:\/\/www.lemonde.fr\/memorable\/?rfextension=inread\" class=\"inread__link js-services-inread-link\" target=\"_blank\" rel=\"noopener\">  <\/p>\n<p>Testez votre culture g\u00e9n\u00e9rale avec la r\u00e9daction du \u00ab Monde \u00bb<\/p>\n<p>Testez votre culture g\u00e9n\u00e9rale avec la r\u00e9daction du \u00ab Monde \u00bb<\/p>\n<p>D\u00e9couvrir<\/p>\n<p> <\/a>      <\/p>\n<p> Newsletter  <\/p>\n<p> <a href=\"https:\/\/www.lemonde.fr\/newsletters\/a-la-une\/\" class=\"inread__link js-services-inread-link\" target=\"_blank\" rel=\"noopener\">  <\/p>\n<p>\u00ab A la une \u00bb<\/p>\n<p>Chaque matin, parcourez l&rsquo;essentiel de l&rsquo;actualit\u00e9 du jour avec les derniers titres du \u00ab Monde \u00bb<\/p>\n<p>S&rsquo;inscrire<\/p>\n<p> <\/a>          <\/p>\n<p> Le Monde Application  <\/p>\n<p> <a href=\"https:\/\/lamatinale.onelink.me\/gKMy\/ahw2ubr3\" class=\"inread__link js-services-inread-link\" target=\"_blank\" rel=\"noopener\">  <\/p>\n<p>La Matinale du Monde<\/p>\n<p>Chaque matin, retrouvez notre s\u00e9lection de 20 articles \u00e0 ne pas manquer <\/p>\n<p>T\u00e9l\u00e9charger l&rsquo;application<\/p>\n<p> <\/a>      <\/p>\n<p> Newsletter abonn\u00e9s  <\/p>\n<p> <a href=\"https:\/\/www.lemonde.fr\/newsletters\/international\/\" class=\"inread__link js-services-inread-link\" target=\"_blank\" rel=\"noopener\">  <\/p>\n<p>\u00ab International \u00bb<\/p>\n<p>L\u2019essentiel de l\u2019actualit\u00e9 internationale de la semaine<\/p>\n<p>S&rsquo;inscrire<\/p>\n<p> <\/a>             <\/p>\n<p class=\"article__paragraph  \">Plus t\u00f4t, la France, l\u2019Allemagne, l\u2019Italie, la Pologne, l\u2019Espagne et le Royaume-Uni avaient, dans une d\u00e9claration commune, apport\u00e9 leur soutien au Danemark. \u00ab\u00a0Il revient au Danemark et au Groenland, et \u00e0 eux seuls, de d\u00e9cider des questions concernant le Danemark et le Groenland\u00a0\u00bb, ont d\u00e9clar\u00e9 les dirigeants europ\u00e9ens, soulignant que le royaume fait\u00a0\u00ab\u00a0partie\u00a0\u00bb\u00a0de l\u2019OTAN comme les Etats-Unis, eux-m\u00eames li\u00e9s \u00e0 Copenhague par un accord de d\u00e9fense. Les ministres des affaires \u00e9trang\u00e8res nordiques ont \u00e9mis un communiqu\u00e9 commun reprenant cette m\u00eame id\u00e9e de souverainet\u00e9.<\/p>\n<p>                                       Lire aussi le d\u00e9cryptage |  Article r\u00e9serv\u00e9 \u00e0 nos abonn\u00e9s  <a href=\"https:\/\/www.lemonde.fr\/international\/article\/2026\/01\/05\/le-groenland-un-territoire-arctique-convoite_6527643_3211.html\" class=\"js-article-read-also catcher--favoris__link\" data-premium=\"1\" id=\"article-title-3407315\" target=\"_blank\" rel=\"noopener\">Le Groenland, un territoire arctique convoit\u00e9<\/a>    <\/p>\n<p>   Lire plus tard  <\/p>\n<p>                          Appel au \u00ab\u00a0respect\u00a0\u00bb                    <\/p>\n<p class=\"article__paragraph  \">Plusieurs fois, le Groenland, soutenu par sa puissance de tutelle, a dit ne pas \u00eatre \u00e0 vendre et d\u00e9cider seul de son avenir. A maintes reprises ces derniers jours, Donald Trump et son entourage ont r\u00e9p\u00e9t\u00e9, \u00e0 la presse et sur les r\u00e9seaux sociaux, leur intention de faire passer l\u2019immense \u00eele arctique de 57\u00a0000\u00a0habitants sous drapeau am\u00e9ricain.<\/p>\n<p class=\"article__paragraph  \">L\u2019envoy\u00e9 sp\u00e9cial pour le Groenland, Jeff Landry, nomm\u00e9 fin d\u00e9cembre, a cherch\u00e9 mardi \u00e0 calmer le jeu. Selon lui, le pr\u00e9sident am\u00e9ricain n\u2019envisage pas d\u2019utiliser la force pour prendre le contr\u00f4le du Groenland. \u00ab\u00a0Je ne crois pas que ce soit de cela qu\u2019il parle\u00a0\u00bb, a-t-il dit \u00e0 la t\u00e9l\u00e9vision am\u00e9ricaine CNBC.<\/p>\n<p>                                       Lire aussi |  Article r\u00e9serv\u00e9 \u00e0 nos abonn\u00e9s  <a href=\"https:\/\/www.lemonde.fr\/international\/article\/2026\/01\/05\/groenland-pourquoi-trump-s-interesse-a-cette-ile-nos-explications-en-cartes_6526347_3211.html\" class=\"js-article-read-also catcher--favoris__link\" data-premium=\"1\" id=\"article-title-3407852\" target=\"_blank\" rel=\"noopener\">Groenland\u00a0: pourquoi Trump s\u2019int\u00e9resse \u00e0 cette \u00eele, nos explications en cartes<\/a>    <\/p>\n<p>   Lire plus tard  <\/p>\n<p class=\"article__paragraph  \">A Nuuk, le chef du gouvernement groenlandais a invit\u00e9 \u00ab\u00a0les Etats-Unis \u00e0 engager un dialogue respectueux par les voies diplomatiques et politiques appropri\u00e9es et \u00e0 recourir aux enceintes d\u00e9j\u00e0 existantes, fond\u00e9es sur des accords qui existent d\u00e9j\u00e0\u00a0\u00bb, apr\u00e8s avoir exhort\u00e9 la veille \u00e0 ne pas c\u00e9der \u00e0 la \u00ab\u00a0panique\u00a0\u00bb.<\/p>\n<p class=\"article__paragraph  \">A travers la capitale, les Groenlandais estimaient que les commentaires de Donald Trump n\u2019\u00e9taient \u00ab\u00a0pas acceptables dans un monde civilis\u00e9\u00a0\u00bb. \u00ab\u00a0Nous demandons du respect pour notre pays et notre peuple. Nous sommes ouverts aux affaires et aux relations, mais uniquement sur la base du respect mutuel\u00a0\u00bb, a soulign\u00e9 le directeur de l\u2019Association des entreprises du Groenland, Christian Keldsen.<\/p>\n<p class=\"author__detail\">  Le Monde avec AFP  <\/p>\n<p>                <a href=\"https:\/\/www.lemonde.fr\/syndication\/\" class=\"reuse__content\" title=\"R\u00e9utiliser ce contenu\" target=\"_blank\" rel=\"noopener\">R\u00e9utiliser ce contenu<\/a>      <\/p>\n","protected":false},"excerpt":{"rendered":"Le pr\u00e9sident des Etats-Unis, Donald Trump, \u00e0 Washington, le 6\u00a0janvier 2026. EVAN VUCCI \/ AP Donald Trump et&hellip;\n","protected":false},"author":2,"featured_media":645881,"comment_status":"","ping_status":"","sticky":false,"template":"","format":"standard","meta":{"footnotes":""},"categories":[5],"tags":[11,1011,27,14,12,28],"class_list":{"0":"post-645880","1":"post","2":"type-post","3":"status-publish","4":"format-standard","5":"has-post-thumbnail","7":"category-international","8":"tag-actualites","9":"tag-fr","10":"tag-france","11":"tag-international","12":"tag-news","13":"tag-world"},"share_on_mastodon":{"url":"https:\/\/pubeurope.com\/@fr\/115850847444262445","error":""},"_links":{"self":[{"href":"https:\/\/www.europesays.com\/fr\/wp-json\/wp\/v2\/posts\/645880","targetHints":{"allow":["GET"]}}],"collection":[{"href":"https:\/\/www.europesays.com\/fr\/wp-json\/wp\/v2\/posts"}],"about":[{"href":"https:\/\/www.europesays.com\/fr\/wp-json\/wp\/v2\/types\/post"}],"author":[{"embeddable":true,"href":"https:\/\/www.europesays.com\/fr\/wp-json\/wp\/v2\/users\/2"}],"replies":[{"embeddable":true,"href":"https:\/\/www.europesays.com\/fr\/wp-json\/wp\/v2\/comments?post=645880"}],"version-history":[{"count":0,"href":"https:\/\/www.europesays.com\/fr\/wp-json\/wp\/v2\/posts\/645880\/revisions"}],"wp:featuredmedia":[{"embeddable":true,"href":"https:\/\/www.europesays.com\/fr\/wp-json\/wp\/v2\/media\/645881"}],"wp:attachment":[{"href":"https:\/\/www.europesays.com\/fr\/wp-json\/wp\/v2\/media?parent=645880"}],"wp:term":[{"taxonomy":"category","embeddable":true,"href":"https:\/\/www.europesays.com\/fr\/wp-json\/wp\/v2\/categories?post=645880"},{"taxonomy":"post_tag","embeddable":true,"href":"https:\/\/www.europesays.com\/fr\/wp-json\/wp\/v2\/tags?post=645880"}],"curies":[{"name":"wp","href":"https:\/\/api.w.org\/{rel}","templated":true}]}}