{"id":645885,"date":"2026-01-06T23:55:19","date_gmt":"2026-01-06T23:55:19","guid":{"rendered":"https:\/\/www.europesays.com\/fr\/645885\/"},"modified":"2026-01-06T23:55:19","modified_gmt":"2026-01-06T23:55:19","slug":"saint-etienne-ils-tentent-de-voler-la-caisse-de-solidarite-du-cinema-melies-saint-francois","status":"publish","type":"post","link":"https:\/\/www.europesays.com\/fr\/645885\/","title":{"rendered":"Saint-\u00c9tienne. Ils tentent de voler la caisse de solidarit\u00e9 du cin\u00e9ma M\u00e9li\u00e8s Saint-Fran\u00e7ois"},"content":{"rendered":"<p>\u00ab\u00a0Nous n\u2019avons pas grand-chose \u00e0 voler au M\u00e9li\u00e8s sinon des baisers vol\u00e9s chers \u00e0 Truffaut\u00a0\u00bb. C\u2019est avec une r\u00e9f\u00e9rence au long-m\u00e9trage r\u00e9alis\u00e9 en 1968 par une figure majeure de la Nouvelle vague que le M\u00e9li\u00e8s Saint-Fran\u00e7ois a appris la nouvelle a ses abonn\u00e9s mardi\u00a0: l\u2019\u00e9tablissement a \u00e9t\u00e9 victime d\u2019une tentative de cambriolage lundi soir.<\/p>\n<p>Sauf que ce \u00ab\u00a0pas grand-chose\u00a0\u00bb, \u00e0 savoir, une caisse de solidarit\u00e9, est lourd de symboles pour un cin\u00e9ma qui propose \u00e0 ses clients d\u2019aider ceux qui ne peuvent pas s\u2019offrir des s\u00e9ances de 7 e Art sur grand \u00e9cran.<\/p>\n<p>  2 000 \u00ab tickets suspendus \u00bb \u00e9coul\u00e9s chaque ann\u00e9e<\/p>\n<p>Le larcin a \u00e9t\u00e9 stopp\u00e9 juste \u00e0 temps\u00a0: \u00ab\u00a0Lundi, vers 22 heures, alors que le M\u00e9li\u00e8s Saint-Fran\u00e7ois \u00e9tait ferm\u00e9, comme tous les lundis, quatre individus ont forc\u00e9 trois portes de l\u2019\u00e9tablissement, explique Paul-Marie Claret, directeur des cin\u00e9mas M\u00e9li\u00e8s Jean-Jaur\u00e8s et Saint-Fran\u00e7ois \u00e0 Saint-\u00c9tienne. L\u2019alarme ne s\u2019est pas d\u00e9clench\u00e9e et un voisin a appel\u00e9 la police\u00a0\u00bb. Sur place, les forces de l\u2019ordre auraient arr\u00eat\u00e9 quatre individus\u00a0: \u00ab\u00a0On ne l\u2019a appris que le lendemain matin (mardi) \u00e0 9 heures, au moment de l\u2019ouverture. <a href=\"https:\/\/www.leprogres.fr\/culture-loisirs\/2025\/08\/18\/cinema-le-melies-saint-francois-termine-son-grand-lifting\" target=\"_blank\" rel=\"noopener\">Par chance, il n\u2019y a pas eu de d\u00e9gradations sur les r\u00e9cents travaux<\/a> (NDLR : le cin\u00e9ma de la rue de la Valse a subi un lifting cet \u00e9t\u00e9).\u00a0\u00bb<\/p>\n<p>Les cambrioleurs auraient pu repartir avec les 34\u00a0euros que contenait la caisse qui a \u00e9t\u00e9 restitu\u00e9e \u00e0 l\u2019\u00e9tablissement par les enqu\u00eateurs. Pour rappel, cette caisse, pos\u00e9e sur le comptoir, permet aux clients de d\u00e9poser de l\u2019argent servant \u00e0 acheter des tickets aux personnes aux revenus modestes\u00a0: \u00ab\u00a0Soit les clients laissent leur carte d\u2019abonnement sur laquelle il reste une place ou deux, soit ils mettent le reste de leur monnaie. Par exemple, sur une place \u00e0 9,50\u00a0euros, ils laissent les 50 centimes\u2026\u00a0\u00bb, rappelle Paul-Marie Claret. Ces \u00ab\u00a0tickets suspendus\u00a0\u00bb repr\u00e9sentent chaque ann\u00e9e 2\u00a0000 places au M\u00e9li\u00e8s\u00a0: \u00ab\u00a0Ce week-end, avec le froid, il y a eu beaucoup plus de personnes que d\u2019habitude qui en ont profit\u00e9.\u00a0\u00bb<\/p>\n","protected":false},"excerpt":{"rendered":"\u00ab\u00a0Nous n\u2019avons pas grand-chose \u00e0 voler au M\u00e9li\u00e8s sinon des baisers vol\u00e9s chers \u00e0 Truffaut\u00a0\u00bb. C\u2019est avec une&hellip;\n","protected":false},"author":2,"featured_media":645886,"comment_status":"","ping_status":"","sticky":false,"template":"","format":"standard","meta":{"footnotes":""},"categories":[9653],"tags":[1111,11,2430,271,272,7539,1777,674,274,1011,27,3367,12,25,4001,7538],"class_list":{"0":"post-645885","1":"post","2":"type-post","3":"status-publish","4":"format-standard","5":"has-post-thumbnail","7":"category-saint-etienne","8":"tag-actu","9":"tag-actualites","10":"tag-auvergne-rhone-alpes","11":"tag-crime","12":"tag-delit-et-contravention","13":"tag-edition-loire-sud","14":"tag-eu","15":"tag-europe","16":"tag-faits-divers-justice","17":"tag-fr","18":"tag-france","19":"tag-loire","20":"tag-news","21":"tag-republique-francaise","22":"tag-saint-etienne","23":"tag-saint-etienne-ville"},"share_on_mastodon":{"url":"https:\/\/pubeurope.com\/@fr\/115850859314584399","error":""},"_links":{"self":[{"href":"https:\/\/www.europesays.com\/fr\/wp-json\/wp\/v2\/posts\/645885","targetHints":{"allow":["GET"]}}],"collection":[{"href":"https:\/\/www.europesays.com\/fr\/wp-json\/wp\/v2\/posts"}],"about":[{"href":"https:\/\/www.europesays.com\/fr\/wp-json\/wp\/v2\/types\/post"}],"author":[{"embeddable":true,"href":"https:\/\/www.europesays.com\/fr\/wp-json\/wp\/v2\/users\/2"}],"replies":[{"embeddable":true,"href":"https:\/\/www.europesays.com\/fr\/wp-json\/wp\/v2\/comments?post=645885"}],"version-history":[{"count":0,"href":"https:\/\/www.europesays.com\/fr\/wp-json\/wp\/v2\/posts\/645885\/revisions"}],"wp:featuredmedia":[{"embeddable":true,"href":"https:\/\/www.europesays.com\/fr\/wp-json\/wp\/v2\/media\/645886"}],"wp:attachment":[{"href":"https:\/\/www.europesays.com\/fr\/wp-json\/wp\/v2\/media?parent=645885"}],"wp:term":[{"taxonomy":"category","embeddable":true,"href":"https:\/\/www.europesays.com\/fr\/wp-json\/wp\/v2\/categories?post=645885"},{"taxonomy":"post_tag","embeddable":true,"href":"https:\/\/www.europesays.com\/fr\/wp-json\/wp\/v2\/tags?post=645885"}],"curies":[{"name":"wp","href":"https:\/\/api.w.org\/{rel}","templated":true}]}}