{"id":645901,"date":"2026-01-07T00:07:01","date_gmt":"2026-01-07T00:07:01","guid":{"rendered":"https:\/\/www.europesays.com\/fr\/645901\/"},"modified":"2026-01-07T00:07:01","modified_gmt":"2026-01-07T00:07:01","slug":"les-8-infos-de-janvier","status":"publish","type":"post","link":"https:\/\/www.europesays.com\/fr\/645901\/","title":{"rendered":"Les 8 infos de janvier"},"content":{"rendered":"<p><strong>Vous ne lisez pas le Dauphin\u00e9 Lib\u00e9r\u00e9, mais les infos marquantes vous int\u00e9ressent ?<\/strong><\/p>\n<p><strong>Le m\u00e9dia ici Grenoble vous propose la \u00a0\u00bbGrevue de presse\u00a0\u00bb : une s\u00e9lection d&rsquo;infos courtes et percutantes glan\u00e9es dans la presse locale ou dans nos r\u00e9seaux.<\/strong><\/p>\n<p><strong>Au menu de janvier : l&rsquo;\u00e9picerie augment\u00e9e de ST, l&rsquo;attaque de la mosqu\u00e9e de Saint-Bruno, le pr\u00eat sur gage \u00e0 Grenoble et plein d&rsquo;autres infos.<\/strong><\/p>\n<p><strong>Bonne lecture !<\/strong><\/p>\n<p>\u00a0<\/p>\n<p><strong>* * *<\/strong><\/p>\n<p><strong>UNE \u00c9PICERIE AUGMENT\u00c9E<\/strong><\/p>\n<p>Depuis novembre \u00e0 Crolles, les entreprises STMicro et Elior exp\u00e9rimentent une \u00e9picerie automatis\u00e9e fonctionnant 24h\/24, sans humains. Dans cette \u00ab\u00a0\u00e9picerie du futur\u00a0\u00bb\u00a0bourr\u00e9e de cam\u00e9ras et de capteurs, il suffit de valider son badge \u00e0 l&rsquo;entr\u00e9e puis de se servir. Le syst\u00e8me d\u00e9bite votre compte automatiquement.<\/p>\n<p>Il ne vous fait pas envie, ce monde froid, robotis\u00e9, o\u00f9 chacun de vos achats est analys\u00e9, fich\u00e9, consultable par la police ou votre hi\u00e9rarchie ? O\u00f9 tout nous pousse \u00e0 consommer de plus en plus, \u00e0 toute heure de la journ\u00e9e ou de la nuit ?<\/p>\n<p>Voici l&rsquo;analyse cinglante du collectif StopMicro :\u00a0<a href=\"https:\/\/stopmicro38.noblogs.org\/post\/2025\/12\/19\/ton-epicerie-augmentee-allez-y-sans-nous-dans-votre-dystopie-de-merde\/\" target=\"_blank\" rel=\"noopener\">Ton \u00e9picerie augment\u00e9e : allez-y sans nous dans votre dystopie de merde !<\/a><\/p>\n<p>\u00a0<\/p>\n<p><img decoding=\"async\" alt=\"\" src=\"https:\/\/www.europesays.com\/fr\/wp-content\/uploads\/2026\/01\/epiceriest.jpg\" style=\"height:162px; width:300px\"\/><\/p>\n<p>\u00a0<\/p>\n<p><strong>* * *<\/strong><\/p>\n<p><strong>LA MOSQU\u00c9E DE SAINT-BRUNO ATTAQU\u00c9E ?<\/strong><\/p>\n<p>Dans la nuit du 14 au 15 d\u00e9cembre, un drame a \u00e9t\u00e9 \u00e9vit\u00e9 de justesse dans l&rsquo;immeuble abritant la mosqu\u00e9e Aby Hurayra du quartier Saint-Bruno, au 54 rue Abb\u00e9 Gr\u00e9goire. Un feu a d\u00e9marr\u00e9 dans\u00a0le meuble \u00e0 chaussures de la cage d&rsquo;escalier menant \u00e0 la mosqu\u00e9e. Un habitant a r\u00e9ussi \u00e0 \u00e9teindre le feu in extremis. Une personne a \u00e9t\u00e9 transport\u00e9e au CHU, intoxiqu\u00e9e par les fum\u00e9es.\u00a0<\/p>\n<p>Dans une France o\u00f9 les actes islamophobes sont <a href=\"https:\/\/www.lemonde.fr\/societe\/article\/2025\/07\/03\/les-actes-antimusulmans-en-hausse-de-75-et-les-actes-antisemites-a-un-niveau-toujours-tres-eleve-en-debut-d-annee-2025-selon-le-ministere-de-l-interieur_6617700_3224.html\" target=\"_blank\" rel=\"noopener\">de plus en plus nombreux<\/a>, les soup\u00e7ons d&rsquo;incendie volontaire sont forts.\u00a0Deux semaines plus t\u00f4t, une mosqu\u00e9e a \u00e9t\u00e9 <a href=\"https:\/\/www.francebleu.fr\/infos\/faits-divers-justice\/coran-degrade-chapelets-et-micros-arraches-la-mosquee-ar-rahma-du-puy-en-velay-vandalisee-5937065\" target=\"_blank\" rel=\"noopener\">vandalis\u00e9e au Puy-en-Velay<\/a>.<\/p>\n<p>Rappelons qu&rsquo;un d\u00e9part de feu peut embraser un immeuble <a href=\"http:\/\/www.ici-grenoble.org\/article\/survivre-a-grenoble-se-preparer-aux-flammes\" target=\"_blank\" rel=\"noopener\">en quelques minutes<\/a>. Comment \u00e9viter le pire ? Si vous habitez en appartement, nous vous recommandons vivement notre dossier :\u00a0<a href=\"https:\/\/www.ici-grenoble.org\/article\/survivre-a-grenoble-se-preparer-aux-flammes\" target=\"_blank\" rel=\"noopener\">Survivre \u00e0 Grenoble : Se pr\u00e9parer aux flammes<\/a>.<\/p>\n<p>(Dauphin\u00e9 Lib\u00e9r\u00e9, 16\/12\/25)<\/p>\n<p>\u00a0<\/p>\n<p><img decoding=\"async\" alt=\"\" src=\"https:\/\/www.europesays.com\/fr\/wp-content\/uploads\/2026\/01\/jesuiscontreislamophobie.jpg\" style=\"height:150px; width:300px\"\/><\/p>\n<p>\u00a0<\/p>\n<p><strong>* * *<\/strong><\/p>\n<p><strong>AGRESSIONS ISLAMOPHOBES \u00c0 LA M TAG<\/strong><\/p>\n<p>Vous le sentez, ce climat facho de plus en plus naus\u00e9abond ?<\/p>\n<p>Mediapart vient de publier une enqu\u00eate marquante sur la multiplication des actes islamophobes au sein du r\u00e9seau de transports M Tag. Depuis 2022, des salari\u00e9s ciblent r\u00e9guli\u00e8rement leurs coll\u00e8gues musulman-e-s. Oreille de porc, bouts de saucisson ou bulletins RN dans les bo\u00eetes \u00e0 lettres internes de l&rsquo;entreprise, menaces de mort, insultes racistes, regards hostiles&#8230;<\/p>\n<p>Que se passe-t-il exactement au sein de la M Tag ? Comment r\u00e9agit la direction ? Nous vous recommandons l&rsquo;enqu\u00eate de Mediapart :\u00a0<a href=\"https:\/\/www.mediapart.fr\/journal\/france\/231225\/grenoble-des-conducteurs-de-bus-victimes-d-un-deluge-d-islamophobie-venant-de-leurs-collegues?utm_source=article_offert&amp;utm_medium=email&amp;utm_campaign=TRANSAC&amp;utm_content=&amp;utm_term=&amp;xtor=EPR-1013-%5Barticle-offert%5D&amp;M_BT=2059251459633\" target=\"_blank\" rel=\"noopener\">\u00c0 Grenoble, des conducteurs de bus victimes d\u2019un d\u00e9luge d\u2019islamophobie venant de leurs coll\u00e8gues<\/a><\/p>\n<p>\u00a0<\/p>\n<p><img decoding=\"async\" alt=\"\" src=\"https:\/\/www.europesays.com\/fr\/wp-content\/uploads\/2026\/01\/rosaparks.jpg\" style=\"height:196px; width:300px\"\/><\/p>\n<p style=\"text-align:center\">Devinette : \u00e0 votre avis, pourquoi ce bus est-il c\u00e9l\u00e8bre ?<\/p>\n<p>\u00a0<\/p>\n<p><strong>* * *<\/strong><\/p>\n<p><strong>LES STAGES D&rsquo;AUTOD\u00c9FENSE F\u00c9MINISTE<\/strong><\/p>\n<p>Dans une France qui compte d\u00e9sormais 10 \u00e0 12 millions d&rsquo;\u00e9lecteurs d&rsquo;extr\u00eame droite, 144 d\u00e9put\u00e9s et plus de 3 000 militants fachos organis\u00e9s, l&rsquo;autod\u00e9fense f\u00e9ministe est plus que recommand\u00e9e.<\/p>\n<p>De janvier \u00e0 juin 2026, l&rsquo;association\u00a0<a href=\"http:\/\/ici-grenoble.org\/infospratiques\/fiche.php?id=492\" target=\"_blank\" rel=\"noopener\">Ancrage<\/a> propose des stages d&rsquo;autod\u00e9fense \u00e0 Grenoble, pour toutes les femmes cis, mais aussi les femmes trans, les personnes non-binaires et intersexes \u00e0 partir de 17 ans. Ces stages durent deux jours et sont \u00e0 prix libre.<\/p>\n<p>Pour plus d&rsquo;infos et s&rsquo;inscrire, <a href=\"https:\/\/ancrage-prevention.fr\/\" target=\"_blank\" rel=\"noopener\">c&rsquo;est ici<\/a>.<\/p>\n<p>\u00a0<\/p>\n<p><img decoding=\"async\" alt=\"\" src=\"https:\/\/www.europesays.com\/fr\/wp-content\/uploads\/2025\/09\/autodef_4.jpg\" style=\"height:200px; width:300px\"\/><\/p>\n<p>\u00a0<\/p>\n<p><strong>* * *<\/strong><\/p>\n<p><strong>LE PR\u00caT SUR GAGE \u00c0 GRENOBLE<\/strong><\/p>\n<p>Le saviez-vous ? Chaque jour, entre 20 et 40 personnes apportent des objets au <a href=\"https:\/\/www.credit-municipal-lyon.fr\/implantation.php\" target=\"_blank\" rel=\"noopener\">Cr\u00e9dit municipal de Grenoble<\/a>. Bijoux, bouteilles de vin, instruments de musique, oeuvres d&rsquo;art&#8230; tout objet de valeur stockable peut \u00eatre propos\u00e9 en pr\u00eat sur gage.<\/p>\n<p>En \u00e9change, la banque verse une somme repr\u00e9sentant 50 \u00e0 70% de la valeur estim\u00e9e de l&rsquo;objet. Pour les bijoux en or, le versement est imm\u00e9diat, en cash jusqu&rsquo;\u00e0 3 000 euros. Les autres objets sont \u00e9valu\u00e9s une fois par semaine par un\u00a0commissaire-priseur. La dur\u00e9e du pr\u00eat est de six mois, renouvelable plusieurs ann\u00e9es en payant des int\u00e9r\u00eats.<\/p>\n<p>\u00c0 votre avis, quelle est\u00a0la valeur des objets d\u00e9pos\u00e9s \u00e0 Grenoble ? 1 000 euros en moyenne par d\u00e9p\u00f4t.<\/p>\n<p>Le <a href=\"https:\/\/www.credit-municipal-lyon.fr\/implantation.php\" target=\"_blank\" rel=\"noopener\">Cr\u00e9dit municipal de Grenoble<\/a> est bas\u00e9 au 3 rue de Narvik. Il re\u00e7oit sur\u00a0rendez-vous au 04 76 50 78 30.<\/p>\n<p>(Dauphin\u00e9 Lib\u00e9r\u00e9, 20\/12\/25)<\/p>\n<p>\u00a0<\/p>\n<p><img decoding=\"async\" alt=\"\" src=\"https:\/\/www.europesays.com\/fr\/wp-content\/uploads\/2026\/01\/pirates.jpeg\" style=\"height:175px; width:300px\"\/><\/p>\n<p>\u00a0<\/p>\n<p>\u00a0<strong>* * *<\/strong><\/p>\n<p><strong>\u00c0 QUAND LES R\u00c9QUISITIONS ?<\/strong><\/p>\n<p>Bient\u00f4t deux mois d&rsquo;occupation !\u00a0Depuis le 19 novembre, suite \u00e0 des vagues d\u2019expulsions dans le quartier de la Villeneuve par le bailleur social Actis, plus de 140 personnes dont de nombreux enfants occupent le si\u00e8ge de la M\u00e9tropole, le propri\u00e9taire d&rsquo;Actis.\u00a0Tous exigent la fin des expulsions et la r\u00e9quisition de logements vides.<\/p>\n<p>Pour l&rsquo;instant, seules 7 personnes ont \u00e9t\u00e9 relog\u00e9es dans des logements vacants au Pont-de-Claix. D&rsquo;autres communes promettent d&rsquo;agir courant janvier. Et Grenoble ? Les r\u00e9quisitions promises par \u00c9ric Piolle vont-elles enfin arriver ? Les logements vides ne manquent pas : le collectif <a href=\"https:\/\/www.ici-grenoble.org\/structure\/le-droit-au-logement-dal-isere\" target=\"_blank\" rel=\"noopener\">Droit Au Logement Is\u00e8re<\/a>\u00a0propose la r\u00e9quisition des <a href=\"https:\/\/www.ici-grenoble.org\/uploads\/medias\/2025\/12\/1211\/rabot-693a96bf06155237537527.pdf\" target=\"_blank\" rel=\"noopener\">521 chambres vides<\/a> de la r\u00e9sidence \u00e9tudiante du Rabot, en attente de vente par l&rsquo;\u00c9tat.<\/p>\n<p>Pour soutenir les occupant-e-s de la M\u00e9tro, assurer des repas chauds, mais aussi\u00a0imprimer des tracts et des affiches, l&rsquo;infatigable DAL Is\u00e8re lance une <a href=\"https:\/\/www.helloasso.com\/associations\/droit-au-logement38\/formulaires\/2\" target=\"_blank\" rel=\"noopener\">cagnotte de soutien<\/a>. N&rsquo;h\u00e9sitez pas aussi \u00e0 venir sur place pour soutenir les occupant-e-s par votre pr\u00e9sence !<\/p>\n<p>(Dauphin\u00e9 Lib\u00e9r\u00e9, 26\/12\/25)<\/p>\n<p>\u00a0<\/p>\n<p><img decoding=\"async\" alt=\"\" src=\"https:\/\/www.europesays.com\/fr\/wp-content\/uploads\/2026\/01\/travail.jpg\" style=\"height:365px; width:300px\"\/><\/p>\n<p style=\"text-align:center\">L&rsquo;une des affiches des occupant-e-s de la M\u00e9tro<\/p>\n<p>\u00a0<\/p>\n<p><strong>* * *<\/strong><\/p>\n<p><strong>RECORD DE FONTE DES GLACIERS<\/strong><\/p>\n<p>Il fait froid en ce d\u00e9but janvier, et pourtant&#8230; L&rsquo;observatoire <a href=\"https:\/\/glacioclim.osug.fr\/\" target=\"_blank\" rel=\"noopener\">Glacioclim<\/a>\u00a0annonce un nouveau record de fonte des glaciers alpins : une perte de 4 \u00e0 5% de volume en 2025. En seulement 25 ans, nos glaciers ont d\u00e9j\u00e0 r\u00e9tr\u00e9ci d&rsquo;environ 40%. Et le ph\u00e9nom\u00e8ne s&#8217;emballe. Avant 2040, les glaciers sous 3500 m\u00e8tres auront disparu.<\/p>\n<p>Face \u00e0 la rapidit\u00e9 stup\u00e9fiante de ces bouleversements, le pr\u00e9sident de l&rsquo;<a href=\"https:\/\/www.irma-grenoble.com\/\" target=\"_blank\" rel=\"noopener\">Institut des risques majeurs de Grenoble<\/a>\u00a0alerte sur la multiplication des risques d&rsquo;effondrement de pans de montagnes et l&rsquo;urgence de retravailler les plans de risque. Toutes les communes proches d&rsquo;un cours d&rsquo;eau ou en aval d&rsquo;un barrage naturel doivent notamment se pr\u00e9parer aux effets d&rsquo;une canicule ass\u00e9chante suivie de pluies diluviennes d\u00e9vastatrices.<\/p>\n<p>Et \u00e0 Grenoble, \u00e0 quoi faut-il s&rsquo;attendre ? La ville sera-t-elle encore vivable en 2050 ? Pour en savoir plus, nous vous recommandons notre dossier :\u00a0<a href=\"https:\/\/www.ici-grenoble.org\/question-answer\/si-rien-ne-change-quel-sera-le-climat-a-grenoble-dans-20-ans\" target=\"_blank\" rel=\"noopener\">Si rien ne change, quel sera le climat \u00e0 Grenoble dans 20 ans ?<\/a><\/p>\n<p>(Dauphin\u00e9 Lib\u00e9r\u00e9, 17\/12\/25)<\/p>\n<p>\u00a0<\/p>\n<p><img decoding=\"async\" alt=\"\" src=\"https:\/\/www.europesays.com\/fr\/wp-content\/uploads\/2026\/01\/grenoble-desert.jpeg\" style=\"height:191px; width:300px\"\/><\/p>\n<p>\u00a0<\/p>\n<p><strong>* * *\u00a0<\/strong><\/p>\n<p><strong>ARNAQUE XXL AU CLUB ALPIN FRAN\u00c7AIS<\/strong><\/p>\n<p>Avertissement pour tous les responsables d&rsquo;associations grenobloises : connaissez-vous la technique dite de la \u00ab\u00a0fraude au pr\u00e9sident\u00a0\u00bb ? Le Club Alpin Fran\u00e7ais vient d&rsquo;en subir les cons\u00e9quences. Un peu partout en France, des responsables financiers de la f\u00e9d\u00e9ration ont re\u00e7u des faux courriels du pr\u00e9sident du CAF, parfaitement cr\u00e9dibles. Le \u00ab\u00a0pr\u00e9sident\u00a0\u00bb demandait d&rsquo;effectuer des virements pour une \u00ab\u00a0op\u00e9ration sp\u00e9ciale\u00a0\u00bb contournant exceptionnellement les proc\u00e9dures habituelles de v\u00e9rification. Un faux avocat confirmait cette demande par t\u00e9l\u00e9phone, en mettant en avant ses liens de confiance avec le pr\u00e9sident.<\/p>\n<p>Bilan de l&rsquo;escroquerie : plus de 380 000 euros, d\u00e9sormais irr\u00e9cup\u00e9rables.<\/p>\n<p>Avec l&rsquo;Intelligence Artificielle, des techniques de fraude de plus en plus sournoises vont se multiplier. Le Far West num\u00e9rique ne fait que commencer. Soyons m\u00e9fiant-e-s d\u00e8s qu&rsquo;il s&rsquo;agit d&rsquo;argent.<\/p>\n<p>(Dauphin\u00e9 Lib\u00e9r\u00e9, 11\/12\/25)<\/p>\n<p>\u00a0<\/p>\n<p><strong>* * *<\/strong><\/p>\n<p><strong>Cette revue de presse vous a int\u00e9ress\u00e9 ? <\/strong><\/p>\n<p><strong>Nous vous recommandons la <a href=\"https:\/\/www.ici-grenoble.org\/article\/revue-de-presse-les-7-infos-de-decembre\" target=\"_blank\" rel=\"noopener\">revue de presse de d\u00e9cembre 2025<\/a> sur la justice restaurative en Is\u00e8re, le prix d&rsquo;une kalachnikov \u00e0 Grenoble, le SOS du Planning Familial et plein d&rsquo;autres infos.<\/strong><\/p>\n<p><strong>N&rsquo;h\u00e9sitez pas \u00e0 consulter aussi\u00a0la <a href=\"https:\/\/www.ici-grenoble.org\/article\/revue-de-presse-les-10-infos-de-novembre\" target=\"_blank\" rel=\"noopener\">revue de presse de novembre 2025<\/a> sur le\u00a0nuage de pesticides enveloppant Grenoble, la fraude dans les bus et les trams, la chasse aux loups et plein d&rsquo;autres infos.<\/strong><\/p>\n<p><strong>Enfin, vous trouverez dans\u00a0la\u00a0<a href=\"https:\/\/www.ici-grenoble.org\/article\/revue-de-presse-les-10-infos-de-septembre\" target=\"_blank\" rel=\"noopener\">revue de presse de septembre 2025<\/a> les balles perdues du narcotrafic dans l&rsquo;agglom\u00e9ration grenobloise, des ripoux \u00e0 l&rsquo;H\u00f4tel de police, ST Micro et l&rsquo;arm\u00e9e isra\u00e9lienne, le camp climat de Grenoble et plein d&rsquo;autres actualit\u00e9s.<\/strong><\/p>\n","protected":false},"excerpt":{"rendered":"Vous ne lisez pas le Dauphin\u00e9 Lib\u00e9r\u00e9, mais les infos marquantes vous int\u00e9ressent ? Le m\u00e9dia ici Grenoble&hellip;\n","protected":false},"author":2,"featured_media":645902,"comment_status":"","ping_status":"","sticky":false,"template":"","format":"standard","meta":{"footnotes":""},"categories":[9566],"tags":[1111,11,2430,1777,674,1011,27,2731,12,25],"class_list":{"0":"post-645901","1":"post","2":"type-post","3":"status-publish","4":"format-standard","5":"has-post-thumbnail","7":"category-grenoble","8":"tag-actu","9":"tag-actualites","10":"tag-auvergne-rhone-alpes","11":"tag-eu","12":"tag-europe","13":"tag-fr","14":"tag-france","15":"tag-grenoble","16":"tag-news","17":"tag-republique-francaise"},"share_on_mastodon":{"url":"","error":""},"_links":{"self":[{"href":"https:\/\/www.europesays.com\/fr\/wp-json\/wp\/v2\/posts\/645901","targetHints":{"allow":["GET"]}}],"collection":[{"href":"https:\/\/www.europesays.com\/fr\/wp-json\/wp\/v2\/posts"}],"about":[{"href":"https:\/\/www.europesays.com\/fr\/wp-json\/wp\/v2\/types\/post"}],"author":[{"embeddable":true,"href":"https:\/\/www.europesays.com\/fr\/wp-json\/wp\/v2\/users\/2"}],"replies":[{"embeddable":true,"href":"https:\/\/www.europesays.com\/fr\/wp-json\/wp\/v2\/comments?post=645901"}],"version-history":[{"count":0,"href":"https:\/\/www.europesays.com\/fr\/wp-json\/wp\/v2\/posts\/645901\/revisions"}],"wp:featuredmedia":[{"embeddable":true,"href":"https:\/\/www.europesays.com\/fr\/wp-json\/wp\/v2\/media\/645902"}],"wp:attachment":[{"href":"https:\/\/www.europesays.com\/fr\/wp-json\/wp\/v2\/media?parent=645901"}],"wp:term":[{"taxonomy":"category","embeddable":true,"href":"https:\/\/www.europesays.com\/fr\/wp-json\/wp\/v2\/categories?post=645901"},{"taxonomy":"post_tag","embeddable":true,"href":"https:\/\/www.europesays.com\/fr\/wp-json\/wp\/v2\/tags?post=645901"}],"curies":[{"name":"wp","href":"https:\/\/api.w.org\/{rel}","templated":true}]}}