{"id":645903,"date":"2026-01-07T00:08:10","date_gmt":"2026-01-07T00:08:10","guid":{"rendered":"https:\/\/www.europesays.com\/fr\/645903\/"},"modified":"2026-01-07T00:08:10","modified_gmt":"2026-01-07T00:08:10","slug":"hockey-sur-glace-coupe-de-france-grenoble-de-nouveau-en-finale-sports","status":"publish","type":"post","link":"https:\/\/www.europesays.com\/fr\/645903\/","title":{"rendered":"Hockey sur glace &#8211; Coupe de France : Grenoble de nouveau en finale : Sports"},"content":{"rendered":"<p class=\"date\">\n                                                            Aur\u00e9lie Sacchelli, Media365, publi\u00e9 le mardi 06 janvier 2026 \u00e0 23h41\n                                                    <\/p>\n<p>Pour la quatri\u00e8me ann\u00e9e d&rsquo;affil\u00e9e, les Br\u00fbleurs de Loups de Grenoble disputeront la finale de la Coupe de France, apr\u00e8s l&rsquo;avoir emport\u00e9 3-6 \u00e0 Caen ce mardi. Ils seront oppos\u00e9s \u00e0 Rouen ou Chamonix-Mont-Blanc.<\/p>\n<p>Elle est, avec Rouen, l&rsquo;\u00e9quipe \u00e0 avoir remport\u00e9 le plus de Coupes de France de hockey sur glace, avec six troph\u00e9es au palmar\u00e8s, gagn\u00e9s entre 1994 et 2024. Et les Br\u00fbleurs de Loups auront l&rsquo;occasion de prendre seuls la t\u00eate du palmar\u00e8s, puisqu&rsquo;ils se sont qualifi\u00e9s ce mardi pour leur dixi\u00e8me finale, la quatri\u00e8me d&rsquo;affil\u00e9e.<strong> Battus l&rsquo;an pass\u00e9 par Angers \u00e0 l&rsquo;Accor Arena, ils retrouveront la mythique salle parisienne le 1er f\u00e9vrier prochain<\/strong>, gr\u00e2ce \u00e0 leur victoire 3-6 dans la patinoire de Caen. Ce match opposait le leader de Division 1 au troisi\u00e8me de Ligue Magnus, et Grenoble l&rsquo;a logiquement emport\u00e9.<\/p>\n<p>Grenoble a men\u00e9 5-0<\/p>\n<p>Le premier but is\u00e9rois est intervenu d\u00e8s la 6e minute, gr\u00e2ce \u00e0 l&rsquo;Am\u00e9ricain Andrius Kulbis-Marino. Sept minutes plus tard, le Canadien Fran\u00e7ois Beauchemin, en sup\u00e9riorit\u00e9 num\u00e9rique, a fait le break et le score \u00e9tait de 0-2 \u00e0 la fin du premier tiers. <strong>Dans le deuxi\u00e8me, les Drakkars ont v\u00e9cu un calvaire, en encaissant trois buts, par le Canadien Christophe Boivin en sup\u00e9riorit\u00e9 num\u00e9rique (25e), de nouveau Beauchemin (29e) et par le Fran\u00e7ais Adel Koudri (32e).<\/strong> La messe \u00e9tait dite pour les Normands, qui ont toutefois bien r\u00e9agi en marquant deux buts coup sur coup gr\u00e2ce au Canadien Marc-Antoine P\u00e9pin en sup\u00e9riorit\u00e9 num\u00e9rique (35e) et \u00e0 son compatriote Samy Pare (37e).<\/p>\n<p>Une finale de r\u00eave contre Rouen ?<\/p>\n<p>Le troisi\u00e8me tiers a vu chaque \u00e9quipe marquer un but : d&rsquo;abord le Finlandais Juho Rautanen en sup\u00e9riorit\u00e9 num\u00e9rique pour Grenoble pour porter le score \u00e0 2-6 \u00e0 la 58e, et ensuite le Russe Yevgeni Nikiforov pour conclure, \u00e0 1&rsquo;25 de la fin. La belle aventure de Caen, tombeur notamment d&rsquo;Amiens en huiti\u00e8mes de finale, s&rsquo;arr\u00eate l\u00e0.<strong> En finale, Grenoble pourrait retrouver son grand rival Rouen, qui recevra mercredi Chamonix-Mont-Blanc dans un match a priori d\u00e9s\u00e9quilibr\u00e9 entre le leader et le 10e de Ligue Magnus.<\/strong> Ce serait alors la premi\u00e8re finale depuis 2017 entre les deux \u00e9quipes les plus titr\u00e9es de la Coupe de France.<\/p>\n","protected":false},"excerpt":{"rendered":"Aur\u00e9lie Sacchelli, Media365, publi\u00e9 le mardi 06 janvier 2026 \u00e0 23h41 Pour la quatri\u00e8me ann\u00e9e d&rsquo;affil\u00e9e, les Br\u00fbleurs&hellip;\n","protected":false},"author":2,"featured_media":645904,"comment_status":"","ping_status":"","sticky":false,"template":"","format":"standard","meta":{"footnotes":""},"categories":[9566],"tags":[1111,11,2430,1777,674,1011,27,2731,12,25],"class_list":{"0":"post-645903","1":"post","2":"type-post","3":"status-publish","4":"format-standard","5":"has-post-thumbnail","7":"category-grenoble","8":"tag-actu","9":"tag-actualites","10":"tag-auvergne-rhone-alpes","11":"tag-eu","12":"tag-europe","13":"tag-fr","14":"tag-france","15":"tag-grenoble","16":"tag-news","17":"tag-republique-francaise"},"share_on_mastodon":{"url":"https:\/\/pubeurope.com\/@fr\/115850910304350865","error":""},"_links":{"self":[{"href":"https:\/\/www.europesays.com\/fr\/wp-json\/wp\/v2\/posts\/645903","targetHints":{"allow":["GET"]}}],"collection":[{"href":"https:\/\/www.europesays.com\/fr\/wp-json\/wp\/v2\/posts"}],"about":[{"href":"https:\/\/www.europesays.com\/fr\/wp-json\/wp\/v2\/types\/post"}],"author":[{"embeddable":true,"href":"https:\/\/www.europesays.com\/fr\/wp-json\/wp\/v2\/users\/2"}],"replies":[{"embeddable":true,"href":"https:\/\/www.europesays.com\/fr\/wp-json\/wp\/v2\/comments?post=645903"}],"version-history":[{"count":0,"href":"https:\/\/www.europesays.com\/fr\/wp-json\/wp\/v2\/posts\/645903\/revisions"}],"wp:featuredmedia":[{"embeddable":true,"href":"https:\/\/www.europesays.com\/fr\/wp-json\/wp\/v2\/media\/645904"}],"wp:attachment":[{"href":"https:\/\/www.europesays.com\/fr\/wp-json\/wp\/v2\/media?parent=645903"}],"wp:term":[{"taxonomy":"category","embeddable":true,"href":"https:\/\/www.europesays.com\/fr\/wp-json\/wp\/v2\/categories?post=645903"},{"taxonomy":"post_tag","embeddable":true,"href":"https:\/\/www.europesays.com\/fr\/wp-json\/wp\/v2\/tags?post=645903"}],"curies":[{"name":"wp","href":"https:\/\/api.w.org\/{rel}","templated":true}]}}