{"id":645905,"date":"2026-01-07T00:09:32","date_gmt":"2026-01-07T00:09:32","guid":{"rendered":"https:\/\/www.europesays.com\/fr\/645905\/"},"modified":"2026-01-07T00:09:32","modified_gmt":"2026-01-07T00:09:32","slug":"dans-la-foret-cetait-le-carnage-coince-par-la-neige-cet-automobiliste-secouru-par-des-agriculteurs-en-ille-et-vilaine","status":"publish","type":"post","link":"https:\/\/www.europesays.com\/fr\/645905\/","title":{"rendered":"\u00ab\u00a0Dans la for\u00eat, c\u2019\u00e9tait le carnage\u00a0\u00bb\u00a0: coinc\u00e9 par la neige, cet automobiliste secouru par des agriculteurs en Ille-et-Vilaine"},"content":{"rendered":"<p>Quand il a quitt\u00e9 son domicile de Bourg-des-Comptes, au sud de Rennes, ce lundi 5 janvier 2026 \u00e0 6 h 30, Olivier Guesdon n\u2019imaginait pas qu\u2019il ne serait de retour chez lui qu\u2019\u00e0 23 h 30. Pourtant, comme beaucoup d\u2019habitants du sud de l\u2019Ille-et-Vilaine, le couvreur de profession a \u00e9t\u00e9 pi\u00e9g\u00e9 par les conditions chaotiques de circulation provoqu\u00e9es par l\u2019\u00e9pisode intense de neige qui a d\u00e9ferl\u00e9 sur la Bretagne.<\/p>\n<p>Parti de Montgermont, si\u00e8ge de son entreprise, au nord de Rennes, sur les coups de 16 h, il lui a fallu sept heures pour rallier son domicile, \u00e0 35 kilom\u00e8tres de l\u00e0. Autant qu\u2019\u00e0 pieds, si l\u2019on se fie aux estimations de Google Maps. \u00c0 bord de son utilitaire de 3,5 tonnes, Olivier Guesdon a d\u2019abord d\u00e9pos\u00e9 son fils, avec qui il travaille, \u00e0 Pont-P\u00e9an. Qu\u2019il n\u2019a atteint qu\u2019\u00e0 20 h 30. Au menu : neige et routes bouch\u00e9es. Pourtant, il ne s\u2019agit l\u00e0 que du premier \u00e9pisode de la gal\u00e8re.<\/p>\n<p>\u00ab Dans la for\u00eat, c\u2019\u00e9tait le carnage, il y avait des voitures partout \u00bb<\/p>\n<p>Le deuxi\u00e8me commence dans la foul\u00e9e. Pour rentrer chez lui, il tente d\u2019abord de prendre la voie express, direction Nantes. \u00ab Elle \u00e9tait compl\u00e8tement bouch\u00e9e, alors j\u2019ai pris une route de campagne que je connais, celle qui va de Laill\u00e9 \u00e0 Bourg-des-Comptes. \u00bb Probl\u00e8me, la route est sinueuse, ombrag\u00e9e et, surtout, vallonn\u00e9e. Un mauvais m\u00e9lange les jours de neige et de verglas. \u00ab Dans la for\u00eat, c\u2019\u00e9tait le carnage, il y avait des voitures partout, raconte Olivier Guesdon. Puis, on s\u2019est retrouv\u00e9 bloqu\u00e9 dans une c\u00f4te avec 30 autres automobilistes. Un camion charg\u00e9 comme le mien, \u00e0 la premi\u00e8re c\u00f4te, c\u2019est fini \u00bb.<\/p>\n<p>\u00ab Ne vous inqui\u00e9tez pas, on ne vous laissera pas l\u00e0 \u00bb<\/p>\n<p>Une saleuse tente alors de d\u00e9gager la route. Peine perdue, elle aussi se trouve bloqu\u00e9e. \u00ab J\u2019ai failli laisser mon camion sur place, mais il y a beaucoup de mat\u00e9riel dedans, j\u2019avais peur des vols \u00bb. Leurs sauveurs ont d\u00e9barqu\u00e9 \u00e0 22 h 30. Lundi soir, les h\u00e9ros ne sont pas venus en \u00ab Batmobile \u00bb, mais avec des tracteurs. Et quatre roues motrices beaucoup plus agiles sur routes glissantes. \u00ab Trois agriculteurs sont arriv\u00e9s avec leurs tracteurs et nous ont dit : \u00ab Ne vous inqui\u00e9tez pas, on ne vous laissera pas l\u00e0, on va remonter tout le monde \u00bb \u00bb. Pendant pr\u00e8s d\u2019une heure, les trois tracteurs font des allers-retours dans la c\u00f4te. \u00c0 l\u2019aide de cordes, ils remontent les automobilistes les uns apr\u00e8s les autres. \u00c0 la cha\u00eene. \u00ab La saleuse a aussi \u00e9t\u00e9 remorqu\u00e9e, <a href=\"https:\/\/www.letelegramme.fr\/bretagne\/les-savoyards-doivent-bien-se-moquer-de-nous-en-bretagne-cette-commune-paralysee-par-la-neige-et-le-verglas-6957741.php\" target=\"_blank\" rel=\"noopener\">rapportait la maire de Laill\u00e9, Fran\u00e7oise Louapre<\/a>, ce mardi matin. Heureusement qu\u2019ils \u00e9taient l\u00e0. \u00bb<\/p>\n<p>\u00ab Je vais essayer de les retrouver pour les remercier \u00bb<\/p>\n<p>Une fois en haut de la c\u00f4te, Olivier Guesdon a pu rejoindre son domicile. Il est alors 23 h 30. \u00ab Sans les agriculteurs, je serais rentr\u00e9 \u00e0 pied, en pleine nuit, dans la for\u00eat avec les renards, rigole le Bourgcomptois. Je n\u2019ai m\u00eame pas su qui ils \u00e9taient, je vais essayer de les retrouver pour les remercier. \u00bb En attendant, ce mardi matin, Olivier Guesdon a laiss\u00e9 son camion au chaud dans son garage. \u00ab Je ne me ferai plus avoir. La prochaine fois qu\u2019il neige, je reste \u00e0 la maison. \u00bb<\/p>\n","protected":false},"excerpt":{"rendered":"Quand il a quitt\u00e9 son domicile de Bourg-des-Comptes, au sud de Rennes, ce lundi 5 janvier 2026 \u00e0&hellip;\n","protected":false},"author":2,"featured_media":645906,"comment_status":"","ping_status":"","sticky":false,"template":"","format":"standard","meta":{"footnotes":""},"categories":[2821],"tags":[1111,11,829,765,1777,674,1011,27,848,10584,74927,12,584,25],"class_list":{"0":"post-645905","1":"post","2":"type-post","3":"status-publish","4":"format-standard","5":"has-post-thumbnail","7":"category-rennes","8":"tag-actu","9":"tag-actualites","10":"tag-bretagne","11":"tag-en-continu","12":"tag-eu","13":"tag-europe","14":"tag-fr","15":"tag-france","16":"tag-ille-et-vilaine","17":"tag-neige","18":"tag-neige-en-bretagne","19":"tag-news","20":"tag-rennes","21":"tag-republique-francaise"},"share_on_mastodon":{"url":"https:\/\/pubeurope.com\/@fr\/115850914458081779","error":""},"_links":{"self":[{"href":"https:\/\/www.europesays.com\/fr\/wp-json\/wp\/v2\/posts\/645905","targetHints":{"allow":["GET"]}}],"collection":[{"href":"https:\/\/www.europesays.com\/fr\/wp-json\/wp\/v2\/posts"}],"about":[{"href":"https:\/\/www.europesays.com\/fr\/wp-json\/wp\/v2\/types\/post"}],"author":[{"embeddable":true,"href":"https:\/\/www.europesays.com\/fr\/wp-json\/wp\/v2\/users\/2"}],"replies":[{"embeddable":true,"href":"https:\/\/www.europesays.com\/fr\/wp-json\/wp\/v2\/comments?post=645905"}],"version-history":[{"count":0,"href":"https:\/\/www.europesays.com\/fr\/wp-json\/wp\/v2\/posts\/645905\/revisions"}],"wp:featuredmedia":[{"embeddable":true,"href":"https:\/\/www.europesays.com\/fr\/wp-json\/wp\/v2\/media\/645906"}],"wp:attachment":[{"href":"https:\/\/www.europesays.com\/fr\/wp-json\/wp\/v2\/media?parent=645905"}],"wp:term":[{"taxonomy":"category","embeddable":true,"href":"https:\/\/www.europesays.com\/fr\/wp-json\/wp\/v2\/categories?post=645905"},{"taxonomy":"post_tag","embeddable":true,"href":"https:\/\/www.europesays.com\/fr\/wp-json\/wp\/v2\/tags?post=645905"}],"curies":[{"name":"wp","href":"https:\/\/api.w.org\/{rel}","templated":true}]}}