{"id":645909,"date":"2026-01-07T00:11:31","date_gmt":"2026-01-07T00:11:31","guid":{"rendered":"https:\/\/www.europesays.com\/fr\/645909\/"},"modified":"2026-01-07T00:11:31","modified_gmt":"2026-01-07T00:11:31","slug":"video-on-a-assiste-au-demenagement-xxl-de-la-librairie-kleber-a-strasbourg-decouvrez-nos-images","status":"publish","type":"post","link":"https:\/\/www.europesays.com\/fr\/645909\/","title":{"rendered":"Vid\u00e9o. On a assist\u00e9 au d\u00e9m\u00e9nagement XXL de la librairie Kl\u00e9ber \u00e0 Strasbourg : d\u00e9couvrez nos images"},"content":{"rendered":"<p>                    Par<br \/>\n        <strong><br \/>\n            <a href=\"https:\/\/actu.fr\/auteur\/ivan-capecchi\" title=\"Consulter tous les articles de Ivan CAPECCHI\" target=\"_blank\" rel=\"noopener\">Ivan CAPECCHI<\/a><br \/>\n                    <\/strong><\/p>\n<p>        Publi\u00e9 le<\/p>\n<p>            6 janv. 2026 \u00e0 16h24        <\/p>\n<p>Apr\u00e8s avoir r\u00e9alis\u00e9 un inventaire lundi, les \u00e9quipes de la <strong>librairie Kl\u00e9ber<\/strong>, <a href=\"https:\/\/actu.fr\/grand-est\/strasbourg_67482\/l-une-des-plus-grandes-librairies-de-france-va-demenager-a-strasbourg-voici-les-coulisses-d-un-defi-xxl_63403639.html\" target=\"_blank\" rel=\"noopener\">l\u2019une des plus grandes de France<\/a>, ont d\u00e9marr\u00e9 le <strong>d\u00e9m\u00e9nagement <\/strong>ce mardi, direction les anciens locaux du <a href=\"https:\/\/actu.fr\/grand-est\/strasbourg_67482\/un-commerce-bien-connu-des-strasbourgeois-va-ouvrir-dans-l-ancienne-cellule-du-magasin-boulanger_63403360.html\" target=\"_blank\" rel=\"noopener\">magasin Boulanger<\/a> quelques centaines de m\u00e8tre plus loin, o\u00f9 elle rouvrira en version \u00e9ph\u00e9m\u00e8re \u00e0 compter du 15 janvier prochain. Un <a href=\"https:\/\/actu.fr\/grand-est\/strasbourg_67482\/strasbourg-la-librairie-kleber-demenage-cette-semaine-ce-qu-il-faut-savoir_63641171.html\" target=\"_blank\" rel=\"noopener\">d\u00e9m\u00e9nagement<\/a> XXL, programm\u00e9 sur plusieurs jours, qui <strong>avance plus vite que pr\u00e9vu<\/strong>, d\u2019apr\u00e8s Mathilde Guiraud, la directrice : \u00ab\u00a0On a beaucoup pr\u00e9par\u00e9 ce d\u00e9m\u00e9nagement.<strong> Tout le monde est pr\u00eat et sait ce qu\u2019il a \u00e0 faire<\/strong>, donc \u00e7a va tr\u00e8s vite. La librairie historique est quasiment vide d\u00e9j\u00e0. Je pense qu\u2019elle le sera enti\u00e8rement d\u00e8s demain soir [mercredi]\u00a0\u00bb. De l\u00e0 \u00e0 envisager une ouverture pr\u00e9coce de la librairie \u00e9ph\u00e9m\u00e8re ? Non, \u00ab\u00a0car l<strong>e d\u00e9ballage prendra beaucoup de temps<\/strong>, il y a 100 000 r\u00e9f\u00e9rences diff\u00e9rentes \u00e0 classer par ordre alphab\u00e9tique, rayon, secteur, sous-cat\u00e9gorie, etc.\u00a0\u00bb, rappelle Mme Guiraud. Sans compter la pose de la signal\u00e9tique, pour permettre aux clients de se rep\u00e9rer dans ce nouvel \u00e9crin. Rendez-vous donc comme convenu le <strong>15 janvier prochain<\/strong> pour arpenter les rayons de la librairie \u00e9ph\u00e9m\u00e8re.<\/p>\n<p class=\" wall-content\">Personnalisez votre actualit\u00e9 en ajoutant vos villes et m\u00e9dias en favori avec <a href=\"https:\/\/moncompte.actu.fr\" title=\"D\u00e9couvez Mon Actu\" rel=\"nofollow noopener\" data-trk=\"{&quot;cta&quot;:{&quot;action&quot;:&quot;https:\\\/\\\/moncompte.actu.fr&quot;,&quot;category&quot;:&quot;mon compte&quot;,&quot;from&quot;:&quot;article footer&quot;,&quot;name&quot;:&quot;Mon actu&quot;,&quot;type&quot;:&quot;cta&quot;}}\" target=\"_blank\">Mon Actu<\/a>.<\/p>\n","protected":false},"excerpt":{"rendered":"Par Ivan CAPECCHI Publi\u00e9 le 6 janv. 2026 \u00e0 16h24 Apr\u00e8s avoir r\u00e9alis\u00e9 un inventaire lundi, les \u00e9quipes&hellip;\n","protected":false},"author":2,"featured_media":645910,"comment_status":"","ping_status":"","sticky":false,"template":"","format":"standard","meta":{"footnotes":""},"categories":[2820],"tags":[1111,11,1777,674,1011,27,775,1380,12,25,104,640],"class_list":{"0":"post-645909","1":"post","2":"type-post","3":"status-publish","4":"format-standard","5":"has-post-thumbnail","7":"category-strasbourg","8":"tag-actu","9":"tag-actualites","10":"tag-eu","11":"tag-europe","12":"tag-fr","13":"tag-france","14":"tag-grand-est","15":"tag-livres","16":"tag-news","17":"tag-republique-francaise","18":"tag-societe","19":"tag-strasbourg"},"share_on_mastodon":{"url":"https:\/\/pubeurope.com\/@fr\/115850922185552646","error":""},"_links":{"self":[{"href":"https:\/\/www.europesays.com\/fr\/wp-json\/wp\/v2\/posts\/645909","targetHints":{"allow":["GET"]}}],"collection":[{"href":"https:\/\/www.europesays.com\/fr\/wp-json\/wp\/v2\/posts"}],"about":[{"href":"https:\/\/www.europesays.com\/fr\/wp-json\/wp\/v2\/types\/post"}],"author":[{"embeddable":true,"href":"https:\/\/www.europesays.com\/fr\/wp-json\/wp\/v2\/users\/2"}],"replies":[{"embeddable":true,"href":"https:\/\/www.europesays.com\/fr\/wp-json\/wp\/v2\/comments?post=645909"}],"version-history":[{"count":0,"href":"https:\/\/www.europesays.com\/fr\/wp-json\/wp\/v2\/posts\/645909\/revisions"}],"wp:featuredmedia":[{"embeddable":true,"href":"https:\/\/www.europesays.com\/fr\/wp-json\/wp\/v2\/media\/645910"}],"wp:attachment":[{"href":"https:\/\/www.europesays.com\/fr\/wp-json\/wp\/v2\/media?parent=645909"}],"wp:term":[{"taxonomy":"category","embeddable":true,"href":"https:\/\/www.europesays.com\/fr\/wp-json\/wp\/v2\/categories?post=645909"},{"taxonomy":"post_tag","embeddable":true,"href":"https:\/\/www.europesays.com\/fr\/wp-json\/wp\/v2\/tags?post=645909"}],"curies":[{"name":"wp","href":"https:\/\/api.w.org\/{rel}","templated":true}]}}