{"id":645911,"date":"2026-01-07T00:12:20","date_gmt":"2026-01-07T00:12:20","guid":{"rendered":"https:\/\/www.europesays.com\/fr\/645911\/"},"modified":"2026-01-07T00:12:20","modified_gmt":"2026-01-07T00:12:20","slug":"ligue1-langlais-gary-oneil-succedera-t-il-a-liam-rosenior-sur-le-banc-du-racing-club-de-strasbourg","status":"publish","type":"post","link":"https:\/\/www.europesays.com\/fr\/645911\/","title":{"rendered":"Ligue1. L&rsquo;Anglais Gary O\u2019Neil\u00a0succ\u00e8dera-t-il \u00e0 Liam Rosenior sur le banc\u00a0du Racing Club de Strasbourg\u00a0?"},"content":{"rendered":"<p>Annonc\u00e9 ce mardi en approche pour succ\u00e9der \u00e0 Liam Rosenior sur le banc du Racing <a href=\"https:\/\/www.lequipe.fr\/Football\/Actualites\/Gary-o-neil-devrait-bien-prendre-la-suite-de-liam-rosenior-sur-le-banc-de-strasbourg\/1631602\" target=\"_blank\" rel=\"noopener\">par nos confr\u00e8res de L\u2019\u00c9quipe<\/a>,\u00a0l\u2019Anglais Gary O\u2019Neil (42 ans) n\u2019\u00e9tait pas encore arriv\u00e9 \u00e0 Strasbourg en d\u00e9but de soir\u00e9e selon l\u2019entourage du club, qui aimerait boucler le dossier avant le match de Coupe samedi \u00e0 Avranches.<\/p>\n<p>Sans club depuis le 15\u00a0d\u00e9cembre\u00a02024, le Londonien a dirig\u00e9 88 matches de Premier League entre sa premi\u00e8re exp\u00e9rience sur le banc de Bournemouth (34 matches entre novembre\u00a02022 et juin\u00a02023) et une seconde sur celui de Wolverhampton (54 matches entre ao\u00fbt\u00a02023 et d\u00e9cembre\u00a02024).<\/p>\n<p>L\u2019ancien milieu de terrain (214 rencontres en Premier League, 191 en Championship) a d\u00e9but\u00e9 sa carri\u00e8re d\u2019entra\u00eeneur par une exp\u00e9rience d\u2019adjoint chez les U23 de Liverpool en ao\u00fbt\u00a02020.<\/p>\n","protected":false},"excerpt":{"rendered":"Annonc\u00e9 ce mardi en approche pour succ\u00e9der \u00e0 Liam Rosenior sur le banc du Racing par nos confr\u00e8res&hellip;\n","protected":false},"author":2,"featured_media":645912,"comment_status":"","ping_status":"","sticky":false,"template":"","format":"standard","meta":{"footnotes":""},"categories":[2820],"tags":[328,1111,11,2880,1777,674,107,63,1011,27,775,12,41281,25,517,640,2879],"class_list":{"0":"post-645911","1":"post","2":"type-post","3":"status-publish","4":"format-standard","5":"has-post-thumbnail","7":"category-strasbourg","8":"tag-a-la-une","9":"tag-actu","10":"tag-actualites","11":"tag-edition-strasbourg","12":"tag-eu","13":"tag-europe","14":"tag-fil-info","15":"tag-football","16":"tag-fr","17":"tag-france","18":"tag-grand-est","19":"tag-news","20":"tag-racing-club-strasbourg-masculin","21":"tag-republique-francaise","22":"tag-sport","23":"tag-strasbourg","24":"tag-strasbourg-ville"},"share_on_mastodon":{"url":"https:\/\/pubeurope.com\/@fr\/115850926281958433","error":""},"_links":{"self":[{"href":"https:\/\/www.europesays.com\/fr\/wp-json\/wp\/v2\/posts\/645911","targetHints":{"allow":["GET"]}}],"collection":[{"href":"https:\/\/www.europesays.com\/fr\/wp-json\/wp\/v2\/posts"}],"about":[{"href":"https:\/\/www.europesays.com\/fr\/wp-json\/wp\/v2\/types\/post"}],"author":[{"embeddable":true,"href":"https:\/\/www.europesays.com\/fr\/wp-json\/wp\/v2\/users\/2"}],"replies":[{"embeddable":true,"href":"https:\/\/www.europesays.com\/fr\/wp-json\/wp\/v2\/comments?post=645911"}],"version-history":[{"count":0,"href":"https:\/\/www.europesays.com\/fr\/wp-json\/wp\/v2\/posts\/645911\/revisions"}],"wp:featuredmedia":[{"embeddable":true,"href":"https:\/\/www.europesays.com\/fr\/wp-json\/wp\/v2\/media\/645912"}],"wp:attachment":[{"href":"https:\/\/www.europesays.com\/fr\/wp-json\/wp\/v2\/media?parent=645911"}],"wp:term":[{"taxonomy":"category","embeddable":true,"href":"https:\/\/www.europesays.com\/fr\/wp-json\/wp\/v2\/categories?post=645911"},{"taxonomy":"post_tag","embeddable":true,"href":"https:\/\/www.europesays.com\/fr\/wp-json\/wp\/v2\/tags?post=645911"}],"curies":[{"name":"wp","href":"https:\/\/api.w.org\/{rel}","templated":true}]}}