{"id":645928,"date":"2026-01-07T00:22:15","date_gmt":"2026-01-07T00:22:15","guid":{"rendered":"https:\/\/www.europesays.com\/fr\/645928\/"},"modified":"2026-01-07T00:22:15","modified_gmt":"2026-01-07T00:22:15","slug":"ol-endrick-face-a-mbappe-mais-pas-mal-dabsents-le-point-sur-les-effectifs","status":"publish","type":"post","link":"https:\/\/www.europesays.com\/fr\/645928\/","title":{"rendered":"OL : Endrick face \u00e0 Mbapp\u00e9, mais pas mal d&rsquo;absents, le point sur les effectifs"},"content":{"rendered":"<p>Le tirage au sort avait d\u00e9j\u00e0 fait saliver les amateurs de football, mais l&rsquo;affiche de ce 16e de finale de Coupe de France entre le LOSC et l&rsquo;Olympique Lyonnais a pris une dimension suppl\u00e9mentaire ces derniers jours. Ce dimanche \u00e0 21h, le stade Pierre-Mauroy s&rsquo;appr\u00eate \u00e0 vibrer pour un duel qui va attirer les regards de nombreux amateurs de football.<\/p>\n<p>Entre des Lillois en qu\u00eate de rachat apr\u00e8s leur revers face \u00e0 Rennes et des Lyonnais ambitieux, l&rsquo;\u00e9lectricit\u00e9 est palpable. Le d\u00e9cor est plant\u00e9, mais les effectifs, eux, sont en lambeaux. C\u00f4t\u00e9 lillois, Bruno Genesio doit jongler avec les absences li\u00e9es \u00e0 la Coupe d&rsquo;Afrique des Nations (Mandi, Mukau, Mbemba) et la suspension d&rsquo;Aleksandro. Heureusement, une lueur d&rsquo;espoir existe avec le retour attendu d&rsquo;Ethan Mbapp\u00e9, remis de son p\u00e9pin physique.<\/p>\n<p>\u00c0 lire aussiLes deux \u00e9quipes comptent les absents<\/p>\n<p>C&rsquo;est ici que l&rsquo;histoire s&#8217;emballe. Car si le petit fr\u00e8re de Kylian Mbapp\u00e9 retrouve le chemin du rectangle vert, il pourrait croiser la route d&rsquo;un ph\u00e9nom\u00e8ne mondial tout juste d\u00e9barqu\u00e9 en France. Fra\u00eechement pr\u00e9sent\u00e9 \u00e0 la presse ce lundi, le prodige br\u00e9silien Endrick est attendu pour faire ses grands d\u00e9buts officiels sous les couleurs lyonnaises.<\/p>\n<p>Un bapt\u00eame du feu royal pour l&rsquo;attraction de ce mercato, qui devra faire oublier les absences de Niakhat\u00e9 (CAN), Fofana et Nuamah (bless\u00e9s). Kylian Mbapp\u00e9 sera donc certainement devant sa t\u00e9l\u00e9vision ce dimanche pour suivre la rencontre entre son petit fr\u00e8re Ethan et son co\u00e9quipier \u00e0 la Maison Blanche Endrick.<\/p>\n<p>   Partagez cette info avec vos amis et vos proches en cliquant ici<br \/> Pour r\u00e9sumer<\/p>\n<p>LOSC vs OL en 16e de Coupe de France : un choc \u00e9lectrique ce dimanche \u00e0 21h. Lille, priv\u00e9 de joueurs (CAN, suspension), compte sur le retour d\u2019Ethan Mbapp\u00e9. Lyon aligne Endrick, star br\u00e9silienne, pour ses d\u00e9buts. Un duel \u00e0 suivre de pr\u00e8s !<\/p>\n<p>R\u00e9dacteur<\/p>\n<p><img decoding=\"async\" width=\"76\" height=\"76\" loading=\"lazy\" src=\"https:\/\/www.europesays.com\/fr\/wp-content\/uploads\/2025\/04\/logo-antoine-chirat.jpg\" alt=\"Antoine Chirat\"\/><\/p>\n","protected":false},"excerpt":{"rendered":"Le tirage au sort avait d\u00e9j\u00e0 fait saliver les amateurs de football, mais l&rsquo;affiche de ce 16e de&hellip;\n","protected":false},"author":2,"featured_media":645929,"comment_status":"","ping_status":"","sticky":false,"template":"","format":"standard","meta":{"footnotes":""},"categories":[2815],"tags":[1111,11,1777,674,1011,27,811,66,1307,12,241,25],"class_list":{"0":"post-645928","1":"post","2":"type-post","3":"status-publish","4":"format-standard","5":"has-post-thumbnail","7":"category-lille","8":"tag-actu","9":"tag-actualites","10":"tag-eu","11":"tag-europe","12":"tag-fr","13":"tag-france","14":"tag-hauts-de-france","15":"tag-ligue-1","16":"tag-lille","17":"tag-news","18":"tag-ol","19":"tag-republique-francaise"},"share_on_mastodon":{"url":"https:\/\/pubeurope.com\/@fr\/115850965465762693","error":""},"_links":{"self":[{"href":"https:\/\/www.europesays.com\/fr\/wp-json\/wp\/v2\/posts\/645928","targetHints":{"allow":["GET"]}}],"collection":[{"href":"https:\/\/www.europesays.com\/fr\/wp-json\/wp\/v2\/posts"}],"about":[{"href":"https:\/\/www.europesays.com\/fr\/wp-json\/wp\/v2\/types\/post"}],"author":[{"embeddable":true,"href":"https:\/\/www.europesays.com\/fr\/wp-json\/wp\/v2\/users\/2"}],"replies":[{"embeddable":true,"href":"https:\/\/www.europesays.com\/fr\/wp-json\/wp\/v2\/comments?post=645928"}],"version-history":[{"count":0,"href":"https:\/\/www.europesays.com\/fr\/wp-json\/wp\/v2\/posts\/645928\/revisions"}],"wp:featuredmedia":[{"embeddable":true,"href":"https:\/\/www.europesays.com\/fr\/wp-json\/wp\/v2\/media\/645929"}],"wp:attachment":[{"href":"https:\/\/www.europesays.com\/fr\/wp-json\/wp\/v2\/media?parent=645928"}],"wp:term":[{"taxonomy":"category","embeddable":true,"href":"https:\/\/www.europesays.com\/fr\/wp-json\/wp\/v2\/categories?post=645928"},{"taxonomy":"post_tag","embeddable":true,"href":"https:\/\/www.europesays.com\/fr\/wp-json\/wp\/v2\/tags?post=645928"}],"curies":[{"name":"wp","href":"https:\/\/api.w.org\/{rel}","templated":true}]}}