{"id":64593,"date":"2025-04-30T14:42:09","date_gmt":"2025-04-30T14:42:09","guid":{"rendered":"https:\/\/www.europesays.com\/fr\/64593\/"},"modified":"2025-04-30T14:42:09","modified_gmt":"2025-04-30T14:42:09","slug":"marguerite-star-academy-pourquoi-elle-a-les-sourcils-comme-ca-cest-moche-faut-arreter-cest-bon-epile-toi-tu-es-belle-merci-de-guerir-mes-complexes-les-internautes-critiquent-son","status":"publish","type":"post","link":"https:\/\/www.europesays.com\/fr\/64593\/","title":{"rendered":"Marguerite (Star Academy) &#8211; \u00ab\u00a0Pourquoi elle a les sourcils comme \u00e7a\u00a0\u00bb, \u00ab\u00a0C&rsquo;est moche, faut arr\u00eater\u00a0\u00bb, \u00ab\u00a0C&rsquo;est bon \u00e9pile-toi\u00a0\u00bb, \u00ab\u00a0Tu es belle\u00a0\u00bb, \u00ab\u00a0Merci de gu\u00e9rir mes complexes\u00a0\u00bb : les internautes critiquent son monosourcil, ses fans montent au cr\u00e9neau"},"content":{"rendered":"<p>Ils n&rsquo;\u00e9taient qu&rsquo;une particularit\u00e9 physique, ils sont devenus une marque de fabrique. D\u00e9j\u00e0 \u00e0 l&rsquo;\u00e9poque de sa participation \u00e0 la \u00ab\u00a0Star Academy\u00a0\u00bb, Marguerite avait re\u00e7u des critiques <a data-i13n=\"cpos:1;pos:1\" href=\"https:\/\/fr.style.yahoo.com\/j-assez-fi%C3%A8re-marguerite-star-194954931.html\" data-ylk=\"slk:au sujet de ses sourcils;cpos:1;pos:1;elm:context_link;itc:0;sec:content-canvas;outcm:mb_qualified_link;_E:mb_qualified_link;ct:story;\" class=\"link  yahoo-link\" target=\"_blank\" rel=\"noopener\">au sujet de ses sourcils<\/a>, jug\u00e9s trop fournis par bon nombre de personnes qui pensent avoir le monopole du bon go\u00fbt.<\/p>\n<p>Depuis plusieurs jours, la jeune chanteuse cartonne avec son premier single, succ\u00e8s aussi bien sur les plateformes d&rsquo;\u00e9coute que sur YouTube. Le clip du morceau \u00ab\u00a0<a data-i13n=\"cpos:2;pos:1\" href=\"https:\/\/fr.style.yahoo.com\/marguerite-de-la-star-academy-bravo-marguerite-et-bravo-les-lesbiennes-en-tant-que-meuf-queer-ca-fait-du-bien-vraiment-tres-reussi-une-pepite-les-internautes-sous-le-charme-de-son-premier-single-dans-lequel-elle-devoile-preferer-les-filles-094558421.html\" data-ylk=\"slk:Les filles, les meufs;cpos:2;pos:1;elm:context_link;itc:0;sec:content-canvas;outcm:mb_qualified_link;_E:mb_qualified_link;ct:story;\" class=\"link  yahoo-link\" target=\"_blank\" rel=\"noopener\">Les filles, les meufs<\/a>\u00a0\u00bb a d\u00e9j\u00e0 cumul\u00e9 plus de 630 000 vues. Sur les images, Marguerite y appara\u00eet au naturel, sans maquillage, en gros plan. De quoi \u00e9nerver bon nombre d&rsquo;internautes qui lui reprochent sa pilosit\u00e9 faciale.<\/p>\n<p>L&rsquo;incompr\u00e9hension de Marguerite<\/p>\n<p>Invit\u00e9e sur le plateau de \u00ab\u00a0Quotidien\u00a0\u00bb pour pr\u00e9senter son nouveau single, le mardi 29 avril 2025, Marguerite a \u00e9t\u00e9 interrog\u00e9e sur les d\u00e9bats autour de ses sourcils. \u00ab\u00a0C&rsquo;est un sujet pour les gens\u00a0\u00bb, affirme-t-elle, avant d&rsquo;\u00e9voquer son monosourcil avec une certaine tendresse : \u00ab\u00a0Je suis n\u00e9e avec. Sur les photos de moi enfant, on me voit avec un seul sourcil. Aujourd&rsquo;hui, je me sens tr\u00e8s belle comme \u00e7a, j&rsquo;en suis assez fi\u00e8re.\u00a0\u00bb<\/p>\n<p>L&rsquo;occasion pour elle de revendiquer le besoin de sortir des diktats de la beaut\u00e9 : \u00ab\u00a0Je re\u00e7ois des messages de la part de m\u00e8res de famille qui me disent que leurs filles n&rsquo;\u00e9taient plus complex\u00e9es et ne s&rsquo;\u00e9pilaient plus apr\u00e8s m&rsquo;avoir vue\u00a0\u00bb, raconte-t-elle avec fiert\u00e9.<\/p>\n<p>Des critiques sur les r\u00e9seaux sociaux<\/p>\n<p>Marguerite a beau \u00eatre <a data-i13n=\"cpos:3;pos:1\" href=\"https:\/\/fr.style.yahoo.com\/bient%C3%B4t-mode-monosourcil-113200310.html\" data-ylk=\"slk:fi\u00e8re de son monosourcil;cpos:3;pos:1;elm:context_link;itc:0;sec:content-canvas;outcm:mb_qualified_link;_E:mb_qualified_link;ct:story;\" class=\"link  yahoo-link\" target=\"_blank\" rel=\"noopener\">fi\u00e8re de son monosourcil<\/a>, qu&rsquo;elle expose fi\u00e8rement sur les r\u00e9seaux sociaux, elle n&rsquo;en re\u00e7oit pas moins de critiques de la part des internautes. Sur une r\u00e9cente publication, la jeune artiste a partag\u00e9 plusieurs photos de ses sourcils \u00e9bouriff\u00e9s, pour finalement recevoir un vent de critiques et de moqueries.<\/p>\n<p>\u00ab\u00a0Pourquoi elle a les sourcils comme \u00e7a ?\u00a0\u00bb, \u00ab\u00a0C&rsquo;est moche, il faut arr\u00eater\u00a0\u00bb, \u00ab\u00a0C&rsquo;est bon, \u00e9pile-toi\u00a0\u00bb, \u00ab\u00a0C&rsquo;est affreux\u00a0\u00bb, \u00ab\u00a0C&rsquo;est immonde, il faut arr\u00eater un moment, personne n&rsquo;aime \u00e7a\u00a0\u00bb, \u00ab\u00a0J&rsquo;aime bien la chanson mais je suis contre les sourcils\u00a0\u00bb, peut-on notamment lire.<\/p>\n<p>Heureusement, la jeune femme peut compter sur le soutien de ses fans, les Margueritas, qui sont nombreux \u00e0 avoir pris sa d\u00e9fense. \u00ab\u00a0C&rsquo;est quand que le physique d&rsquo;une nana ne sera qu&rsquo;un point de d\u00e9tails ? Cette meuf nous offre une chanson d&rsquo;amour sur les filles et que re\u00e7oit-elle en retour ? Des conseils beaut\u00e9 ou pire des critiques, souvent dispens\u00e9e par ses cons\u0153urs\u00a0\u00bb, affirme l&rsquo;une d&rsquo;elle, \u00e9coeur\u00e9e.<\/p>\n<p>\u00ab\u00a0Tu es belle\u00a0\u00bb, \u00ab\u00a0Comment on fait pour ne pas tomber amoureuse ?\u00a0\u00bb \u00ab\u00a0Merci de gu\u00e9rir mes complexes\u00a0\u00bb : la preuve que sortir du moule fait souvent du bien aux autres.<\/p>\n","protected":false},"excerpt":{"rendered":"Ils n&rsquo;\u00e9taient qu&rsquo;une particularit\u00e9 physique, ils sont devenus une marque de fabrique. D\u00e9j\u00e0 \u00e0 l&rsquo;\u00e9poque de sa participation&hellip;\n","protected":false},"author":2,"featured_media":64594,"comment_status":"","ping_status":"","sticky":false,"template":"","format":"standard","meta":{"footnotes":""},"categories":[1355],"tags":[58,59,1011,27,12184,16394,16393,1361,873,16392,5095],"class_list":{"0":"post-64593","1":"post","2":"type-post","3":"status-publish","4":"format-standard","5":"has-post-thumbnail","7":"category-musique","8":"tag-divertissement","9":"tag-entertainment","10":"tag-fr","11":"tag-france","12":"tag-marguerite","13":"tag-marque-de-fabrique","14":"tag-monosourcil","15":"tag-music","16":"tag-musique","17":"tag-sourcils","18":"tag-star-academy"},"share_on_mastodon":{"url":"https:\/\/pubeurope.com\/@fr\/114427444860022109","error":""},"_links":{"self":[{"href":"https:\/\/www.europesays.com\/fr\/wp-json\/wp\/v2\/posts\/64593","targetHints":{"allow":["GET"]}}],"collection":[{"href":"https:\/\/www.europesays.com\/fr\/wp-json\/wp\/v2\/posts"}],"about":[{"href":"https:\/\/www.europesays.com\/fr\/wp-json\/wp\/v2\/types\/post"}],"author":[{"embeddable":true,"href":"https:\/\/www.europesays.com\/fr\/wp-json\/wp\/v2\/users\/2"}],"replies":[{"embeddable":true,"href":"https:\/\/www.europesays.com\/fr\/wp-json\/wp\/v2\/comments?post=64593"}],"version-history":[{"count":0,"href":"https:\/\/www.europesays.com\/fr\/wp-json\/wp\/v2\/posts\/64593\/revisions"}],"wp:featuredmedia":[{"embeddable":true,"href":"https:\/\/www.europesays.com\/fr\/wp-json\/wp\/v2\/media\/64594"}],"wp:attachment":[{"href":"https:\/\/www.europesays.com\/fr\/wp-json\/wp\/v2\/media?parent=64593"}],"wp:term":[{"taxonomy":"category","embeddable":true,"href":"https:\/\/www.europesays.com\/fr\/wp-json\/wp\/v2\/categories?post=64593"},{"taxonomy":"post_tag","embeddable":true,"href":"https:\/\/www.europesays.com\/fr\/wp-json\/wp\/v2\/tags?post=64593"}],"curies":[{"name":"wp","href":"https:\/\/api.w.org\/{rel}","templated":true}]}}