{"id":645930,"date":"2026-01-07T00:23:10","date_gmt":"2026-01-07T00:23:10","guid":{"rendered":"https:\/\/www.europesays.com\/fr\/645930\/"},"modified":"2026-01-07T00:23:10","modified_gmt":"2026-01-07T00:23:10","slug":"la-commandante-mise-en-examen","status":"publish","type":"post","link":"https:\/\/www.europesays.com\/fr\/645930\/","title":{"rendered":"la commandante mise en examen"},"content":{"rendered":"<p>Apr\u00e8s la mise en examen, en juillet\u00a02023, de quatre policiers de la brigade anticriminalit\u00e9 (Bac) de Marseille pour \u00ab\u00a0violences aggrav\u00e9es\u00a0\u00bb, leur commandante, <a href=\"https:\/\/www.laprovence.com\/article\/faits-divers-justice\/19792051361957\/affaire-hedi-nous-attendons-la-mise-en-examen-de-la-commandante-martele-lavocat-de-la-victime\" target=\"_blank\" rel=\"noopener\">Virginie G., a \u00e9t\u00e9 plac\u00e9e sous contr\u00f4le judiciaire pour non-assistance \u00e0 personne en danger<\/a>.<\/p>\n<p>Prononc\u00e9e courant d\u00e9cembre, plus de deux ans apr\u00e8s les faits, cette mise en examen pourrait ne pas \u00eatre la derni\u00e8re dans ce dossier de violences polici\u00e8res. Elle intervient par ailleurs quelques semaines avant la reconstitution ordonn\u00e9e par la juge d\u2019instruction en charge de faire toute la lumi\u00e8re sur <a href=\"https:\/\/laprovence.com\/article\/faits-divers-justice\/6003428299923315\/info-la-provence-ils-etaient-la-pour-taper-laisse-pour-mort-apres-un-tir-de-flash-ball-hedi-temoigne\" target=\"_blank\" rel=\"noopener\">le passage \u00e0 tabac d\u2019Hedi, 22\u00a0ans<\/a>, perp\u00e9tr\u00e9 dans la nuit du 1er au 2\u00a0juillet\u00a02023 en marge des \u00e9meutes li\u00e9es \u00e0 la mort de Nael, 17\u00a0ans, tu\u00e9 lors d\u2019un contr\u00f4le routier \u00e0 Nanterre.<\/p>\n<p>\u00ab\u00a0Je suis tr\u00e8s surpris par le traitement judiciaire de la commandante\u00a0\u00bb, r\u00e9agit Me Virgile Reynaud, l\u2019avocat de Virginie G. Entendue une premi\u00e8re fois quinze jours apr\u00e8s les faits et plac\u00e9e en garde \u00e0 vue avec sept autres fonctionnaires de police pour \u00ab\u00a0violences en r\u00e9union par personne d\u00e9positaire de l\u2019autorit\u00e9 publique\u00a0\u00bb, l\u2019officier avait alors \u00e9t\u00e9 remise en libert\u00e9 sans qu\u2019aucune charge ne soit retenue \u00e0 son encontre, tout comme trois de ses coll\u00e8gues.<\/p>\n<p>Deux ans plus &#8230;<\/p>\n","protected":false},"excerpt":{"rendered":"Apr\u00e8s la mise en examen, en juillet\u00a02023, de quatre policiers de la brigade anticriminalit\u00e9 (Bac) de Marseille pour&hellip;\n","protected":false},"author":2,"featured_media":645931,"comment_status":"","ping_status":"","sticky":false,"template":"","format":"standard","meta":{"footnotes":""},"categories":[2814],"tags":[5734,1111,11,1102,75179,75178,1777,674,274,1011,27,9464,884,6352,12,5912,1072,882,25],"class_list":{"0":"post-645930","1":"post","2":"type-post","3":"status-publish","4":"format-standard","5":"has-post-thumbnail","7":"category-marseille","8":"tag-5734","9":"tag-actu","10":"tag-actualites","11":"tag-breakingnews","12":"tag-commandante","13":"tag-dhedi","14":"tag-eu","15":"tag-europe","16":"tag-faits-divers-justice","17":"tag-fr","18":"tag-france","19":"tag-lynchage","20":"tag-marseille","21":"tag-mise","22":"tag-news","23":"tag-par","24":"tag-police","25":"tag-provence-alpes-cote-dazur","26":"tag-republique-francaise"},"share_on_mastodon":{"url":"https:\/\/pubeurope.com\/@fr\/115850969266786665","error":""},"_links":{"self":[{"href":"https:\/\/www.europesays.com\/fr\/wp-json\/wp\/v2\/posts\/645930","targetHints":{"allow":["GET"]}}],"collection":[{"href":"https:\/\/www.europesays.com\/fr\/wp-json\/wp\/v2\/posts"}],"about":[{"href":"https:\/\/www.europesays.com\/fr\/wp-json\/wp\/v2\/types\/post"}],"author":[{"embeddable":true,"href":"https:\/\/www.europesays.com\/fr\/wp-json\/wp\/v2\/users\/2"}],"replies":[{"embeddable":true,"href":"https:\/\/www.europesays.com\/fr\/wp-json\/wp\/v2\/comments?post=645930"}],"version-history":[{"count":0,"href":"https:\/\/www.europesays.com\/fr\/wp-json\/wp\/v2\/posts\/645930\/revisions"}],"wp:featuredmedia":[{"embeddable":true,"href":"https:\/\/www.europesays.com\/fr\/wp-json\/wp\/v2\/media\/645931"}],"wp:attachment":[{"href":"https:\/\/www.europesays.com\/fr\/wp-json\/wp\/v2\/media?parent=645930"}],"wp:term":[{"taxonomy":"category","embeddable":true,"href":"https:\/\/www.europesays.com\/fr\/wp-json\/wp\/v2\/categories?post=645930"},{"taxonomy":"post_tag","embeddable":true,"href":"https:\/\/www.europesays.com\/fr\/wp-json\/wp\/v2\/tags?post=645930"}],"curies":[{"name":"wp","href":"https:\/\/api.w.org\/{rel}","templated":true}]}}