{"id":645934,"date":"2026-01-07T00:25:11","date_gmt":"2026-01-07T00:25:11","guid":{"rendered":"https:\/\/www.europesays.com\/fr\/645934\/"},"modified":"2026-01-07T00:25:11","modified_gmt":"2026-01-07T00:25:11","slug":"5-degres-dans-une-ecole-pres-de-lyon-les-parents-a-bout","status":"publish","type":"post","link":"https:\/\/www.europesays.com\/fr\/645934\/","title":{"rendered":"5 degr\u00e9s dans une \u00e9cole pr\u00e8s de Lyon, les parents \u00e0 bout"},"content":{"rendered":"<p>Mauvaise surprise ce lundi 5 d\u00e9cembre 2026, jour de rentr\u00e9e apr\u00e8s les vacances de No\u00ebl, \u00e0 l\u2019\u00e9cole Louis-Pergaud de Jons (nord-est de Lyon). Dans plusieurs classes de cette \u00e9cole qui accueille environ 200 \u00e9l\u00e8ves de la maternelle au primaire, le thermom\u00e8tre n\u2019affichait pas plus de 5 degr\u00e9s,\u00a0\u00ab\u00a0ce n\u2019est pas possible\u00a0\u00bb, t\u00e9moigne un parent d\u2019\u00e9l\u00e8ve. En cause, des salles install\u00e9es dans des b\u00e2timents modulaires, utilis\u00e9s depuis de nombreuses ann\u00e9es.<\/p>\n<p>L&rsquo;\u00e9tablissement est en attente d\u2019agrandissement, la situation reste ainsi tr\u00e8s contrast\u00e9e selon les classes. D\u2019apr\u00e8s les parents d\u2019\u00e9l\u00e8ves, certains enfants sont scolaris\u00e9s dans \u00ab\u00a0des b\u00e2timents en dur\u00a0\u00bb, tandis que d\u2019autres occupent des salles install\u00e9es dans des pr\u00e9fabriqu\u00e9s, utilis\u00e9s en attendant les travaux.<\/p>\n<p>Selon les parents, la situation ne date pas d\u2019hier :\u00a0\u00ab\u00a0en r\u00e9union de rentr\u00e9e, \u00e7a fait plusieurs ann\u00e9es que les enseignants conseillent aux parents \u00e0 ce que les enfants viennent avec des plaids en hiver\u00a0\u00bb, rapportent-ils. \u00ab\u00a0Les classes concern\u00e9es sont dans les pr\u00e9fabriqu\u00e9s. De base, \u00e7a devait \u00eatre temporaire, sauf que \u00e7a fait 10 ans que \u00e7a doit \u00eatre temporaire\u00a0\u00bb, d\u00e9nonce l\u2019un d\u2019eux.<\/p>\n<p>Ces structures poseraient de lourds probl\u00e8mes de r\u00e9gulation thermique, \u00e9t\u00e9 comme hiver.\u00a0\u00bbIls ont install\u00e9 une clim parce que l\u2019\u00e9t\u00e9, c&rsquo;\u00e9tait intenable, sauf que l\u2019hiver, c&rsquo;est aussi intenable parce qu\u2019on demande aux enfants de venir avec des plaids\u00a0\u00bb, poursuit ce parent.<\/p>\n<p><strong>\u00ab\u00a0On r\u00e9cup\u00e8re nos enfants malades\u00a0\u00bb<\/strong><\/p>\n<p>Face au froid, la direction explique que \u00ab\u00a0le personnel a rapidement r\u00e9agi en mettant les \u00e9l\u00e8ves au chaud.\u00a0\u00bb Une solution loin d\u2019\u00eatre id\u00e9ale pour certains. \u00ab\u00a0Ils ont d\u00e9localis\u00e9 les enfants dans un gymnase qui n\u2019\u00e9tait pas non plus chauff\u00e9\u00a0\u00bb, raconte un parent, amer. La col\u00e8re monte d\u2019autant plus que, selon les familles, les \u00e9lus seraient \u00ab\u00a0inform\u00e9s depuis longtemps et ne nous apportent aucune solution. Nous parents d\u2019\u00e9l\u00e8ves, on en a marre.\u00a0\u00bb<\/p>\n<p>Les parents pointent \u00e9galement des cons\u00e9quences directes sur la sant\u00e9 des plus jeunes. \u00ab\u00a0\u00c7a fait plusieurs fois que les enfants tombent malades,\u00a0\u00bb\u00a0s\u2019indigne un parent. Certains d\u00e9noncent aussi des choix budg\u00e9taires incompris. \u00ab\u00a0Il y a eu de gros travaux r\u00e9alis\u00e9s pour une salle des f\u00eates, mais d\u2019un autre c\u00f4t\u00e9 l\u2019\u00e9cole, on la laisse \u00e0 l\u2019abandon\u00a0\u00bb, l\u00e2che un autre. \u00ab\u00a0\u00c7a touche des petits qui ont entre 3 et 5 ans, c\u2019est grave. On r\u00e9cup\u00e8re nos enfants malades et ils nous disent : &lsquo;Maman, papa, aujourd\u2019hui, on a eu froid \u00e0 l\u2019\u00e9cole&rsquo;. Et \u00e7a, ce n\u2019est pas entendable.\u00a0\u00bb<\/p>\n<p><strong>Un oubli de la mairie \u00e0 l\u2019origine du pic de froid<\/strong><\/p>\n<p>D\u2019apr\u00e8s nos informations, si des temp\u00e9ratures inf\u00e9rieures \u00e0 la normale (en dessous de 20 degr\u00e9s) sont r\u00e9guli\u00e8rement constat\u00e9es, le seuil des 5 degr\u00e9s de ce lundi serait exceptionnel. Il serait li\u00e9 \u00e0 un oubli de la mairie. Habituellement, pendant les vacances scolaires, un agent municipal est charg\u00e9 d\u2019activer les chauffages afin de maintenir une temp\u00e9rature minimale dans les classes. Cette intervention n\u2019aurait pas eu lieu cette fois-ci.<\/p>\n<p>La direction de l\u2019\u00e9cole comprend que \u00ab\u00a0les parents sont logiquement mont\u00e9s au cr\u00e9neau\u00a0\u00bb.\u00a0<\/p>\n<p>Des solutions temporaires ont \u00e9t\u00e9 annonc\u00e9es apr\u00e8s un \u00e9change avec la municipalit\u00e9.\u00a0\u00ab\u00a0Je viens de voir l\u2019adjoint au maire. Ils vont mettre des souffleurs superpuissants, normalement d\u00e8s demain (mercredi 7 janvier, jour de repos pour les \u00e9l\u00e8ves, ndlr).\u00a0\u00bb, nous assure la directrice. \u00ab\u00a0D\u00e8s le d\u00e9but d\u2019apr\u00e8s-midi, la temp\u00e9rature normale \u00e9tait revenue.\u00a0\u00bb nous assure cette derni\u00e8re. \u00a0<\/p>\n<p>La direction reconna\u00eet toutefois les limites des installations. \u00ab\u00a0Ce sont des modulaires, un peu plus sophistiqu\u00e9s que des Algeco classiques, mais oui, il y a ce probl\u00e8me d\u2019isolation. Mais vraiment, ces 5 degr\u00e9s, c\u2019\u00e9tait exceptionnel, c\u2019est la premi\u00e8re fois.\u00a0\u00bb<\/p>\n","protected":false},"excerpt":{"rendered":"Mauvaise surprise ce lundi 5 d\u00e9cembre 2026, jour de rentr\u00e9e apr\u00e8s les vacances de No\u00ebl, \u00e0 l\u2019\u00e9cole Louis-Pergaud&hellip;\n","protected":false},"author":2,"featured_media":645935,"comment_status":"","ping_status":"","sticky":false,"template":"","format":"standard","meta":{"footnotes":""},"categories":[1889],"tags":[1111,11,2813,2190,2430,1109,251,1112,2811,1777,674,118,1011,27,1922,1110,1114,2428,2810,12,241,316,25,2812,517,800],"class_list":{"0":"post-645934","1":"post","2":"type-post","3":"status-publish","4":"format-standard","5":"has-post-thumbnail","7":"category-lyon","8":"tag-actu","9":"tag-actualites","10":"tag-article","11":"tag-asvel","12":"tag-auvergne-rhone-alpes","13":"tag-breves","14":"tag-culture","15":"tag-depeches","16":"tag-economique","17":"tag-eu","18":"tag-europe","19":"tag-faits-divers","20":"tag-fr","21":"tag-france","22":"tag-info","23":"tag-informations","24":"tag-infos","25":"tag-lyon","26":"tag-lyonmag","27":"tag-news","28":"tag-ol","29":"tag-politique","30":"tag-republique-francaise","31":"tag-sociale","32":"tag-sport","33":"tag-transports"},"share_on_mastodon":{"url":"https:\/\/pubeurope.com\/@fr\/115850977262165757","error":""},"_links":{"self":[{"href":"https:\/\/www.europesays.com\/fr\/wp-json\/wp\/v2\/posts\/645934","targetHints":{"allow":["GET"]}}],"collection":[{"href":"https:\/\/www.europesays.com\/fr\/wp-json\/wp\/v2\/posts"}],"about":[{"href":"https:\/\/www.europesays.com\/fr\/wp-json\/wp\/v2\/types\/post"}],"author":[{"embeddable":true,"href":"https:\/\/www.europesays.com\/fr\/wp-json\/wp\/v2\/users\/2"}],"replies":[{"embeddable":true,"href":"https:\/\/www.europesays.com\/fr\/wp-json\/wp\/v2\/comments?post=645934"}],"version-history":[{"count":0,"href":"https:\/\/www.europesays.com\/fr\/wp-json\/wp\/v2\/posts\/645934\/revisions"}],"wp:featuredmedia":[{"embeddable":true,"href":"https:\/\/www.europesays.com\/fr\/wp-json\/wp\/v2\/media\/645935"}],"wp:attachment":[{"href":"https:\/\/www.europesays.com\/fr\/wp-json\/wp\/v2\/media?parent=645934"}],"wp:term":[{"taxonomy":"category","embeddable":true,"href":"https:\/\/www.europesays.com\/fr\/wp-json\/wp\/v2\/categories?post=645934"},{"taxonomy":"post_tag","embeddable":true,"href":"https:\/\/www.europesays.com\/fr\/wp-json\/wp\/v2\/tags?post=645934"}],"curies":[{"name":"wp","href":"https:\/\/api.w.org\/{rel}","templated":true}]}}