{"id":645938,"date":"2026-01-07T00:28:12","date_gmt":"2026-01-07T00:28:12","guid":{"rendered":"https:\/\/www.europesays.com\/fr\/645938\/"},"modified":"2026-01-07T00:28:12","modified_gmt":"2026-01-07T00:28:12","slug":"un-episode-neigeux-plus-intense-est-attendu-demain-en-ile-de-france","status":"publish","type":"post","link":"https:\/\/www.europesays.com\/fr\/645938\/","title":{"rendered":"un \u00e9pisode neigeux plus intense est attendu demain en \u00cele-de-France"},"content":{"rendered":"<p>Neige-verglas: un \u00e9pisode neigeux plus intense est attendu demain en \u00cele-de-FranceSur le m\u00eame sujet<a href=\"https:\/\/www.bfmtv.com\/sante\/video-greve-neige-les-services-d-urgences-sont-en-forte-tension-depuis-ce-lundi-avec-plus-de-30-a-50-d-appels-au-samu_VN-202601060758.html\" title=\"Gr\u00e8ve, neige: les services d&#039;urgences sont en forte tension depuis ce lundi avec plus de 30 \u00e0 50% d&#039;appels au Samu\" target=\"_blank\" rel=\"noopener\"><img width=\"16\" height=\"9\" class=\"lozad\"  alt=\"Gr\u00e8ve, neige: les services d'urgences sont en forte tension depuis ce lundi avec plus de 30 \u00e0 50% d'appels au Samu\"\/>2:10Gr\u00e8ve, neige: les services d&rsquo;urgences sont en forte tension depuis ce lundi avec plus de 30 \u00e0 50% d&rsquo;appels au Samu<\/a><a href=\"https:\/\/www.bfmtv.com\/societe\/video-neige-verglas-un-episode-neigeux-plus-intense-est-attendu-demain-en-ile-de-france_VN-202601060753.html\" title=\"Neige-verglas: un \u00e9pisode neigeux plus intense est attendu demain en \u00cele-de-France\" target=\"_blank\" rel=\"noopener\"><img width=\"16\" height=\"9\" class=\"lozad\"  alt=\"Neige-verglas: un \u00e9pisode neigeux plus intense est attendu demain en \u00cele-de-France\"\/>en lectureNeige-verglas: un \u00e9pisode neigeux plus intense est attendu demain en \u00cele-de-France<\/a><a href=\"https:\/\/www.bfmtv.com\/societe\/video-vigilance-orange-pour-neige-et-verglas-a-quoi-faut-il-s-attendre-pour-la-journee-de-ce-mercredi-7-janvier_VN-202601060738.html\" title=\"Vigilance orange pour neige et verglas: \u00e0 quoi faut-il s&#039;attendre pour la journ\u00e9e de ce mercredi 7 janvier? \" target=\"_blank\" rel=\"noopener\"><img width=\"16\" height=\"9\" class=\"lozad\"  alt=\"Vigilance orange pour neige et verglas: \u00e0 quoi faut-il s'attendre pour la journ\u00e9e de ce mercredi 7 janvier? \"\/>1:31Vigilance orange pour neige et verglas: \u00e0 quoi faut-il s&rsquo;attendre pour la journ\u00e9e de ce mercredi 7 janvier?<\/a><a href=\"https:\/\/www.bfmtv.com\/societe\/video-vigilance-orange-en-ile-de-france-comment-les-franciliens-vont-s-organiser-dans-les-transports-face-aux-nouvelles-chutes-de-neige_VN-202601060737.html\" title=\"Vigilance orange en \u00cele-de-France: comment les Franciliens vont s&#039;organiser dans les transports face aux nouvelles chutes de neige\" target=\"_blank\" rel=\"noopener\"><img width=\"16\" height=\"9\" class=\"lozad\"  alt=\"Vigilance orange en \u00cele-de-France: comment les Franciliens vont s'organiser dans les transports face aux nouvelles chutes de neige\"\/>1:32Vigilance orange en \u00cele-de-France: comment les Franciliens vont s&rsquo;organiser dans les transports face aux nouvelles chutes de neige<\/a><a href=\"https:\/\/www.bfmtv.com\/replay-emissions\/bfm-story\/video-marschall-truchot-crans-montana-un-manquement-sur-les-controles-06-01_VN-202601060704.html\" title=\"Marschall Truchot : Crans-Montana, &quot;un manquement sur les contr\u00f4les&quot; - 06\/01\" target=\"_blank\" rel=\"noopener\"><img width=\"16\" height=\"9\" class=\"lozad\"  alt=\"Marschall Truchot : Crans-Montana, &quot;un manquement sur les contr\u00f4les&quot; - 06\/01\"\/>21:17Marschall Truchot : Crans-Montana, \u00ab\u00a0un manquement sur les contr\u00f4les\u00a0\u00bb &#8211; 06\/01<\/a><a href=\"https:\/\/www.bfmtv.com\/replay-emissions\/bfm-story\/video-marschall-truchot-neige-et-verglas-38-departements-en-vigilance-orange-06-01_VN-202601060698.html\" title=\"Marschall Truchot : Neige et verglas, 38 d\u00e9partements en vigilance orange - 06\/01\" target=\"_blank\" rel=\"noopener\"><img width=\"16\" height=\"9\" class=\"lozad\"  alt=\"Marschall Truchot : Neige et verglas, 38 d\u00e9partements en vigilance orange - 06\/01\"\/>40:51Marschall Truchot : Neige et verglas, 38 d\u00e9partements en vigilance orange &#8211; 06\/01<\/a><a href=\"https:\/\/www.bfmtv.com\/societe\/insolite\/video-charente-maritime-une-bataille-de-boules-de-neige-entre-des-policiers-et-des-habitants-de-la-rochelle_VN-202601060668.html\" title=\"Charente-Maritime: une bataille de boules de neige entre des policiers et des habitants de La Rochelle\" target=\"_blank\" rel=\"noopener\"><img width=\"16\" height=\"9\" class=\"lozad\"  alt=\"Charente-Maritime: une bataille de boules de neige entre des policiers et des habitants de La Rochelle\"\/>0:42Charente-Maritime: une bataille de boules de neige entre des policiers et des habitants de La Rochelle<\/a><a href=\"https:\/\/www.bfmtv.com\/grand-lille\/replay-emissions\/bonjour-lille\/video-en-greve-des-medecins-s-exilent-en-belgique_VN-202601060382.html\" title=\"En gr\u00e8ve, des m\u00e9decins s&#039;exilent... en Belgique.\" target=\"_blank\" rel=\"noopener\"><img width=\"16\" height=\"9\" class=\"lozad\"  alt=\"En gr\u00e8ve, des m\u00e9decins s'exilent... en Belgique.\"\/>1:09En gr\u00e8ve, des m\u00e9decins s&rsquo;exilent&#8230; en Belgique.<\/a><a href=\"https:\/\/www.bfmtv.com\/societe\/video-philippe-tabarot-ministre-des-transports-appelle-a-reduire-le-nombre-de-deplacements-avant-le-nouvel-episode-neigeux-attendu-entre-mardi-soir-et-mercredi_VN-202601060344.html\" title=\"Philippe Tabarot, ministre des Transports, appelle \u00e0 &quot;r\u00e9duire le nombre de d\u00e9placements&quot; avant le nouvel \u00e9pisode neigeux attendu entre mardi soir et mercredi\" target=\"_blank\" rel=\"noopener\"><img width=\"16\" height=\"9\" class=\"lozad\"  alt=\"Philippe Tabarot, ministre des Transports, appelle \u00e0 &quot;r\u00e9duire le nombre de d\u00e9placements&quot; avant le nouvel \u00e9pisode neigeux attendu entre mardi soir et mercredi\"\/>0:51Philippe Tabarot, ministre des Transports, appelle \u00e0 \u00ab\u00a0r\u00e9duire le nombre de d\u00e9placements\u00a0\u00bb avant le nouvel \u00e9pisode neigeux attendu entre mardi soir et mercredi<\/a><a href=\"https:\/\/www.bfmtv.com\/meteo\/neige\/video-j-ai-essaye-de-faire-cours-dans-ma-salle-c-etait-impossible-pas-plus-de-6-c-dans-des-salles-de-classe-d-un-college-de-pantin_VN-202601060336.html\" title=\" &quot;J&#039;ai essay\u00e9 de faire cours dans ma salle, c&#039;\u00e9tait impossible&quot;: pas plus de 6\u00b0C dans des salles de classe d&#039;un coll\u00e8ge de Pantin \" target=\"_blank\" rel=\"noopener\"><img width=\"16\" height=\"9\" class=\"lozad\"  alt=\" &quot;J'ai essay\u00e9 de faire cours dans ma salle, c'\u00e9tait impossible&quot;: pas plus de 6\u00b0C dans des salles de classe d'un coll\u00e8ge de Pantin \"\/>1:16&Prime;J&rsquo;ai essay\u00e9 de faire cours dans ma salle, c&rsquo;\u00e9tait impossible\u00a0\u00bb: pas plus de 6\u00b0C dans des salles de classe d&rsquo;un coll\u00e8ge de Pantin<\/a><a href=\"https:\/\/www.bfmtv.com\/sante\/video-certains-medecins-en-greve-s-exilent-en-belgique-pour-ne-pas-etre-requisitionnes_VN-202601060160.html\" title=\"Certains m\u00e9decins en gr\u00e8ve s&#039;exilent en Belgique pour ne pas \u00eatre r\u00e9quisitionn\u00e9s \" target=\"_blank\" rel=\"noopener\"><img width=\"16\" height=\"9\" class=\"lozad\"  alt=\"Certains m\u00e9decins en gr\u00e8ve s'exilent en Belgique pour ne pas \u00eatre r\u00e9quisitionn\u00e9s \"\/>1:09Certains m\u00e9decins en gr\u00e8ve s&rsquo;exilent en Belgique pour ne pas \u00eatre r\u00e9quisitionn\u00e9s<\/a><a href=\"https:\/\/www.bfmtv.com\/societe\/video-neige-une-vitesse-limitee-a-80-km-h-pour-les-poids-lourds-en-ile-de-france_VN-202601060147.html\" title=\"Neige: une vitesse limit\u00e9e \u00e0 80 km\/h pour les poids lourds en \u00cele-de-France\" target=\"_blank\" rel=\"noopener\"><img width=\"16\" height=\"9\" class=\"lozad\"  alt=\"Neige: une vitesse limit\u00e9e \u00e0 80 km\/h pour les poids lourds en \u00cele-de-France\"\/>1:44Neige: une vitesse limit\u00e9e \u00e0 80 km\/h pour les poids lourds en \u00cele-de-France<\/a><a href=\"https:\/\/www.bfmtv.com\/politique\/video-edito-les-convois-de-tracteurs-interdits-dans-une-partie-du-pays_VN-202601060112.html\" title=\"\u00c9DITO - Le gouvernement va faire face \u00e0 un calendrier explosif sur les questions agricoles, alors que la col\u00e8re des agriculteurs ne diminue pas\" target=\"_blank\" rel=\"noopener\"><img width=\"16\" height=\"9\" class=\"lozad\"  alt=\"\u00c9DITO - Le gouvernement va faire face \u00e0 un calendrier explosif sur les questions agricoles, alors que la col\u00e8re des agriculteurs ne diminue pas\"\/>2:36\u00c9DITO &#8211; Le gouvernement va faire face \u00e0 un calendrier explosif sur les questions agricoles, alors que la col\u00e8re des agriculteurs ne diminue pas<\/a><a href=\"https:\/\/www.bfmtv.com\/societe\/video-neige-verglas-les-conseils-d-eric-gallardo-professionnel-du-pilotage-automobile-sur-glace-pour-conduire-en-securite_VN-202601050906.html\" title=\"Neige-verglas: les conseils d&#039;\u00c9ric Gallardo, professionnel du pilotage automobile sur glace, pour conduire en s\u00e9curit\u00e9\" target=\"_blank\" rel=\"noopener\"><img width=\"16\" height=\"9\" class=\"lozad\"  alt=\"Neige-verglas: les conseils d'\u00c9ric Gallardo, professionnel du pilotage automobile sur glace, pour conduire en s\u00e9curit\u00e9\"\/>1:16Neige-verglas: les conseils d&rsquo;\u00c9ric Gallardo, professionnel du pilotage automobile sur glace, pour conduire en s\u00e9curit\u00e9<\/a><a class=\"jumpToVideo\" target=\"_blank\"><img class=\"thumbnailPreview\"\/><\/a><\/p>\n","protected":false},"excerpt":{"rendered":"Neige-verglas: un \u00e9pisode neigeux plus intense est attendu demain en \u00cele-de-FranceSur le m\u00eame sujet2:10Gr\u00e8ve, neige: les services d&rsquo;urgences&hellip;\n","protected":false},"author":2,"featured_media":645939,"comment_status":"","ping_status":"","sticky":false,"template":"","format":"standard","meta":{"footnotes":""},"categories":[1592],"tags":[1111,11,1777,674,1011,27,662,12,626,25],"class_list":{"0":"post-645938","1":"post","2":"type-post","3":"status-publish","4":"format-standard","5":"has-post-thumbnail","7":"category-ile-de-france","8":"tag-actu","9":"tag-actualites","10":"tag-eu","11":"tag-europe","12":"tag-fr","13":"tag-france","14":"tag-ile-de-france","15":"tag-news","16":"tag-paris","17":"tag-republique-francaise"},"share_on_mastodon":{"url":"https:\/\/pubeurope.com\/@fr\/115850989059138448","error":""},"_links":{"self":[{"href":"https:\/\/www.europesays.com\/fr\/wp-json\/wp\/v2\/posts\/645938","targetHints":{"allow":["GET"]}}],"collection":[{"href":"https:\/\/www.europesays.com\/fr\/wp-json\/wp\/v2\/posts"}],"about":[{"href":"https:\/\/www.europesays.com\/fr\/wp-json\/wp\/v2\/types\/post"}],"author":[{"embeddable":true,"href":"https:\/\/www.europesays.com\/fr\/wp-json\/wp\/v2\/users\/2"}],"replies":[{"embeddable":true,"href":"https:\/\/www.europesays.com\/fr\/wp-json\/wp\/v2\/comments?post=645938"}],"version-history":[{"count":0,"href":"https:\/\/www.europesays.com\/fr\/wp-json\/wp\/v2\/posts\/645938\/revisions"}],"wp:featuredmedia":[{"embeddable":true,"href":"https:\/\/www.europesays.com\/fr\/wp-json\/wp\/v2\/media\/645939"}],"wp:attachment":[{"href":"https:\/\/www.europesays.com\/fr\/wp-json\/wp\/v2\/media?parent=645938"}],"wp:term":[{"taxonomy":"category","embeddable":true,"href":"https:\/\/www.europesays.com\/fr\/wp-json\/wp\/v2\/categories?post=645938"},{"taxonomy":"post_tag","embeddable":true,"href":"https:\/\/www.europesays.com\/fr\/wp-json\/wp\/v2\/tags?post=645938"}],"curies":[{"name":"wp","href":"https:\/\/api.w.org\/{rel}","templated":true}]}}